{"id":987,"date":"2015-09-22T11:05:58","date_gmt":"2015-09-22T09:05:58","guid":{"rendered":"http:\/\/blog.jena.de\/strassenbaubeitraege\/?p=987"},"modified":"2015-09-23T09:46:43","modified_gmt":"2015-09-23T07:46:43","slug":"ueber-die-unterschiede-zwischen-instandhaltung-verbesserung-und-grundhafter-erneuerung-einer-strasse-teil-2","status":"publish","type":"post","link":"https:\/\/blog.jena.de\/strassenbaubeitraege\/2015\/09\/22\/ueber-die-unterschiede-zwischen-instandhaltung-verbesserung-und-grundhafter-erneuerung-einer-strasse-teil-2\/","title":{"rendered":"\u00dcber die Unterschiede zwischen Instandhaltung, Verbesserung und grundhafter Erneuerung einer Stra\u00dfe (Teil 2)"},"content":{"rendered":"<figure id=\"attachment_988\" aria-describedby=\"caption-attachment-988\" style=\"width: 520px\" class=\"wp-caption aligncenter\"><a href=\"http:\/\/blog.jena.de\/strassenbaubeitraege\/wp-content\/uploads\/sites\/11\/2015\/09\/Kleinere-Tiefbauarbeiten-Foto-\u00a9-Stadt-Jena-KSJ.jpg\"><img loading=\"lazy\" decoding=\"async\" class=\"wp-image-988 size-full\" src=\"http:\/\/blog.jena.de\/strassenbaubeitraege\/wp-content\/uploads\/sites\/11\/2015\/09\/Kleinere-Tiefbauarbeiten-Foto-\u00a9-Stadt-Jena-KSJ.jpg\" alt=\"Kleinere Tiefbauarbeiten - Foto \u00a9 Stadt Jena KSJ\" width=\"520\" height=\"300\" srcset=\"https:\/\/blog.jena.de\/strassenbaubeitraege\/wp-content\/uploads\/sites\/11\/2015\/09\/Kleinere-Tiefbauarbeiten-Foto-\u00a9-Stadt-Jena-KSJ.jpg 520w, https:\/\/blog.jena.de\/strassenbaubeitraege\/wp-content\/uploads\/sites\/11\/2015\/09\/Kleinere-Tiefbauarbeiten-Foto-\u00a9-Stadt-Jena-KSJ-500x288.jpg 500w\" sizes=\"auto, (max-width: 520px) 100vw, 520px\" \/><\/a><figcaption id=\"caption-attachment-988\" class=\"wp-caption-text\">Kleinere Tiefbauarbeiten &#8211; Foto \u00a9 Stadt Jena KSJ<\/figcaption><\/figure>\n<p><strong>[<a href=\"http:\/\/blog.jena.de\/strassenbaubeitraege\/2015\/07\/15\/ueber-die-unterschiede-zwischen-instandhaltung-verbesserung-und-grundhafter-erneuerung-einer-strasse-teil-1\/\">FORTSETZUNG VON TEIL 1<\/a>]<\/strong> Vor Kurzem hatten wir darauf hingewiesen, dass in Internetforen gelegentlich Gedanken ge\u00e4u\u00dfert und diskutiert werden, die, obwohl nur Behauptungen, sich schnell als &#8222;Fakten&#8220; etablieren und weitergetragen werden. Hin und wieder wird sogar davon ausgegangen, dass sie alleine schon deshalb der &#8222;Wahrheit&#8220; entsprechen, weil die Stadt Jena hierauf nicht reagiert oder Dinge aus ihrer Sicht kommentiert.<\/p>\n<p>Wenn es um Kommunalabgaben geht, ist eine oft ge\u00e4u\u00dferte Annahme die &#8211; aus Sicht der Stadt Jena angenommene &#8211; &#8222;Unsinnigkeit&#8220;, eine Stra\u00dfe zu \u00f6ffnen, dort z.B. einen Abwasserkanal zu ersetzen und die Stra\u00dfe f\u00fcr die Anlieger beitragsfrei wieder zu verschlie\u00dfen. Wie berichtet, ist eine gesonderte Entscheidung des Stadtrates (oder der von ihm bevollm\u00e4chtigten Aussch\u00fcsse) f\u00fcr oder gegen eine beitragspflichtige Ma\u00dfnahme weder vorgeschrieben noch bindend. Gleichwohl bringt der Kommunalservice entsprechende Beschl\u00fcsse ein, damit sich die Stadtr\u00e4te mit der Ma\u00dfnahmen an sich und ihren beitragsrechtlichen Auswirkungen befassen k\u00f6nnen. Ebenso k\u00f6nnen auf diesem Wege strategische Entscheidungen zur zeitlichen Priorit\u00e4t von Ma\u00dfnahmen getroffen werden. (&#8230;wird fortgesetzt&#8230;)<\/p>\n","protected":false},"excerpt":{"rendered":"<p>[FORTSETZUNG VON TEIL 1] Vor Kurzem hatten wir darauf hingewiesen, dass in Internetforen gelegentlich Gedanken ge\u00e4u\u00dfert und diskutiert werden, die, obwohl nur Behauptungen,&hellip;<\/p>\n","protected":false},"author":12,"featured_media":988,"comment_status":"open","ping_status":"closed","sticky":false,"template":"","format":"standard","meta":{"footnotes":""},"categories":[4,1],"tags":[],"class_list":["post-987","post","type-post","status-publish","format-standard","has-post-thumbnail","hentry","category-beitragserhebung","category-allgemein"],"_links":{"self":[{"href":"https:\/\/blog.jena.de\/strassenbaubeitraege\/wp-json\/wp\/v2\/posts\/987","targetHints":{"allow":["GET"]}}],"collection":[{"href":"https:\/\/blog.jena.de\/strassenbaubeitraege\/wp-json\/wp\/v2\/posts"}],"about":[{"href":"https:\/\/blog.jena.de\/strassenbaubeitraege\/wp-json\/wp\/v2\/types\/post"}],"author":[{"embeddable":true,"href":"https:\/\/blog.jena.de\/strassenbaubeitraege\/wp-json\/wp\/v2\/users\/12"}],"replies":[{"embeddable":true,"href":"https:\/\/blog.jena.de\/strassenbaubeitraege\/wp-json\/wp\/v2\/comments?post=987"}],"version-history":[{"count":3,"href":"https:\/\/blog.jena.de\/strassenbaubeitraege\/wp-json\/wp\/v2\/posts\/987\/revisions"}],"predecessor-version":[{"id":1002,"href":"https:\/\/blog.jena.de\/strassenbaubeitraege\/wp-json\/wp\/v2\/posts\/987\/revisions\/1002"}],"wp:featuredmedia":[{"embeddable":true,"href":"https:\/\/blog.jena.de\/strassenbaubeitraege\/wp-json\/wp\/v2\/media\/988"}],"wp:attachment":[{"href":"https:\/\/blog.jena.de\/strassenbaubeitraege\/wp-json\/wp\/v2\/media?parent=987"}],"wp:term":[{"taxonomy":"category","embeddable":true,"href":"https:\/\/blog.jena.de\/strassenbaubeitraege\/wp-json\/wp\/v2\/categories?post=987"},{"taxonomy":"post_tag","embeddable":true,"href":"https:\/\/blog.jena.de\/strassenbaubeitraege\/wp-json\/wp\/v2\/tags?post=987"}],"curies":[{"name":"wp","href":"https:\/\/api.w.org\/{rel}","templated":true}]}}