{"id":914,"date":"2015-07-16T12:16:58","date_gmt":"2015-07-16T10:16:58","guid":{"rendered":"http:\/\/blog.jena.de\/strassenbaubeitraege\/?p=914"},"modified":"2015-07-16T12:16:58","modified_gmt":"2015-07-16T10:16:58","slug":"im-kraehmer-anmerkungen-zu-einem-kommentar-von-otz-redakteur-frank-doebert-in-der-ostthueringer-zeitung","status":"publish","type":"post","link":"https:\/\/blog.jena.de\/strassenbaubeitraege\/2015\/07\/16\/im-kraehmer-anmerkungen-zu-einem-kommentar-von-otz-redakteur-frank-doebert-in-der-ostthueringer-zeitung\/","title":{"rendered":"&#8222;Im Kr\u00e4hmer&#8220;: Anmerkungen zu einem Kommentar von OTZ-Redakteur Frank D\u00f6bert in der Ostth\u00fcringer Zeitung"},"content":{"rendered":"<figure id=\"attachment_915\" aria-describedby=\"caption-attachment-915\" style=\"width: 520px\" class=\"wp-caption aligncenter\"><a href=\"http:\/\/blog.jena.de\/strassenbaubeitraege\/wp-content\/uploads\/sites\/11\/2015\/07\/Die-schmale-Strasse-Im-Kraehmer-in-Jena-Woellnitz-Foto-\u00a9-Stadt-Jena-KSJ.jpg\"><img loading=\"lazy\" decoding=\"async\" class=\"wp-image-915 size-full\" src=\"http:\/\/blog.jena.de\/strassenbaubeitraege\/wp-content\/uploads\/sites\/11\/2015\/07\/Die-schmale-Strasse-Im-Kraehmer-in-Jena-Woellnitz-Foto-\u00a9-Stadt-Jena-KSJ.jpg\" alt=\"Die schmale Strasse Im Kraehmer in Jena Woellnitz - Foto \u00a9 Stadt Jena KSJ\" width=\"520\" height=\"300\" srcset=\"https:\/\/blog.jena.de\/strassenbaubeitraege\/wp-content\/uploads\/sites\/11\/2015\/07\/Die-schmale-Strasse-Im-Kraehmer-in-Jena-Woellnitz-Foto-\u00a9-Stadt-Jena-KSJ.jpg 520w, https:\/\/blog.jena.de\/strassenbaubeitraege\/wp-content\/uploads\/sites\/11\/2015\/07\/Die-schmale-Strasse-Im-Kraehmer-in-Jena-Woellnitz-Foto-\u00a9-Stadt-Jena-KSJ-500x288.jpg 500w\" sizes=\"auto, (max-width: 520px) 100vw, 520px\" \/><\/a><figcaption id=\"caption-attachment-915\" class=\"wp-caption-text\">Die schmale Stra\u00dfe &#8222;Im Kr\u00e4hmer&#8220; in Jena-W\u00f6llnitz &#8211; Foto \u00a9 Stadt Jena KSJ<\/figcaption><\/figure>\n<p>In der Ostth\u00fcringer Zeitung <a href=\"http:\/\/jena.otz.de\/web\/jena\/startseite\/detail\/-\/specific\/Bauen-auf-Vertrauensbasis-Frank-Doebert-ueber-einen-Strassenbau-ohne-und-mit-Ae-1585562441\" target=\"_blank\">schreibt deren Redakteur Frank D\u00f6bert \u00fcber die Stra\u00dfe &#8222;Im Kr\u00e4hmer&#8220; in einem Kommentar <\/a>u.a. (Zitat): <em>&#8222;In W\u00f6llnitz (&#8230;) f\u00e4llt es derzeit den Bewohnern schwer, an den Sinn des grundhaften Ausbaues einer schmalen Anliegerstra\u00dfe Im Kr\u00e4hmer zu glauben. (&#8230;) Es fallen Ausbaubeitr\u00e4ge an, andererseits macht die Anwohner misstrauisch, wenn KSJ betont, die Stadtwerke wollten dort bauen, und die Stadtwerke ihrerseits sagen, nein, KSJ wolle das. Ende vom Lied: Die Vertrauensbasis ist erst mal verbaut.&#8220;<\/em><\/p>\n<p style=\"text-align: center\"><span style=\"text-decoration: underline\">Hierauf einige Anmerkungen:<\/span><\/p>\n<p>Hinsichtlich der Stra\u00dfe ist zu sagen, dass es Anwohner nat\u00fcrlich misstrauisch macht, wenn der KSJ betont, die Stadtwerke wollten dort bauen, und die Stadtwerke ihrerseits sagen, nein, KSJ wolle das. Fakt ist aber, dass der KSJ von sich aus \u00fcberhaupt kein Interesse hat, die Stra\u00dfe &#8222;Im Kr\u00e4hmer&#8220; grundhaft (und damit beitragspflichtig) zu erneuern. Sowohl die Abteilungsleiterin Strategie und Planung des KSJ, Frau Bergner, als auch ich haben dies bei der Ortsteilratssitzung im Juni eindeutig erkl\u00e4rt.<\/p>\n<figure id=\"attachment_916\" aria-describedby=\"caption-attachment-916\" style=\"width: 240px\" class=\"wp-caption alignright\"><a href=\"http:\/\/blog.jena.de\/strassenbaubeitraege\/wp-content\/uploads\/sites\/11\/2015\/07\/Abfliessendes-Oberflaechenwasser-in-der-Strasse-Im-Kraehmer-Foto-\u00a9-Stadt-Jena-KSJ.jpg\"><img loading=\"lazy\" decoding=\"async\" class=\"wp-image-916 size-full\" src=\"http:\/\/blog.jena.de\/strassenbaubeitraege\/wp-content\/uploads\/sites\/11\/2015\/07\/Abfliessendes-Oberflaechenwasser-in-der-Strasse-Im-Kraehmer-Foto-\u00a9-Stadt-Jena-KSJ.jpg\" alt=\"Abfliessendes Oberflaechenwasser in der Strasse Im Kraehmer - Foto \u00a9 Stadt Jena KSJ\" width=\"240\" height=\"500\" \/><\/a><figcaption id=\"caption-attachment-916\" class=\"wp-caption-text\">Abflie\u00dfendes Oberfl\u00e4chenwasser in der Stra\u00dfe &#8222;Im Kr\u00e4hmer&#8220; &#8211; Foto \u00a9 Stadt Jena KSJ<\/figcaption><\/figure>\n<p>Grundlage f\u00fcr den im Stadtentwicklungsausschuss eingebrachten Absichtsbeschluss war ein Schreibend des Wasser\/Abwasser Zweckverbandes vom Juni 2014. Von dieser Seite teilte man der Stadt Jena (resp. dem KSJ) mit, dass die Stra\u00dfe &#8222;Im Kr\u00e4hmer&#8220; von JenaWasser ge\u00f6ffnet wird, um dort einen Regenwasserkanal zu bauen. Es wurde gefordert, dass die Stadt mit einsteigen und dort ebenso einen (nach dem Th\u00fcringer Kommunalabgabengesetz \/ Th\u00fcrKAG beitragspflichtigen) Stra\u00dfenentw\u00e4sserungskanal bauen muss; soweit das Schreiben von JenaWasser. Wenn in eine so schmale Stra\u00dfe eingegriffen wird und dort gleich zwei Kan\u00e4le nebeneinander eingebaut werden, dann sind die Bauarbeiten, die dort stattfinden nicht mehr mit Instandhaltung gleichzusetzen, sondern nach Th\u00fcrKAG eine Verbesserung und l\u00f6sen Beitragspflichten aus.<\/p>\n<p>JenaWasser ist Zweckverband f\u00fcr 25 St\u00e4dte und Gemeinden in Jena und der Region und Betriebsf\u00fchrer von JenaWasser sind die Stadtwerke Energie Jena-P\u00f6\u00dfneck. Weshalb es gegen\u00fcber der Ortsteilb\u00fcrgermeisterin von W\u00f6llnitz von Seiten der Stadtwerke zu der \u00c4u\u00dferung kam <em>&#8222;&#8230;nein&#8230;KSJ will das&#8220;<\/em> ist mir pers\u00f6nlich nicht bekannt. Der Kommunalservice hat der Ortsteilb\u00fcrgermeisterin aber umgehend das entsprechende Schreiben aus dem Jahre 2014 zugesandt, um die Dinge ein wenig in helleres Licht zu r\u00fccken.<\/p>\n<p>Noch einmal: Wenn die Stadtwerke resp. JenaWasser &#8222;Im Kr\u00e4hmer&#8220; keinen Regenentw\u00e4sserungskanal bauen, hat die Stadt Jena nach heutigem Stand mittel- und m\u00f6glicherweise sogar langfristig keine Veranlassung, die Stra\u00dfe dort beitragspflichtig herzustellen.<\/p>\n<p>gez.<br \/>\nRainer Sauer<br \/>\nAbteilungsleiter Beitr\u00e4ge im Kommunalservice Jena<\/p>\n","protected":false},"excerpt":{"rendered":"<p>In der Ostth\u00fcringer Zeitung schreibt deren Redakteur Frank D\u00f6bert \u00fcber die Stra\u00dfe &#8222;Im Kr\u00e4hmer&#8220; in einem Kommentar u.a. (Zitat): &#8222;In W\u00f6llnitz (&#8230;) f\u00e4llt&hellip;<\/p>\n","protected":false},"author":12,"featured_media":915,"comment_status":"open","ping_status":"closed","sticky":false,"template":"","format":"standard","meta":{"footnotes":""},"categories":[4],"tags":[],"class_list":["post-914","post","type-post","status-publish","format-standard","has-post-thumbnail","hentry","category-beitragserhebung"],"_links":{"self":[{"href":"https:\/\/blog.jena.de\/strassenbaubeitraege\/wp-json\/wp\/v2\/posts\/914","targetHints":{"allow":["GET"]}}],"collection":[{"href":"https:\/\/blog.jena.de\/strassenbaubeitraege\/wp-json\/wp\/v2\/posts"}],"about":[{"href":"https:\/\/blog.jena.de\/strassenbaubeitraege\/wp-json\/wp\/v2\/types\/post"}],"author":[{"embeddable":true,"href":"https:\/\/blog.jena.de\/strassenbaubeitraege\/wp-json\/wp\/v2\/users\/12"}],"replies":[{"embeddable":true,"href":"https:\/\/blog.jena.de\/strassenbaubeitraege\/wp-json\/wp\/v2\/comments?post=914"}],"version-history":[{"count":1,"href":"https:\/\/blog.jena.de\/strassenbaubeitraege\/wp-json\/wp\/v2\/posts\/914\/revisions"}],"predecessor-version":[{"id":917,"href":"https:\/\/blog.jena.de\/strassenbaubeitraege\/wp-json\/wp\/v2\/posts\/914\/revisions\/917"}],"wp:featuredmedia":[{"embeddable":true,"href":"https:\/\/blog.jena.de\/strassenbaubeitraege\/wp-json\/wp\/v2\/media\/915"}],"wp:attachment":[{"href":"https:\/\/blog.jena.de\/strassenbaubeitraege\/wp-json\/wp\/v2\/media?parent=914"}],"wp:term":[{"taxonomy":"category","embeddable":true,"href":"https:\/\/blog.jena.de\/strassenbaubeitraege\/wp-json\/wp\/v2\/categories?post=914"},{"taxonomy":"post_tag","embeddable":true,"href":"https:\/\/blog.jena.de\/strassenbaubeitraege\/wp-json\/wp\/v2\/tags?post=914"}],"curies":[{"name":"wp","href":"https:\/\/api.w.org\/{rel}","templated":true}]}}