{"id":877,"date":"2015-07-10T11:17:44","date_gmt":"2015-07-10T09:17:44","guid":{"rendered":"http:\/\/blog.jena.de\/strassenbaubeitraege\/?p=877"},"modified":"2016-05-18T14:32:45","modified_gmt":"2016-05-18T12:32:45","slug":"die-informationsveranstaltungen-des-ksj-zur-erfurter-strasse-zur-strasse-muehltal-und-zur-loebstedter-strasse","status":"publish","type":"post","link":"https:\/\/blog.jena.de\/strassenbaubeitraege\/2015\/07\/10\/die-informationsveranstaltungen-des-ksj-zur-erfurter-strasse-zur-strasse-muehltal-und-zur-loebstedter-strasse\/","title":{"rendered":"Die Informationsveranstaltungen des KSJ zur &#8222;Erfurter Stra\u00dfe&#8220;, zur Stra\u00dfe &#8222;M\u00fchltal&#8220; und zur &#8222;L\u00f6bstedter Stra\u00dfe&#8220;"},"content":{"rendered":"<figure id=\"attachment_878\" aria-describedby=\"caption-attachment-878\" style=\"width: 520px\" class=\"wp-caption aligncenter\"><a href=\"http:\/\/blog.jena.de\/strassenbaubeitraege\/wp-content\/uploads\/sites\/11\/2015\/07\/Buergerinformationsveranstaltung-des-KSJ-in-der-Loebstedter-Strasse-68-Symbolbild-\u00a9-Stadt-Jena-KSJ.jpg\"><img loading=\"lazy\" decoding=\"async\" class=\"wp-image-878 size-full\" src=\"http:\/\/blog.jena.de\/strassenbaubeitraege\/wp-content\/uploads\/sites\/11\/2015\/07\/Buergerinformationsveranstaltung-des-KSJ-in-der-Loebstedter-Strasse-68-Symbolbild-\u00a9-Stadt-Jena-KSJ.jpg\" alt=\"Buergerinformationsveranstaltung des KSJ in der Loebstedter Strasse 68 - Symbolbild \u00a9 Stadt Jena KSJ\" width=\"520\" height=\"300\" srcset=\"https:\/\/blog.jena.de\/strassenbaubeitraege\/wp-content\/uploads\/sites\/11\/2015\/07\/Buergerinformationsveranstaltung-des-KSJ-in-der-Loebstedter-Strasse-68-Symbolbild-\u00a9-Stadt-Jena-KSJ.jpg 520w, https:\/\/blog.jena.de\/strassenbaubeitraege\/wp-content\/uploads\/sites\/11\/2015\/07\/Buergerinformationsveranstaltung-des-KSJ-in-der-Loebstedter-Strasse-68-Symbolbild-\u00a9-Stadt-Jena-KSJ-500x288.jpg 500w\" sizes=\"auto, (max-width: 520px) 100vw, 520px\" \/><\/a><figcaption id=\"caption-attachment-878\" class=\"wp-caption-text\">B\u00fcrgerinformationsveranstaltung des KSJ in der L\u00f6bstedter Strasse 68 &#8211; Symbolbild \u00a9 Stadt Jena KSJ<\/figcaption><\/figure>\n<p>Am 06. und 07.07.2015 fanden Informationsveranstaltungen des des Kommunalservice Jena (KSJ) zum geplanten Stra\u00dfenbau und den beitragsrechtlichen Fragen der Stra\u00dfen &#8222;Erfurter Stra\u00dfe&#8220;, &#8222;M\u00fchltal&#8220; und &#8222;L\u00f6bstedter Stra\u00dfe&#8220; statt. Hierbei wurden die bevorstehenden Projekte u.a.vom Leiter der <a href=\"http:\/\/www.ksj.jena.de\/sixcms\/detail.php?id=190008&amp;_nav_id1=186129&amp;_nav_id2=186135&amp;_lang=de\" target=\"_blank\">Abteilung Bau- und Qualit\u00e4tsmanagement<\/a>, Herrn Steffen Schulz sowie der Leiterin der <a href=\"http:\/\/www.ksj.jena.de\/sixcms\/detail.php?id=188421&amp;_nav_id1=186129&amp;_nav_id2=186133&amp;_lang=de\" target=\"_blank\">Abteilung Strategie und Planung<\/a>, Frau Regina Bergner vorgestellt. Der Abteilungsleiter Beitr\u00e4ge im KSJ, Herr Rainer Sauer,erl\u00e4uterte die beitragsrechtlichen Aspekte der Ma\u00dfnahmen.<\/p>\n<p style=\"text-align: center\"><span style=\"text-decoration: underline\">Und so soll der Bauablauf sein:<\/span><\/p>\n<figure id=\"attachment_892\" aria-describedby=\"caption-attachment-892\" style=\"width: 520px\" class=\"wp-caption aligncenter\"><a href=\"http:\/\/blog.jena.de\/strassenbaubeitraege\/wp-content\/uploads\/sites\/11\/2015\/07\/Ausbauplanung-zur-Erfurter-Strasse-Foto-\u00a9-Stadt-Jena-KSJ.jpg\"><img loading=\"lazy\" decoding=\"async\" class=\"wp-image-892\" src=\"http:\/\/blog.jena.de\/strassenbaubeitraege\/wp-content\/uploads\/sites\/11\/2015\/07\/Ausbauplanung-zur-Erfurter-Strasse-Foto-\u00a9-Stadt-Jena-KSJ.jpg\" alt=\"Ausbauplanung zur Erfurter Strasse - Foto \u00a9 Stadt Jena KSJ\" width=\"520\" height=\"200\" srcset=\"https:\/\/blog.jena.de\/strassenbaubeitraege\/wp-content\/uploads\/sites\/11\/2015\/07\/Ausbauplanung-zur-Erfurter-Strasse-Foto-\u00a9-Stadt-Jena-KSJ.jpg 1040w, https:\/\/blog.jena.de\/strassenbaubeitraege\/wp-content\/uploads\/sites\/11\/2015\/07\/Ausbauplanung-zur-Erfurter-Strasse-Foto-\u00a9-Stadt-Jena-KSJ-500x192.jpg 500w, https:\/\/blog.jena.de\/strassenbaubeitraege\/wp-content\/uploads\/sites\/11\/2015\/07\/Ausbauplanung-zur-Erfurter-Strasse-Foto-\u00a9-Stadt-Jena-KSJ-768x295.jpg 768w, https:\/\/blog.jena.de\/strassenbaubeitraege\/wp-content\/uploads\/sites\/11\/2015\/07\/Ausbauplanung-zur-Erfurter-Strasse-Foto-\u00a9-Stadt-Jena-KSJ-1000x385.jpg 1000w, https:\/\/blog.jena.de\/strassenbaubeitraege\/wp-content\/uploads\/sites\/11\/2015\/07\/Ausbauplanung-zur-Erfurter-Strasse-Foto-\u00a9-Stadt-Jena-KSJ-600x231.jpg 600w\" sizes=\"auto, (max-width: 520px) 100vw, 520px\" \/><\/a><figcaption id=\"caption-attachment-892\" class=\"wp-caption-text\">Ausbauplanung der &#8222;Erfurter Stra\u00dfe&#8220; &#8211; Abbildung \u00a9 Stadt Jena KSJ (Zum Vergr\u00f6\u00dfern bitte anklicken!)<\/figcaption><\/figure>\n<p>1.) <a href=\"https:\/\/sessionnet.jena.de\/sessionnet\/buergerinfo\/getfile.php?id=52254&amp;type=do\" target=\"_blank\">&#8222;Erfurter Stra\u00dfe&#8220; (von Ortseingang West bis zur Stra\u00dfe &#8222;M\u00fchltal&#8220;)<\/a> = bauaush\u00fchrende Firma: STRABAG, Baubeginn: 15.07.2015 | <a href=\"http:\/\/www.jena.de\/fm\/1727\/Jena%2C%20Erfurter%20Stra%C3%9Fe%20-%20M%C3%BChltal%2C%20Strabag%20Hermsdorf%20%2814.07-1.pdf\" target=\"_blank\">Den Beschilderungsplan zur Verkehrsf\u00fchrung findet man HIER<\/a>.<\/p>\n<figure id=\"attachment_882\" aria-describedby=\"caption-attachment-882\" style=\"width: 520px\" class=\"wp-caption aligncenter\"><a href=\"http:\/\/blog.jena.de\/strassenbaubeitraege\/wp-content\/uploads\/sites\/11\/2015\/07\/Ausbauplanung-zur-Stra\u00dfe-Muehltal-Foto-\u00a9-Stadt-Jena-KSJ.jpg\"><img loading=\"lazy\" decoding=\"async\" class=\"wp-image-882\" src=\"http:\/\/blog.jena.de\/strassenbaubeitraege\/wp-content\/uploads\/sites\/11\/2015\/07\/Ausbauplanung-zur-Stra\u00dfe-Muehltal-Foto-\u00a9-Stadt-Jena-KSJ.jpg\" alt=\"Ausbauplanung zur Stra\u00dfe Muehltal - Foto \u00a9 Stadt Jena KSJ\" width=\"520\" height=\"300\" srcset=\"https:\/\/blog.jena.de\/strassenbaubeitraege\/wp-content\/uploads\/sites\/11\/2015\/07\/Ausbauplanung-zur-Stra\u00dfe-Muehltal-Foto-\u00a9-Stadt-Jena-KSJ.jpg 1040w, https:\/\/blog.jena.de\/strassenbaubeitraege\/wp-content\/uploads\/sites\/11\/2015\/07\/Ausbauplanung-zur-Stra\u00dfe-Muehltal-Foto-\u00a9-Stadt-Jena-KSJ-500x288.jpg 500w, https:\/\/blog.jena.de\/strassenbaubeitraege\/wp-content\/uploads\/sites\/11\/2015\/07\/Ausbauplanung-zur-Stra\u00dfe-Muehltal-Foto-\u00a9-Stadt-Jena-KSJ-768x443.jpg 768w, https:\/\/blog.jena.de\/strassenbaubeitraege\/wp-content\/uploads\/sites\/11\/2015\/07\/Ausbauplanung-zur-Stra\u00dfe-Muehltal-Foto-\u00a9-Stadt-Jena-KSJ-1000x577.jpg 1000w, https:\/\/blog.jena.de\/strassenbaubeitraege\/wp-content\/uploads\/sites\/11\/2015\/07\/Ausbauplanung-zur-Stra\u00dfe-Muehltal-Foto-\u00a9-Stadt-Jena-KSJ-600x346.jpg 600w\" sizes=\"auto, (max-width: 520px) 100vw, 520px\" \/><\/a><figcaption id=\"caption-attachment-882\" class=\"wp-caption-text\">Ausbauplanung zur Stra\u00dfe &#8222;M\u00fchltal&#8220; &#8211; Foto \u00a9 Stadt Jena KSJ (Zum Vergr\u00f6\u00dfern bitte anklicken!)<\/figcaption><\/figure>\n<p>2.) <a href=\"http:\/\/blog.jena.de\/strassenbaubeitraege\/2015\/07\/06\/muehltal-informationsveranstaltung-zum-geplanten-strassenbau-und-den-beitragsrechtlichen-fragen\/\" target=\"_blank\">&#8222;M\u00fchltal&#8220;<\/a> (von &#8222;Erfurter Stra\u00dfe&#8220; bis zur Buswendeschleife &#8222;Lutherstra\u00dfe&#8220;) = bauausf\u00fchrende Firma: STRABAG, Baubeginn: ca. 24.08.2015 (abh\u00e4ngig von der Verkehrsfreigabe der Kreuzung &#8222;Lutherstra\u00dfe&#8220; \/ &#8222;Katharinenstra\u00dfe&#8220;) | <a href=\"http:\/\/blog.jena.de\/strassenbaubeitraege\/wp-content\/uploads\/sites\/11\/2015\/07\/Planungsunterlagen-Muehltal.pdf\">Die Planungsunterlagen zum Bau der Stra\u00dfe findet man HIER<\/a>.<\/p>\n<figure id=\"attachment_885\" aria-describedby=\"caption-attachment-885\" style=\"width: 700px\" class=\"wp-caption aligncenter\"><a href=\"http:\/\/blog.jena.de\/strassenbaubeitraege\/wp-content\/uploads\/sites\/11\/2015\/07\/Die-Bauphasen-der-Loebstedter-Strasse-Abbildung-\u00a9-Stadt-Jena-KSJ.png\"><img loading=\"lazy\" decoding=\"async\" class=\"wp-image-885 size-large\" src=\"http:\/\/blog.jena.de\/strassenbaubeitraege\/wp-content\/uploads\/sites\/11\/2015\/07\/Die-Bauphasen-der-Loebstedter-Strasse-Abbildung-\u00a9-Stadt-Jena-KSJ-1024x439.png\" alt=\"Die Bauphasen der Loebstedter Strasse - Abbildung \u00a9 Stadt Jena KSJ\" width=\"700\" height=\"300\" \/><\/a><figcaption id=\"caption-attachment-885\" class=\"wp-caption-text\">Die Bauphasen der &#8222;L\u00f6bstedter Stra\u00dfe&#8220; &#8211; Abbildung \u00a9 Stadt Jena KSJ (Zum Vergr\u00f6\u00dfern bitte anklicken!)<\/figcaption><\/figure>\n<p>3.) <a href=\"http:\/\/blog.jena.de\/strassenbaubeitraege\/2015\/05\/08\/wir-beantworten-fragen-von-buergern-warum-muss-eigentlich-niemand-in-der-loebstedter-strasse-beitraege-bezahlen\/\" target=\"_blank\">&#8222;L\u00f6bstedter Stra\u00dfe&#8220; (von &#8222;Alte Wieserstra\u00dfe&#8220; bis &#8222;Fritz-Winkler-Stra\u00dfe&#8220;)<\/a> = bauausf\u00fchrende Firma: Streicher, Baubeginn f\u00fcr Abschnitt 1 (= &#8222;Alte Wiesenstra\u00dfe&#8220; bis Zufahrt Bahngel\u00e4nde \/ oben rot gekennzeichnet): 04.08.2015, Baubeginn f\u00fcr Abschnitt 2 (= Zufahrt Bahngel\u00e4nde bis &#8222;Schlachthofstra\u00dfe&#8220; \/ oben blau gekennzeichnet): Oktober 2015, Baubeginn f\u00fcr Abschnitt 3 (= &#8222;Schlachthofstra\u00dfe&#8220; bis &#8222;Fritz-WinklerStra\u00dfe&#8220; \/ oben gr\u00fcn gekennzeichnet): April 2016 | Hinweis: Der oben rechts ganz gelb gekennzeichnete Teil der &#8222;L\u00f6bstedter Stra\u00dfe&#8220; wurde bereits hergestellt!<\/p>\n","protected":false},"excerpt":{"rendered":"<p>Am 06. und 07.07.2015 fanden Informationsveranstaltungen des des Kommunalservice Jena (KSJ) zum geplanten Stra\u00dfenbau und den beitragsrechtlichen Fragen der Stra\u00dfen &#8222;Erfurter Stra\u00dfe&#8220;, &#8222;M\u00fchltal&#8220;&hellip;<\/p>\n","protected":false},"author":12,"featured_media":878,"comment_status":"open","ping_status":"closed","sticky":false,"template":"","format":"standard","meta":{"footnotes":""},"categories":[1],"tags":[],"class_list":["post-877","post","type-post","status-publish","format-standard","has-post-thumbnail","hentry","category-allgemein"],"_links":{"self":[{"href":"https:\/\/blog.jena.de\/strassenbaubeitraege\/wp-json\/wp\/v2\/posts\/877","targetHints":{"allow":["GET"]}}],"collection":[{"href":"https:\/\/blog.jena.de\/strassenbaubeitraege\/wp-json\/wp\/v2\/posts"}],"about":[{"href":"https:\/\/blog.jena.de\/strassenbaubeitraege\/wp-json\/wp\/v2\/types\/post"}],"author":[{"embeddable":true,"href":"https:\/\/blog.jena.de\/strassenbaubeitraege\/wp-json\/wp\/v2\/users\/12"}],"replies":[{"embeddable":true,"href":"https:\/\/blog.jena.de\/strassenbaubeitraege\/wp-json\/wp\/v2\/comments?post=877"}],"version-history":[{"count":9,"href":"https:\/\/blog.jena.de\/strassenbaubeitraege\/wp-json\/wp\/v2\/posts\/877\/revisions"}],"predecessor-version":[{"id":1475,"href":"https:\/\/blog.jena.de\/strassenbaubeitraege\/wp-json\/wp\/v2\/posts\/877\/revisions\/1475"}],"wp:featuredmedia":[{"embeddable":true,"href":"https:\/\/blog.jena.de\/strassenbaubeitraege\/wp-json\/wp\/v2\/media\/878"}],"wp:attachment":[{"href":"https:\/\/blog.jena.de\/strassenbaubeitraege\/wp-json\/wp\/v2\/media?parent=877"}],"wp:term":[{"taxonomy":"category","embeddable":true,"href":"https:\/\/blog.jena.de\/strassenbaubeitraege\/wp-json\/wp\/v2\/categories?post=877"},{"taxonomy":"post_tag","embeddable":true,"href":"https:\/\/blog.jena.de\/strassenbaubeitraege\/wp-json\/wp\/v2\/tags?post=877"}],"curies":[{"name":"wp","href":"https:\/\/api.w.org\/{rel}","templated":true}]}}