{"id":60,"date":"2014-12-19T13:33:46","date_gmt":"2014-12-19T12:33:46","guid":{"rendered":"http:\/\/blog.jena.de\/strassenbaubeitraege\/?p=60"},"modified":"2014-12-19T13:33:46","modified_gmt":"2014-12-19T12:33:46","slug":"symposium-beitragserhebung-eine-wichtige-veranstaltung-fuer-alle-stadtraete-am-14-01-2015","status":"publish","type":"post","link":"https:\/\/blog.jena.de\/strassenbaubeitraege\/2014\/12\/19\/symposium-beitragserhebung-eine-wichtige-veranstaltung-fuer-alle-stadtraete-am-14-01-2015\/","title":{"rendered":"Symposium Beitragserhebung: Eine wichtige Veranstaltung f\u00fcr alle Stadtr\u00e4te am 14.01.2015"},"content":{"rendered":"<figure id=\"attachment_61\" aria-describedby=\"caption-attachment-61\" style=\"width: 704px\" class=\"wp-caption aligncenter\"><a href=\"http:\/\/blog.jena.de\/strassenbaubeitraege\/wp-content\/uploads\/sites\/11\/2014\/12\/Blick-auf-die-Lichtstadt-Jena-704x300-Foto-\u00a9-KSJ-2014.jpg\"><img loading=\"lazy\" decoding=\"async\" class=\"wp-image-61 size-full\" src=\"http:\/\/blog.jena.de\/strassenbaubeitraege\/wp-content\/uploads\/sites\/11\/2014\/12\/Blick-auf-die-Lichtstadt-Jena-704x300-Foto-\u00a9-KSJ-2014.jpg\" alt=\"Blick auf die Lichtstadt Jena 704x300- Foto \u00a9 KSJ 2014\" width=\"704\" height=\"280\" srcset=\"https:\/\/blog.jena.de\/strassenbaubeitraege\/wp-content\/uploads\/sites\/11\/2014\/12\/Blick-auf-die-Lichtstadt-Jena-704x300-Foto-\u00a9-KSJ-2014.jpg 704w, https:\/\/blog.jena.de\/strassenbaubeitraege\/wp-content\/uploads\/sites\/11\/2014\/12\/Blick-auf-die-Lichtstadt-Jena-704x300-Foto-\u00a9-KSJ-2014-500x199.jpg 500w, https:\/\/blog.jena.de\/strassenbaubeitraege\/wp-content\/uploads\/sites\/11\/2014\/12\/Blick-auf-die-Lichtstadt-Jena-704x300-Foto-\u00a9-KSJ-2014-600x239.jpg 600w\" sizes=\"auto, (max-width: 704px) 100vw, 704px\" \/><\/a><figcaption id=\"caption-attachment-61\" class=\"wp-caption-text\">Blick auf die Lichtstadt Jena &#8211; Foto \u00a9 KSJ 2014<\/figcaption><\/figure>\n<p>Am Mittwoch, den 14.01.2015 veranstaltet der Gesch\u00e4ftsbereich Tiefbau und Stadtraum des Kommunalservice Jena ab 17 Uhr in der L\u00f6bstedter Str. 56 in 07749 Jena (= neues Servicegeb\u00e4ude des KSJ) sein neues SYMPOSIUM BEITRAGSERHEBUNG. Hierzu l\u00e4d der Werkleiter, Herr Uwe Feige, alle Mitglieder des Jenaer Stadtrats herzlich ein.<\/p>\n<p>Feige schrieb in der Einladung: <em>&#8222;Die Erhebung von Erschlie\u00dfungs- und Stra\u00dfenbaubeitr\u00e4gen ist im gesellschaftlichen Zusammenleben gleicherma\u00dfen Reiz- wie Konfliktthema. Beitragserhebung wird von den Grundst\u00fcckseigent\u00fcmern gef\u00fcrchtet, von der Politik instrumentalisiert, von Sach-bearbeitern realisiert, vor Gerichten ausgefochten. Hinzu kommt der Informationsfluss zwischen Verwaltung und Anliegern, bei dem beide Seiten Optimierungsbedarf sehen.<\/em><\/p>\n<p><em>Hier setzt unser Symposium an, einer Tradition folgend, die das Bauverwaltungsamt der Stadt Jena bereits in den fr\u00fchen 1990er Jahren begonnen hat und die letztmalig im April 2007 im Zuge der Neufassung unserer Stra\u00dfenbaubeitragssatzung fortgef\u00fchrt wurde. \u00dcberzeugen Sie sich in unserer Veranstaltung von dem Stand der Beitragserhebung f\u00fcr \u00f6ffentliche Stra\u00dfen, Wege und Pl\u00e4tze in Jena. Stellen Sie Fragen oder machen Sie Vorschl\u00e4ge f\u00fcr Verbesserungen und helfen Sie so mit, die Erhebung von Erschlie\u00dfungs- und Stra\u00dfenbaubeitr\u00e4gen in unserer Stadt zu optimieren.<\/em><\/p>\n<p><em>Die Mitarbeiter des KSJ stehen Ihnen im Rahmen des Symposiums mit allen wesentlichen Informationen zur Verf\u00fcgung, angefangen bei der Fragestellung \u201eStra\u00dfeninstandhaltung oder Stra\u00dfenerneuerung\u201c \u00fcber Sachfragen der beitragsrechtlichen Veranlagung bis hin zu den M\u00f6glichkeiten st\u00e4dtischer Billigkeitsma\u00dfnahmen und der Frage der Effizienz der Beitragserhebung in Jena.<\/em><\/p>\n<p><em>Wann und wie entscheidet sich der Kommunalservice f\u00fcr oder gegen eine grundhafte Erneuerung von Stra\u00dfen? Welche Bereiche des KSJ bereiten solche Entscheidungen vor und was spielt dabei eine Rolle? Ab wann werden Ortsteile und B\u00fcrger mit eingebunden? &#8211; Diese und andere Fragen beantworten wir anhand von Praxisbeispielen um Ihnen als Kommunalpolitiker zuk\u00fcnftig Entscheidungen im Stadtrat oder den Aussch\u00fcssen leichter zu machen.&#8220;<\/em><\/p>\n","protected":false},"excerpt":{"rendered":"<p>Am Mittwoch, den 14.01.2015 veranstaltet der Gesch\u00e4ftsbereich Tiefbau und Stadtraum des Kommunalservice Jena ab 17 Uhr in der L\u00f6bstedter Str. 56 in 07749&hellip;<\/p>\n","protected":false},"author":12,"featured_media":61,"comment_status":"open","ping_status":"closed","sticky":false,"template":"","format":"standard","meta":{"footnotes":""},"categories":[1],"tags":[],"class_list":["post-60","post","type-post","status-publish","format-standard","has-post-thumbnail","hentry","category-allgemein"],"_links":{"self":[{"href":"https:\/\/blog.jena.de\/strassenbaubeitraege\/wp-json\/wp\/v2\/posts\/60","targetHints":{"allow":["GET"]}}],"collection":[{"href":"https:\/\/blog.jena.de\/strassenbaubeitraege\/wp-json\/wp\/v2\/posts"}],"about":[{"href":"https:\/\/blog.jena.de\/strassenbaubeitraege\/wp-json\/wp\/v2\/types\/post"}],"author":[{"embeddable":true,"href":"https:\/\/blog.jena.de\/strassenbaubeitraege\/wp-json\/wp\/v2\/users\/12"}],"replies":[{"embeddable":true,"href":"https:\/\/blog.jena.de\/strassenbaubeitraege\/wp-json\/wp\/v2\/comments?post=60"}],"version-history":[{"count":1,"href":"https:\/\/blog.jena.de\/strassenbaubeitraege\/wp-json\/wp\/v2\/posts\/60\/revisions"}],"predecessor-version":[{"id":62,"href":"https:\/\/blog.jena.de\/strassenbaubeitraege\/wp-json\/wp\/v2\/posts\/60\/revisions\/62"}],"wp:featuredmedia":[{"embeddable":true,"href":"https:\/\/blog.jena.de\/strassenbaubeitraege\/wp-json\/wp\/v2\/media\/61"}],"wp:attachment":[{"href":"https:\/\/blog.jena.de\/strassenbaubeitraege\/wp-json\/wp\/v2\/media?parent=60"}],"wp:term":[{"taxonomy":"category","embeddable":true,"href":"https:\/\/blog.jena.de\/strassenbaubeitraege\/wp-json\/wp\/v2\/categories?post=60"},{"taxonomy":"post_tag","embeddable":true,"href":"https:\/\/blog.jena.de\/strassenbaubeitraege\/wp-json\/wp\/v2\/tags?post=60"}],"curies":[{"name":"wp","href":"https:\/\/api.w.org\/{rel}","templated":true}]}}