{"id":592,"date":"2015-04-24T19:01:56","date_gmt":"2015-04-24T17:01:56","guid":{"rendered":"http:\/\/blog.jena.de\/strassenbaubeitraege\/?p=592"},"modified":"2016-10-05T08:07:21","modified_gmt":"2016-10-05T06:07:21","slug":"im-kraehmer-mehrere-fehlerhafte-und-unrichtige-informationen-von-jenapolis","status":"publish","type":"post","link":"https:\/\/blog.jena.de\/strassenbaubeitraege\/2015\/04\/24\/im-kraehmer-mehrere-fehlerhafte-und-unrichtige-informationen-von-jenapolis\/","title":{"rendered":"&#8222;Im Kr\u00e4hmer&#8220;: Im Internet kursieren mehrere fehlerhafte und unrichtige Informationen"},"content":{"rendered":"<figure id=\"attachment_595\" aria-describedby=\"caption-attachment-595\" style=\"width: 520px\" class=\"wp-caption aligncenter\"><a href=\"http:\/\/blog.jena.de\/strassenbaubeitraege\/wp-content\/uploads\/sites\/11\/2015\/04\/Die-Strasse-Im-Kraehmer-Foto-2-\u00a9-Stadt-Jena-KSJ.jpg\"><img loading=\"lazy\" decoding=\"async\" class=\"wp-image-595 size-full\" src=\"http:\/\/blog.jena.de\/strassenbaubeitraege\/wp-content\/uploads\/sites\/11\/2015\/04\/Die-Strasse-Im-Kraehmer-Foto-2-\u00a9-Stadt-Jena-KSJ.jpg\" alt=\"Die Strasse Im Kraehmer - Foto 2 \u00a9 Stadt Jena KSJ\" width=\"520\" height=\"350\" srcset=\"https:\/\/blog.jena.de\/strassenbaubeitraege\/wp-content\/uploads\/sites\/11\/2015\/04\/Die-Strasse-Im-Kraehmer-Foto-2-\u00a9-Stadt-Jena-KSJ.jpg 520w, https:\/\/blog.jena.de\/strassenbaubeitraege\/wp-content\/uploads\/sites\/11\/2015\/04\/Die-Strasse-Im-Kraehmer-Foto-2-\u00a9-Stadt-Jena-KSJ-500x337.jpg 500w\" sizes=\"auto, (max-width: 520px) 100vw, 520px\" \/><\/a><figcaption id=\"caption-attachment-595\" class=\"wp-caption-text\">Die Anliegerstra\u00dfe &#8222;Im Kr\u00e4hmer&#8220; (= in der Vorlage des KSJ enthalten) &#8211; Foto 2 \u00a9 Stadt Jena KSJ<\/figcaption><\/figure>\n<p>Im Artikel eines Internet-Blogs vom 24.04.2015 werden unter dem Titel <em>&#8222;Es gibt in Jena wichtigere Stra\u00dfen zu sanieren!&#8220;<\/em> unrichtige und fehlerhafte Angaben gemacht.<\/p>\n<p>Unter anderem schreibt der Autor des Artikels zur Vorlage &#8222;Absicht zur Verbesserung bzw. grundhaften Erneuerung der Stra\u00dfe Im Kr\u00e4hmer in W\u00f6llnitz&#8220; (Zitat): <em>&#8222;Schon im Titel der Vorlage schwingt Unsicherheit mit: Soll die Anliegerstra\u00dfe nun verbessert oder grundhaft erneuert werden? Immerhin soll der &#8218;Spa\u00df&#8216; gesch\u00e4tzte 400 000 Euro kosten. Die Grundst\u00fcckseigent\u00fcmer werden mit Stra\u00dfen(aus)baubeitr\u00e4gen in H\u00f6he von 240 000 zur Kasse gebeten.&#8220;<\/em> &#8211; Dies ist nicht zutreffend. In der Sitzung des Stadtentwicklungsausschusses (SEA) am 23.04.2015 wurde erkl\u00e4rt, <a href=\"http:\/\/blog.jena.de\/strassenbaubeitraege\/wp-content\/uploads\/sites\/11\/2014\/12\/Stadt-Jena-KSJ-Das-Thueringer-Kommunalabgabengesetz-in-Auszuegen-Stand-Dezember-2014.pdf\">dass das Th\u00fcringer Kommunalabgabengesetz (Th\u00fcrKAG) in \u00a7 7 gleichberechtigt die Begriffe &#8222;Erneuerung&#8220; und &#8222;Verbesserung&#8220; benennt<\/a>. Zur Vorlage &#8222;Im Kr\u00e4hmer&#8220; wurde von Seiten des Kommunalservice Jena (KSJ) ausgef\u00fchrt, dass die Stra\u00dfenbestandteile &#8222;Im Kr\u00e4hmer&#8220;, welche vorhanden sind, erneuert werden sollen und andere, die (wie etwa die Stra\u00dfenentw\u00e4sserung) neu zu bauen sind, eine Verbesserung im Sinne des \u00a7 7 Th\u00fcrKAG darstellen. Der KSJ ist hier also keineswegs &#8222;unsicher&#8220;, sondern folgt dem Wortlaut der Gesetzesvorgabe.<\/p>\n<figure id=\"attachment_596\" aria-describedby=\"caption-attachment-596\" style=\"width: 300px\" class=\"wp-caption alignleft\"><a href=\"http:\/\/blog.jena.de\/strassenbaubeitraege\/wp-content\/uploads\/sites\/11\/2015\/04\/Die-Strasse-Im-Kraehmer-Foto-1-\u00a9-Stadt-Jena-KSJ.jpg\"><img loading=\"lazy\" decoding=\"async\" class=\"wp-image-596 size-full\" src=\"http:\/\/blog.jena.de\/strassenbaubeitraege\/wp-content\/uploads\/sites\/11\/2015\/04\/Die-Strasse-Im-Kraehmer-Foto-1-\u00a9-Stadt-Jena-KSJ.jpg\" alt=\"Die Strasse Im Kraehmer - Foto 1 \u00a9 Stadt Jena KSJ\" width=\"300\" height=\"300\" \/><\/a><figcaption id=\"caption-attachment-596\" class=\"wp-caption-text\">Die Anliegerstra\u00dfe &#8222;Im Kr\u00e4hmer&#8220; (= in der Vorlage des KSJ enthalten) &#8211; Foto 1 \u00a9 Stadt Jena KSJ<\/figcaption><\/figure>\n<p>Die Fahrbahn &#8222;Im Kr\u00e4hmer&#8220; (jedenfalls soweit sie Bestandteil des Absichtsbeschlusses ist) befindet sich zwar augenscheinlich in keinem schlechten Zustand, wurde aber nie nach den Regeln des Stra\u00dfenbaus hergestellt. Aber auch der in der Beschlussvorlage nicht f\u00fcr eine beitragspflichtige Erneuerung mit einbezogene Stra\u00dfenteil vor dem W\u00f6llnitzer Friedhof (siehe Foto ganz unten) soll ert\u00fcchtigt bzw. ordentlich hergestellt werden, was jedoch weder Bestandteil der Vorlage 15\/0344-BV &#8222;Absicht zur Verbesserung bzw. grundhaften Erneuerung der Stra\u00dfe &#8218;Im Kr\u00e4hmer&#8216; in W\u00f6llnitz&#8220; war, noch konnten hierzu ausreichend die notwendigen Erl\u00e4uterungen gegeben werden, da die Ausschussvorsitzende die Rednerliste bereits geschlossen hatte. Wenn der Autor des Blog-Berichtes also schreibt, dieser Abschnitt werde (Zitat) <em>&#8222;grunds\u00e4tzlich nicht gemacht, wie es der Abteilungsleiter in seiner Einleitung formulierte&#8220;, <\/em>so ist auch dies unzutreffend.<\/p>\n<p>Im Gegenteil: Hier wird in der nahen Zukunft in Absprache mit dem Zweckverband JenaWasser ein Kanal gebaut, der das Au\u00dfengebietswasser \u00fcber die Stra\u00dfe &#8222;Oberes Pennickental&#8220; hinaus ableitet. In diesem Zuge ist dann auch eine (hier jedoch beitragsfreie) Stra\u00dfenherstellung vorgesehen. Insofern stimmt es also nur halb, wenn der Autor schreibt <em>&#8222;B\u00fcrger und Stadtr\u00e4te verstehen aber nicht, weshalb ein Teil der Stra\u00dfe ausgespart werden soll. Die Antwort auf diese Frage musste KSJ-Abteilungsleiter Sauer auch der Ausschussvorsitzenden Elisabeth Wackernagel schuldig bleiben&#8220;<\/em>.<\/p>\n<p>Ebenfalls vom Autor des Ausschuss-Berichtes falsch wiedergegeben ist, wenn er schreibt (Zitat) <em>&#8222;Mit 9 von 10 Stimmen wurde diese Beschlussvorlage (&#8230;) von der Tagesordnung genommen&#8220;<\/em>. Tatsache ist, dass die Beschlussvorlage auf der Tagesordnung stand, am 23.04.2015 auch ausgiebig behandelt wurde und nur <a title=\"Stadtentwicklungsausschuss beschlie\u00dft die Absicht zur grundhaften Erneuerung der \u201cNaumburger Stra\u00dfe\u201d (Teile 1, 2 und 3)\" href=\"http:\/\/blog.jena.de\/strassenbaubeitraege\/2015\/04\/24\/stadtentwicklungsausschuss-beschliesst-die-absicht-zur-grundhaften-erneuerung-der-naumburger-strasse-teile-1-2-und-3\/\">die Entscheidung \u00fcber den Beschluss verschoben wurde, bis ein Votum des Ortsteilrates W\u00f6llnitz vorliegt<\/a>.<\/p>\n<figure id=\"attachment_597\" aria-describedby=\"caption-attachment-597\" style=\"width: 520px\" class=\"wp-caption aligncenter\"><a href=\"http:\/\/blog.jena.de\/strassenbaubeitraege\/wp-content\/uploads\/sites\/11\/2015\/04\/Die-Aussenbereichs-Strasse-Im-Kraehmer-Foto-1-\u00a9-Stadt-Jena-KSJ.jpg\"><img loading=\"lazy\" decoding=\"async\" class=\"wp-image-597 size-full\" src=\"http:\/\/blog.jena.de\/strassenbaubeitraege\/wp-content\/uploads\/sites\/11\/2015\/04\/Die-Aussenbereichs-Strasse-Im-Kraehmer-Foto-1-\u00a9-Stadt-Jena-KSJ.jpg\" alt=\"Die Aussenbereichs-Strasse Im Kraehmer - Foto 1 \u00a9 Stadt Jena KSJ\" width=\"520\" height=\"350\" srcset=\"https:\/\/blog.jena.de\/strassenbaubeitraege\/wp-content\/uploads\/sites\/11\/2015\/04\/Die-Aussenbereichs-Strasse-Im-Kraehmer-Foto-1-\u00a9-Stadt-Jena-KSJ.jpg 520w, https:\/\/blog.jena.de\/strassenbaubeitraege\/wp-content\/uploads\/sites\/11\/2015\/04\/Die-Aussenbereichs-Strasse-Im-Kraehmer-Foto-1-\u00a9-Stadt-Jena-KSJ-500x337.jpg 500w\" sizes=\"auto, (max-width: 520px) 100vw, 520px\" \/><\/a><figcaption id=\"caption-attachment-597\" class=\"wp-caption-text\">Die Au\u00dfenbereichs-Stra\u00dfe &#8222;Im Kr\u00e4hmer&#8220; (= im Absichtsbeschluss des KSJ nicht enthalten) &#8211; Foto 1 \u00a9 Stadt Jena KSJ<\/figcaption><\/figure>\n<p>Weiter schrieb der Autor, dass KSJ-Abteilungsleiter Rainer Sauer am 23.04.2015 im SEA die Zusammenh\u00e4nge erl\u00e4utert habe, aber (Zitat) <em>&#8222;auch f\u00fcr die fehlerhafte &#8218;r\u00fcckhaltlose Aufkl\u00e4rung&#8216; im Pennickental verantwortlich ist \u2013 und schon einmal den Briefbogen des Oberb\u00fcrgermeisters f\u00fcr die Korrespondenz benutzt&#8220;<\/em>. Und auch diese Darstellung ist unrichtig!<\/p>\n<p>Hierzu ist 1.) zu bemerken, dass die Abteilung Beitr\u00e4ge des KSJ und ihre Mitarbeiterinnen und MItarbeiter, dienstlich verpflichtet sind, bei Schriftverkehr oder Stra\u00dfenbaubeitragsbescheiden Briefk\u00f6pfe zu verwenden, auf denen der Oberb\u00fcrgermeister der Stadt Jena aufgef\u00fchrt ist. Dies geschieht um die hoheitliche Aufgabe der Beitragserhebung vom sonst \u00fcblichen Briefverkehr des Eigenbetriebs Kommunalservice Jena abzuheben &#8211; ganz so, wie es die Verwaltungsgerichte fordern. 2.) ist Herr Sauer nicht f\u00fcr eine <em>&#8222;fehlerhafte &#8218;r\u00fcckhaltlose&#8216; Aufkl\u00e4rung im Pennickental&#8220;<\/em> verantwortlich, sondern er hat im Dezember 2014 im SEA eine entsprechende <a href=\"http:\/\/blog.jena.de\/strassenbaubeitraege\/wp-content\/uploads\/sites\/11\/2014\/12\/Berichtsvorlage-Pennickental-SEA-2014-12-11.pdf\">Berichtsvorlage des Oberb\u00fcrgermeisters der Stadt Jena<\/a> erl\u00e4utert.<\/p>\n<p>Unter Bezugnahme auf den Internet-Bericht <em>&#8222;Es gibt in Jena wichtigere Stra\u00dfen zu sanieren!&#8220;<\/em> erkl\u00e4rt der Leiter der Abteilung Beitr\u00e4ge im Kommunalservice Jena, Herr Rainer Sauer, es sei bedauerlich, dass durch solche fehlerhaften und teilweise unrichtigen Informationen immer wieder Unruhe in die Bev\u00f6lkerung getragen wird. <em>&#8222;Es ist ja auch nicht das erste Mal. \u00c4hnliches machte der gleiche Autor zuvor schon <a title=\"Lichtenhain: Von JENAPOLIS genannte Beitragsh\u00f6hen sind falsch!\" href=\"http:\/\/blog.jena.de\/strassenbaubeitraege\/2014\/12\/19\/lichtenhain-von-jenapolis-genannte-beitragshoehen-sind-falsch\/\">bei der L\u00fctzowstra\u00dfe<\/a> und <a title=\"W\u00f6llnitz: Von JENAPOLIS zum \u201cPennickental\u201d gegebene Informationen sind falsch!\" href=\"http:\/\/blog.jena.de\/strassenbaubeitraege\/2015\/02\/23\/woellnitz-von-jenapolis-zum-pennickental-gegebene-informationen-sind-falsch-2\/\">der Stra\u00dfe Pennickental<\/a>. Wir sind als KSJ &#8211; und zwar sowohl bei der Stra\u00dfenplanung, der Stra\u00dfenverwaltung als auch der Stra\u00dfenbaubeh\u00f6rde &#8211; von der Notwendigkeit der Ma\u00dfnahme \u00fcberzeugt, die im Wesentlichen, wie es der Werkleiter des KSJ im Ausschuss auch erl\u00e4uterte, auf Regularien des Abwasserzweckverbandes zur Stra\u00dfenentw\u00e4sserung zur\u00fcck geht. Solches erw\u00e4hnt der Verfasser des Blog-Berichts aber gerade nicht und stellt zudem die ganze Absicht zur Erneuerung und Verbesserung der Stra\u00dfe auch noch als &#8218;Spa\u00df&#8216; dar.&#8220;<\/em><\/p>\n<p>Wenn der Autor mit den Mitteln der freien Meinungs\u00e4u\u00dferung arbeiten wolle, so Sauer, m\u00fcsste er eine solche in seinem Bericht \u00fcber den Stadtentwicklungsausschusses des Jenaer Stadtrates auch besser kennzeichnen, um sie f\u00fcr alle Leser von einer seri\u00f6sen Berichterstattung klar abzugrenzen.<\/p>\n","protected":false},"excerpt":{"rendered":"<p>Im Artikel eines Internet-Blogs vom 24.04.2015 werden unter dem Titel &#8222;Es gibt in Jena wichtigere Stra\u00dfen zu sanieren!&#8220; unrichtige und fehlerhafte Angaben gemacht.&hellip;<\/p>\n","protected":false},"author":12,"featured_media":595,"comment_status":"open","ping_status":"closed","sticky":false,"template":"","format":"standard","meta":{"footnotes":""},"categories":[1],"tags":[],"class_list":["post-592","post","type-post","status-publish","format-standard","has-post-thumbnail","hentry","category-allgemein"],"_links":{"self":[{"href":"https:\/\/blog.jena.de\/strassenbaubeitraege\/wp-json\/wp\/v2\/posts\/592","targetHints":{"allow":["GET"]}}],"collection":[{"href":"https:\/\/blog.jena.de\/strassenbaubeitraege\/wp-json\/wp\/v2\/posts"}],"about":[{"href":"https:\/\/blog.jena.de\/strassenbaubeitraege\/wp-json\/wp\/v2\/types\/post"}],"author":[{"embeddable":true,"href":"https:\/\/blog.jena.de\/strassenbaubeitraege\/wp-json\/wp\/v2\/users\/12"}],"replies":[{"embeddable":true,"href":"https:\/\/blog.jena.de\/strassenbaubeitraege\/wp-json\/wp\/v2\/comments?post=592"}],"version-history":[{"count":14,"href":"https:\/\/blog.jena.de\/strassenbaubeitraege\/wp-json\/wp\/v2\/posts\/592\/revisions"}],"predecessor-version":[{"id":1611,"href":"https:\/\/blog.jena.de\/strassenbaubeitraege\/wp-json\/wp\/v2\/posts\/592\/revisions\/1611"}],"wp:featuredmedia":[{"embeddable":true,"href":"https:\/\/blog.jena.de\/strassenbaubeitraege\/wp-json\/wp\/v2\/media\/595"}],"wp:attachment":[{"href":"https:\/\/blog.jena.de\/strassenbaubeitraege\/wp-json\/wp\/v2\/media?parent=592"}],"wp:term":[{"taxonomy":"category","embeddable":true,"href":"https:\/\/blog.jena.de\/strassenbaubeitraege\/wp-json\/wp\/v2\/categories?post=592"},{"taxonomy":"post_tag","embeddable":true,"href":"https:\/\/blog.jena.de\/strassenbaubeitraege\/wp-json\/wp\/v2\/tags?post=592"}],"curies":[{"name":"wp","href":"https:\/\/api.w.org\/{rel}","templated":true}]}}