{"id":474,"date":"2015-03-05T11:37:21","date_gmt":"2015-03-05T10:37:21","guid":{"rendered":"http:\/\/blog.jena.de\/strassenbaubeitraege\/?p=474"},"modified":"2015-03-05T11:42:25","modified_gmt":"2015-03-05T10:42:25","slug":"dies-sind-die-fuer-2015-geplanten-umlagen-der-abteilung-beitraege-stand-03-03-2015","status":"publish","type":"post","link":"https:\/\/blog.jena.de\/strassenbaubeitraege\/2015\/03\/05\/dies-sind-die-fuer-2015-geplanten-umlagen-der-abteilung-beitraege-stand-03-03-2015\/","title":{"rendered":"Dies sind die f\u00fcr 2015 geplanten Umlagen der Abteilung Beitr\u00e4ge (Stand: 03.03.2015)"},"content":{"rendered":"<figure id=\"attachment_475\" aria-describedby=\"caption-attachment-475\" style=\"width: 700px\" class=\"wp-caption alignnone\"><a href=\"http:\/\/blog.jena.de\/strassenbaubeitraege\/wp-content\/uploads\/sites\/11\/2015\/03\/Das-beschauliche-Pennickental-in-Jena-mit-den-Kernbergen-im-Hintergrund-Foto-\u00a9-MediaPool-Jena.jpg\"><img loading=\"lazy\" decoding=\"async\" class=\"wp-image-475\" src=\"http:\/\/blog.jena.de\/strassenbaubeitraege\/wp-content\/uploads\/sites\/11\/2015\/03\/Das-beschauliche-Pennickental-in-Jena-mit-den-Kernbergen-im-Hintergrund-Foto-\u00a9-MediaPool-Jena.jpg\" alt=\"Das beschauliche Pennickental in Jena mit den Kernbergen im Hintergrund - Foto \u00a9 MediaPool Jena\" width=\"700\" height=\"330\" srcset=\"https:\/\/blog.jena.de\/strassenbaubeitraege\/wp-content\/uploads\/sites\/11\/2015\/03\/Das-beschauliche-Pennickental-in-Jena-mit-den-Kernbergen-im-Hintergrund-Foto-\u00a9-MediaPool-Jena.jpg 1400w, https:\/\/blog.jena.de\/strassenbaubeitraege\/wp-content\/uploads\/sites\/11\/2015\/03\/Das-beschauliche-Pennickental-in-Jena-mit-den-Kernbergen-im-Hintergrund-Foto-\u00a9-MediaPool-Jena-500x236.jpg 500w, https:\/\/blog.jena.de\/strassenbaubeitraege\/wp-content\/uploads\/sites\/11\/2015\/03\/Das-beschauliche-Pennickental-in-Jena-mit-den-Kernbergen-im-Hintergrund-Foto-\u00a9-MediaPool-Jena-768x362.jpg 768w, https:\/\/blog.jena.de\/strassenbaubeitraege\/wp-content\/uploads\/sites\/11\/2015\/03\/Das-beschauliche-Pennickental-in-Jena-mit-den-Kernbergen-im-Hintergrund-Foto-\u00a9-MediaPool-Jena-1000x471.jpg 1000w, https:\/\/blog.jena.de\/strassenbaubeitraege\/wp-content\/uploads\/sites\/11\/2015\/03\/Das-beschauliche-Pennickental-in-Jena-mit-den-Kernbergen-im-Hintergrund-Foto-\u00a9-MediaPool-Jena-600x283.jpg 600w\" sizes=\"auto, (max-width: 700px) 100vw, 700px\" \/><\/a><figcaption id=\"caption-attachment-475\" class=\"wp-caption-text\">Das beschauliche Pennickental in Jena mit den Kernbergen im Hintergrund &#8211; Foto \u00a9 MediaPool Jena<\/figcaption><\/figure>\n<p>Auf dieser Seite finden Sie eine \u00dcbersicht der aktuell in der Abteilung Beitr\u00e4ge bearbeiteten Beitragsumlagen oder solchen, die in Vorbereitung sind. Hierzu k\u00f6nnen sie bei den entsprechenden Sachbearbeitern und Sachbearbeiterinnen Nachfragen stellen.<\/p>\n<p><strong><span style=\"text-decoration: underline\">Derzeit in Berarbeitung bzw, Vorbereitung sind, jeweils mit Projektnummer (ROT = bereits angefordert):<\/span><\/strong><\/p>\n<p><span style=\"color: #ff0000\">15 \/ 01 = Stra\u00dfenherstellung insgesamt <strong>\u201ePennickental\u201c<\/strong> (&#8222;W\u00f6llnitzer Stra\u00dfe&#8220; bis Au\u00dfenbereichsgrenze)<\/span><br \/>\n15 \/ 02 = Stra\u00dfenbeleuchtung <strong>\u201eMittelstra\u00dfe\u201c<\/strong> (\u201eOtto-Schott-Stra\u00dfe\u201c bis \u201eKronfeldstra\u00dfe)<br \/>\n15 \/ 03 = Gehwege und Stra\u00dfenbeleuchtung <strong>\u201eBonhoefferstra\u00dfe\u201c<\/strong> (ganze L\u00e4nge)<br \/>\n15 \/ 04 = Stra\u00dfenherstellung insgesamt: <strong>\u201eOtto-Schott-Stra\u00dfe\u201c<\/strong> (\u201eMagdelstieg\u201c bis Zufahrt \u201eJenapharm\u201c)<br \/>\n15 \/ 05 = Gehwege und Stra\u00dfenbeleuchtung: <strong>\u201eSeidelstra\u00dfe\u201c<\/strong> (\u201eJenaertal\u201c in s\u00fcdlicher Richtung bis zum Ausbauende)<br \/>\n15 \/ 06 = Stra\u00dfenherstellung insgesamt: <strong>\u201eUnter der Lobdeburg\u201c<\/strong> (ganze L\u00e4nge)<br \/>\n15 \/ 07 = Stra\u00dfenherstellung insgesamt: <strong>\u201eMagdelstieg\u201c<\/strong> (Bahnunterf\u00fchrung bis \u201eTatzendpromenade\u201c)<br \/>\n15 \/ 08 = Stra\u00dfenbeleuchtung <strong>\u201eHinterweg\u201c<\/strong> (ganze L\u00e4nge)<br \/>\n15 \/ 09 = Stra\u00dfenherstellung insgesamt: <strong>\u201eLuise-Seidler-Stra\u00dfe\u201c \/ \u201eNeunkirchner Stra\u00dfe\u201c<\/strong> (jeweils in ganzer L\u00e4nge)<br \/>\n15 \/ 09 = Gehwege und Stra\u00dfenbeleuchtung als erstmalige Herstellung in der <strong>\u201eOrtsstra\u00dfe Vierzehnheiligen\u201c<\/strong><br \/>\n15 \/ 10 = Stra\u00dfenherstellung insgesamt: <strong>\u201eRiedstra\u00dfe\u201c<\/strong> (ganze L\u00e4nge)<br \/>\n15 \/ 11 = Stra\u00dfenherstellung insgesamt: <strong>\u201eBlumenstra\u00dfe\u201c<\/strong> (ganze L\u00e4nge)<\/p>\n<p><a href=\"https:\/\/blog.jena.de\/strassenbaubeitraege\/beispiel-seite\/\">HIER finden Sie unsere entsprechende Hauptseite<\/a> und <a href=\"http:\/\/blog.jena.de\/strassenbaubeitraege\/wp-content\/uploads\/sites\/11\/2014\/12\/BEITRAGSERHEBUNG-JENA-Massnahmen-Stand-05.-M\u00e4rz-2015.pdf\">DORT gibt es die aktuelle Liste auch als PDF zum Download!\u00a0\u00a0 (&#8230;klick&#8230;)<\/a><\/p>\n","protected":false},"excerpt":{"rendered":"<p>Auf dieser Seite finden Sie eine \u00dcbersicht der aktuell in der Abteilung Beitr\u00e4ge bearbeiteten Beitragsumlagen oder solchen, die in Vorbereitung sind. Hierzu k\u00f6nnen&hellip;<\/p>\n","protected":false},"author":12,"featured_media":476,"comment_status":"open","ping_status":"closed","sticky":false,"template":"","format":"standard","meta":{"footnotes":""},"categories":[1,2],"tags":[],"class_list":["post-474","post","type-post","status-publish","format-standard","has-post-thumbnail","hentry","category-allgemein","category-termine"],"_links":{"self":[{"href":"https:\/\/blog.jena.de\/strassenbaubeitraege\/wp-json\/wp\/v2\/posts\/474","targetHints":{"allow":["GET"]}}],"collection":[{"href":"https:\/\/blog.jena.de\/strassenbaubeitraege\/wp-json\/wp\/v2\/posts"}],"about":[{"href":"https:\/\/blog.jena.de\/strassenbaubeitraege\/wp-json\/wp\/v2\/types\/post"}],"author":[{"embeddable":true,"href":"https:\/\/blog.jena.de\/strassenbaubeitraege\/wp-json\/wp\/v2\/users\/12"}],"replies":[{"embeddable":true,"href":"https:\/\/blog.jena.de\/strassenbaubeitraege\/wp-json\/wp\/v2\/comments?post=474"}],"version-history":[{"count":3,"href":"https:\/\/blog.jena.de\/strassenbaubeitraege\/wp-json\/wp\/v2\/posts\/474\/revisions"}],"predecessor-version":[{"id":479,"href":"https:\/\/blog.jena.de\/strassenbaubeitraege\/wp-json\/wp\/v2\/posts\/474\/revisions\/479"}],"wp:featuredmedia":[{"embeddable":true,"href":"https:\/\/blog.jena.de\/strassenbaubeitraege\/wp-json\/wp\/v2\/media\/476"}],"wp:attachment":[{"href":"https:\/\/blog.jena.de\/strassenbaubeitraege\/wp-json\/wp\/v2\/media?parent=474"}],"wp:term":[{"taxonomy":"category","embeddable":true,"href":"https:\/\/blog.jena.de\/strassenbaubeitraege\/wp-json\/wp\/v2\/categories?post=474"},{"taxonomy":"post_tag","embeddable":true,"href":"https:\/\/blog.jena.de\/strassenbaubeitraege\/wp-json\/wp\/v2\/tags?post=474"}],"curies":[{"name":"wp","href":"https:\/\/api.w.org\/{rel}","templated":true}]}}