{"id":410,"date":"2015-02-26T12:47:13","date_gmt":"2015-02-26T11:47:13","guid":{"rendered":"http:\/\/blog.jena.de\/strassenbaubeitraege\/?p=410"},"modified":"2015-05-29T15:56:52","modified_gmt":"2015-05-29T13:56:52","slug":"nach-dem-beschluss-zum-b-plan-wie-es-im-neuen-hausbergviertel-mit-dem-beitragspflichtigen-strassenbau-weitergeht","status":"publish","type":"post","link":"https:\/\/blog.jena.de\/strassenbaubeitraege\/2015\/02\/26\/nach-dem-beschluss-zum-b-plan-wie-es-im-neuen-hausbergviertel-mit-dem-beitragspflichtigen-strassenbau-weitergeht\/","title":{"rendered":"Nach dem Beschluss zum B-Plan: Wie es im neuen &#8222;Hausbergviertel&#8220; mit dem beitragspflichtigen Stra\u00dfenbau weitergeht"},"content":{"rendered":"<figure id=\"attachment_69\" aria-describedby=\"caption-attachment-69\" style=\"width: 704px\" class=\"wp-caption aligncenter\"><a href=\"http:\/\/blog.jena.de\/strassenbaubeitraege\/wp-content\/uploads\/sites\/11\/2014\/12\/Aktueller-Entwurf-zur-Aenderung-des-Bebauungsplans-Hausbergviertel-\u00a9-Stadt-Jena-2014.jpg\"><img loading=\"lazy\" decoding=\"async\" class=\"wp-image-69 size-full\" src=\"http:\/\/blog.jena.de\/strassenbaubeitraege\/wp-content\/uploads\/sites\/11\/2014\/12\/Aktueller-Entwurf-zur-Aenderung-des-Bebauungsplans-Hausbergviertel-\u00a9-Stadt-Jena-2014.jpg\" alt=\"Aktueller Entwurf zur Aenderung des Bebauungsplans Hausbergviertel \u00a9 Stadt Jena 2014\" width=\"704\" height=\"886\" srcset=\"https:\/\/blog.jena.de\/strassenbaubeitraege\/wp-content\/uploads\/sites\/11\/2014\/12\/Aktueller-Entwurf-zur-Aenderung-des-Bebauungsplans-Hausbergviertel-\u00a9-Stadt-Jena-2014.jpg 704w, https:\/\/blog.jena.de\/strassenbaubeitraege\/wp-content\/uploads\/sites\/11\/2014\/12\/Aktueller-Entwurf-zur-Aenderung-des-Bebauungsplans-Hausbergviertel-\u00a9-Stadt-Jena-2014-397x500.jpg 397w, https:\/\/blog.jena.de\/strassenbaubeitraege\/wp-content\/uploads\/sites\/11\/2014\/12\/Aktueller-Entwurf-zur-Aenderung-des-Bebauungsplans-Hausbergviertel-\u00a9-Stadt-Jena-2014-600x755.jpg 600w, https:\/\/blog.jena.de\/strassenbaubeitraege\/wp-content\/uploads\/sites\/11\/2014\/12\/Aktueller-Entwurf-zur-Aenderung-des-Bebauungsplans-Hausbergviertel-\u00a9-Stadt-Jena-2014-548x690.jpg 548w\" sizes=\"auto, (max-width: 704px) 100vw, 704px\" \/><\/a><figcaption id=\"caption-attachment-69\" class=\"wp-caption-text\">Aktueller Entwurf zur Aenderung des Bebauungsplans Hausbergviertel \u00a9 Stadt Jena 2014<\/figcaption><\/figure>\n<p>Auf seiner Sitzung am 25.02.2015 hat der Jenaer Stadtrat mit 24 zu 15 Stimmen dem <a href=\"http:\/\/blog.jena.de\/strassenbaubeitraege\/wp-content\/uploads\/sites\/11\/2015\/02\/Beschlussvorlage-Stadtrat-Abwaegungsbeschluss-Hausbergviertel-2015.pdf\">2. Entwurf f\u00fcr die \u00c4nderung des Bebauungsplanes &#8222;Hausbergviertel&#8220;<\/a> zugestimmt. Damit ist dieser B-Plan verbindlich, nachdem zwischen 1991 und 2014 bereits sieben zugeh\u00f6rige Beschl\u00fcsse gefasst worden waren (= StVV Jena am 12.06.1991 sowie StR-am 28.10.2009, am 23.06.2010, am 16.12.2010, am 08.06.2011, am 15.12.2011 und an 16.07.2014).<\/p>\n<p>Dieser Bebaungsplan sieht die sog. &#8222;erstmalige endg\u00fcltige Herstellung&#8220; von insgesamt drei \u00f6ffentlichen Stra\u00dfen und mehreren Wegen vor. In der \u00d6ffentlichkeit wurden hierbei bisher vor allem die sog. &#8222;Planstra\u00dfe A&#8220; (= in der Abbildung blau gekennzeichnet), die sog., &#8222;Planstra\u00dfe B&#8220; (= in der Abbildung orange gekennzeichnet) und die Verl\u00e4ngerung der &#8222;Ulmer Stra\u00dfe&#8220; (= siehe Abbildung unten) diskutiert.<\/p>\n<p>Es handelt sich hierbei jeweils um Stra\u00dfen, f\u00fcr deren Herstellung in sp\u00e4teren Jahren <a href=\"http:\/\/blog.jena.de\/strassenbaubeitraege\/wp-content\/uploads\/sites\/11\/2014\/12\/Stadt-Jena-KSJ-Das-Baugesetzbuch-in-Auszuegen-Stand-November-2014.pdf\">Erschlie\u00dfungsbeitr\u00e4ge nach dem Baugesetzbuch (BauGB)<\/a> und der <a href=\"http:\/\/blog.jena.de\/strassenbaubeitraege\/wp-content\/uploads\/sites\/11\/2014\/12\/Erschlie\u00dfungsbeitragssatzung-der-Stadt-Jena-EBS.pdf\">Erschlie\u00dfungsbeitragssatzung der Stadt Jena (EBS)<\/a> f\u00e4llig werden. Dies ist so, weil die neu anzulegenden Stra\u00dfen bestimmte Grundst\u00fccke &#8222;baureif&#8220; machen und die Eigent\u00fcmer dieser Grundst\u00fccke hierf\u00fcr nach den \u00a7\u00a7 127 ff. des BauGB zu einer Zahlung von Erschlie\u00dfungsbeitr\u00e4gen verpflichtet sind.<\/p>\n<figure id=\"attachment_413\" aria-describedby=\"caption-attachment-413\" style=\"width: 700px\" class=\"wp-caption aligncenter\"><a href=\"http:\/\/blog.jena.de\/strassenbaubeitraege\/wp-content\/uploads\/sites\/11\/2015\/02\/Planstrasse-A-und-Plantrasse-B-Abbildung-\u00a9-Stadt-Jena-KSJ.png\"><img loading=\"lazy\" decoding=\"async\" class=\"wp-image-413 size-full\" src=\"http:\/\/blog.jena.de\/strassenbaubeitraege\/wp-content\/uploads\/sites\/11\/2015\/02\/Planstrasse-A-und-Plantrasse-B-Abbildung-\u00a9-Stadt-Jena-KSJ.png\" alt=\"Planstrasse A und Plantrasse B - Abbildung \u00a9 Stadt Jena KSJ\" width=\"700\" height=\"250\" srcset=\"https:\/\/blog.jena.de\/strassenbaubeitraege\/wp-content\/uploads\/sites\/11\/2015\/02\/Planstrasse-A-und-Plantrasse-B-Abbildung-\u00a9-Stadt-Jena-KSJ.png 700w, https:\/\/blog.jena.de\/strassenbaubeitraege\/wp-content\/uploads\/sites\/11\/2015\/02\/Planstrasse-A-und-Plantrasse-B-Abbildung-\u00a9-Stadt-Jena-KSJ-500x179.png 500w, https:\/\/blog.jena.de\/strassenbaubeitraege\/wp-content\/uploads\/sites\/11\/2015\/02\/Planstrasse-A-und-Plantrasse-B-Abbildung-\u00a9-Stadt-Jena-KSJ-600x214.png 600w\" sizes=\"auto, (max-width: 700px) 100vw, 700px\" \/><\/a><figcaption id=\"caption-attachment-413\" class=\"wp-caption-text\">B-Plan Hausbergviertel: &#8222;Planstra\u00dfe A&#8220; und &#8222;Plantra\u00dfe B&#8220; &#8211; Abbildung \u00a9 Stadt Jena KSJ<\/figcaption><\/figure>\n<p>Dies betrifft sowohl die beiden gro\u00dfen Grundst\u00fcckseigent\u00fcmer an den Planstra\u00dfen &#8222;A&#8220; und &#8222;B&#8220; &#8211; eine private Wohnbaukonzept-Firma aus Jena und die Kommunalen Immobilien Jena (KIJ) &#8211; als auch die direkten Grundsrt\u00fccksanlieger an der zu verl\u00e4ngernden &#8222;Ulmer Stra\u00dfe&#8220; (= in der Abbildung unten mit einem roten Rahmen gekennzeichnet. An der &#8222;Ulmer Stra\u00dfe&#8220; sind es (die gerade erw\u00e4hnte) private Wohnbaukonzept-Firma aus Jena als auch mehrere Altanlieger dieses Bereichs.<\/p>\n<figure id=\"attachment_412\" aria-describedby=\"caption-attachment-412\" style=\"width: 520px\" class=\"wp-caption aligncenter\"><a href=\"http:\/\/blog.jena.de\/strassenbaubeitraege\/wp-content\/uploads\/sites\/11\/2015\/02\/Das-Neubau-Teil-der-Ulmer-Strasse-Abbildung-\u00a9-Stadt-Jena-KSJ.png\"><img loading=\"lazy\" decoding=\"async\" class=\"wp-image-412 size-full\" src=\"http:\/\/blog.jena.de\/strassenbaubeitraege\/wp-content\/uploads\/sites\/11\/2015\/02\/Das-Neubau-Teil-der-Ulmer-Strasse-Abbildung-\u00a9-Stadt-Jena-KSJ.png\" alt=\"Das Neubau-Teil der Ulmer Strasse - Abbildung \u00a9 Stadt Jena KSJ\" width=\"520\" height=\"300\" srcset=\"https:\/\/blog.jena.de\/strassenbaubeitraege\/wp-content\/uploads\/sites\/11\/2015\/02\/Das-Neubau-Teil-der-Ulmer-Strasse-Abbildung-\u00a9-Stadt-Jena-KSJ.png 520w, https:\/\/blog.jena.de\/strassenbaubeitraege\/wp-content\/uploads\/sites\/11\/2015\/02\/Das-Neubau-Teil-der-Ulmer-Strasse-Abbildung-\u00a9-Stadt-Jena-KSJ-500x288.png 500w\" sizes=\"auto, (max-width: 520px) 100vw, 520px\" \/><\/a><figcaption id=\"caption-attachment-412\" class=\"wp-caption-text\">Das Neubau-Teil der &#8222;Ulmer Stra\u00dfe&#8220; &#8211; Abbildung \u00a9 Stadt Jena KSJ<\/figcaption><\/figure>\n<p>Da nach den Regelungen des BauGB sowie <a href=\"http:\/\/blog.jena.de\/strassenbaubeitraege\/wp-content\/uploads\/sites\/11\/2014\/12\/Stadt-Jena-KSJ-Das-Thueringer-Kommunalabgabengesetz-in-Auszuegen-Stand-Dezember-2014.pdf\">\u00a7 13 der Th\u00fcringer Kommunalabgabengesetzes (Th\u00fcrKAG)<\/a> KEINE Beschlussfassung im Stadtentwicklungsausschuss oder dem Stadtrat zur beitragspflichtigen Herstellung notwendig ist, werden wir &#8211; <a title=\"B-Plan Hausbergviertel ist im Januar 2015 wieder Thema im Stadtrat\" href=\"http:\/\/blog.jena.de\/strassenbaubeitraege\/2014\/12\/19\/b-plan-hausberviertel-ist-im-januar-2015-wieder-thema-im-stadtrat\/\">wie es in diesem Blog bereits im Januar 2015 angek\u00fcndigt wurde<\/a> &#8211; hierzu auch keine entsprechenden Beschl\u00fcsse einbringen.<\/p>\n<p>Jedoch wird der Kommunalservice Jena &#8211; wie ebenfalls im Januar angek\u00fcndigt &#8211; die betroffenen Anlieger des Bebaungsplangebietes in den n\u00e4chsten Monaten schriftlich \u00fcber die bundesrechtlichen Besonderheiten und Regelungen des Beitragsrechts informieren und im Sommer bzw. Herbst 2015 die voraussichtlichen Beitragsh\u00f6hen nennen.<\/p>\n<p>Hierzu begleitend wird es im April 2015 im Stadtentwicklungsausschuss eine entsprechende Berichtsvorlage zur erstmaligen endg\u00fcltige Herstellung von \u00f6ffentlichen Stra\u00dfen und Wegen im B-Plangebiet Hausbergviertel geben.<\/p>\n<p>Bereits in diesem Jahr soll dann der Neubau der &#8222;Ulmer Stra\u00dfe&#8220; beginnen; hier wird das Bauende 2016 erwartet. Mit dem Baubeginn der beiden Planstra\u00dfen ist jedoch erst im kommenden Jahr zu rechnen.<\/p>\n","protected":false},"excerpt":{"rendered":"<p>Auf seiner Sitzung am 25.02.2015 hat der Jenaer Stadtrat mit 24 zu 15 Stimmen dem 2. Entwurf f\u00fcr die \u00c4nderung des Bebauungsplanes &#8222;Hausbergviertel&#8220;&hellip;<\/p>\n","protected":false},"author":12,"featured_media":68,"comment_status":"open","ping_status":"closed","sticky":false,"template":"","format":"standard","meta":{"footnotes":""},"categories":[1,2],"tags":[],"class_list":["post-410","post","type-post","status-publish","format-standard","has-post-thumbnail","hentry","category-allgemein","category-termine"],"_links":{"self":[{"href":"https:\/\/blog.jena.de\/strassenbaubeitraege\/wp-json\/wp\/v2\/posts\/410","targetHints":{"allow":["GET"]}}],"collection":[{"href":"https:\/\/blog.jena.de\/strassenbaubeitraege\/wp-json\/wp\/v2\/posts"}],"about":[{"href":"https:\/\/blog.jena.de\/strassenbaubeitraege\/wp-json\/wp\/v2\/types\/post"}],"author":[{"embeddable":true,"href":"https:\/\/blog.jena.de\/strassenbaubeitraege\/wp-json\/wp\/v2\/users\/12"}],"replies":[{"embeddable":true,"href":"https:\/\/blog.jena.de\/strassenbaubeitraege\/wp-json\/wp\/v2\/comments?post=410"}],"version-history":[{"count":11,"href":"https:\/\/blog.jena.de\/strassenbaubeitraege\/wp-json\/wp\/v2\/posts\/410\/revisions"}],"predecessor-version":[{"id":417,"href":"https:\/\/blog.jena.de\/strassenbaubeitraege\/wp-json\/wp\/v2\/posts\/410\/revisions\/417"}],"wp:featuredmedia":[{"embeddable":true,"href":"https:\/\/blog.jena.de\/strassenbaubeitraege\/wp-json\/wp\/v2\/media\/68"}],"wp:attachment":[{"href":"https:\/\/blog.jena.de\/strassenbaubeitraege\/wp-json\/wp\/v2\/media?parent=410"}],"wp:term":[{"taxonomy":"category","embeddable":true,"href":"https:\/\/blog.jena.de\/strassenbaubeitraege\/wp-json\/wp\/v2\/categories?post=410"},{"taxonomy":"post_tag","embeddable":true,"href":"https:\/\/blog.jena.de\/strassenbaubeitraege\/wp-json\/wp\/v2\/tags?post=410"}],"curies":[{"name":"wp","href":"https:\/\/api.w.org\/{rel}","templated":true}]}}