{"id":3425,"date":"2019-08-31T07:35:51","date_gmt":"2019-08-31T05:35:51","guid":{"rendered":"https:\/\/blog.jena.de\/strassenbaubeitraege\/?p=3425"},"modified":"2019-09-04T14:00:28","modified_gmt":"2019-09-04T12:00:28","slug":"kostenersatz-strassenbeitraege-wie-jena-seine-ansprueche-gegenueber-dem-freistaat-berechnet-4","status":"publish","type":"post","link":"https:\/\/blog.jena.de\/strassenbaubeitraege\/2019\/08\/31\/kostenersatz-strassenbeitraege-wie-jena-seine-ansprueche-gegenueber-dem-freistaat-berechnet-4\/","title":{"rendered":"Kostenersatz \u201eStra\u00dfenbeitr\u00e4ge\u201c: Wie Jena seine Anspr\u00fcche gegen\u00fcber dem Freistaat berechnet (4)"},"content":{"rendered":"\n<p><strong>2.) Beantragung der Ersatzzahlungen f\u00fcr Jenaer Stra\u00dfenausbauprojekte, die im Jahre 2019 beendet wurden, jedoch vor dem 01.01.2019 begonnen waren [Fortsetzung]<br \/><\/strong><\/p>\n<p>Zu C): Die <strong>Marktstra\u00dfe<\/strong> als Teil 3 der Ortsdurchfahrt Lobeda-Altstadt ist in Kategorie B (= Haupterschlie\u00dfungsstra\u00dfe) eingestuft. Hier h\u00e4tten sich Anlieger mit folgenden Prozenten an den umlagef\u00e4higen Herstellungskosten zu beteiligen&#8230;<\/p>\n<p>&#8230;Fahrbahn 45 % \/\/\/ Radweg 45 % \/\/\/ Parkstreifen 55 % \/\/\/ Gehweg 55 % \/\/\/ Stra\u00dfenbeleuchtung 55 % \/\/\/ Stra\u00dfenoberfl\u00e4chenentw\u00e4sserung 55 % \/\/\/ unselbstst\u00e4ndige Gr\u00fcnanlagen sowie Stra\u00dfenbegleitgr\u00fcn 55 %<\/p>\n<p>Als Grundlage f\u00fcr die Ausschreibung waren die detailierten Unterlagen der Abt. Strategie und Planung des KSJ. Nach Ausschreibung, Auftragsvergabe, Bau und Beendigung der Stra\u00dfenherstellungsma\u00dfnahme ergaben sich f\u00fcr den Ausbau des Stadthofs, nach Abzug des st\u00e4dt. Eigenanteils und um anteilige F\u00f6rdermittel reduziert, beitragsf\u00e4hige Gesamtkosten in H\u00f6he von rund 675.000 Euro. Abz\u00fcglich der Verg\u00fcnstigung f\u00fcr Eckgrundst\u00fccke bzw. mehrfach erschlossene Grundst\u00fccke, w\u00e4ren 2019 rund 501.000 Euro umzulegen gewesen. Da die Stadt Jena erwogen hatte, 2019 vor Eingang der letzten Unternehmerrechnung eine Vorausleistung von 70 % der umzulegenden Summe zu erheben, sind ihr aufgrund der Tatsache, dem Wunsch der Landesregierung gefolgt zu sein, in diesem Jahr keine Beitr\u00e4ge bzw. Vorausleistungen auf Beitr\u00e4ge zu erheben, diese ca. 500.000 Euro an Beitragseinnahmen entgangen.<\/p>\n<p><strong>In Rechnung gestellt werden dem Freistaat Th\u00fcringen deshalb f\u00fcr die Marktstra\u00dfe im Jahre 2019 diese 500.000 Euro.<\/strong><\/p>\n<figure id=\"attachment_3026\" aria-describedby=\"caption-attachment-3026\" style=\"width: 1920px\" class=\"wp-caption aligncenter\"><img loading=\"lazy\" decoding=\"async\" id=\"longdesc-return-3026\" class=\"size-full wp-image-3026\" src=\"https:\/\/blog.jena.de\/strassenbaubeitraege\/wp-content\/uploads\/sites\/11\/2018\/11\/strassenbaubeitraege-rot-rot-gruenes-kabinett-beschliesst-strassenbaubeitrags-abschaffung-aber-es-kann-noch-dauern-die-strassenbaustelle-stadthof-marktstrasse.jpg\" alt=\"\" width=\"1920\" height=\"1081\" longdesc=\"https:\/\/blog.jena.de\/strassenbaubeitraege?longdesc=3026&amp;referrer=3425\" srcset=\"https:\/\/blog.jena.de\/strassenbaubeitraege\/wp-content\/uploads\/sites\/11\/2018\/11\/strassenbaubeitraege-rot-rot-gruenes-kabinett-beschliesst-strassenbaubeitrags-abschaffung-aber-es-kann-noch-dauern-die-strassenbaustelle-stadthof-marktstrasse.jpg 1920w, https:\/\/blog.jena.de\/strassenbaubeitraege\/wp-content\/uploads\/sites\/11\/2018\/11\/strassenbaubeitraege-rot-rot-gruenes-kabinett-beschliesst-strassenbaubeitrags-abschaffung-aber-es-kann-noch-dauern-die-strassenbaustelle-stadthof-marktstrasse-500x282.jpg 500w, https:\/\/blog.jena.de\/strassenbaubeitraege\/wp-content\/uploads\/sites\/11\/2018\/11\/strassenbaubeitraege-rot-rot-gruenes-kabinett-beschliesst-strassenbaubeitrags-abschaffung-aber-es-kann-noch-dauern-die-strassenbaustelle-stadthof-marktstrasse-768x432.jpg 768w, https:\/\/blog.jena.de\/strassenbaubeitraege\/wp-content\/uploads\/sites\/11\/2018\/11\/strassenbaubeitraege-rot-rot-gruenes-kabinett-beschliesst-strassenbaubeitrags-abschaffung-aber-es-kann-noch-dauern-die-strassenbaustelle-stadthof-marktstrasse-1000x563.jpg 1000w, https:\/\/blog.jena.de\/strassenbaubeitraege\/wp-content\/uploads\/sites\/11\/2018\/11\/strassenbaubeitraege-rot-rot-gruenes-kabinett-beschliesst-strassenbaubeitrags-abschaffung-aber-es-kann-noch-dauern-die-strassenbaustelle-stadthof-marktstrasse-1024x576.jpg 1024w, https:\/\/blog.jena.de\/strassenbaubeitraege\/wp-content\/uploads\/sites\/11\/2018\/11\/strassenbaubeitraege-rot-rot-gruenes-kabinett-beschliesst-strassenbaubeitrags-abschaffung-aber-es-kann-noch-dauern-die-strassenbaustelle-stadthof-marktstrasse-1260x709.jpg 1260w, https:\/\/blog.jena.de\/strassenbaubeitraege\/wp-content\/uploads\/sites\/11\/2018\/11\/strassenbaubeitraege-rot-rot-gruenes-kabinett-beschliesst-strassenbaubeitrags-abschaffung-aber-es-kann-noch-dauern-die-strassenbaustelle-stadthof-marktstrasse-800x450.jpg 800w, https:\/\/blog.jena.de\/strassenbaubeitraege\/wp-content\/uploads\/sites\/11\/2018\/11\/strassenbaubeitraege-rot-rot-gruenes-kabinett-beschliesst-strassenbaubeitrags-abschaffung-aber-es-kann-noch-dauern-die-strassenbaustelle-stadthof-marktstrasse-1226x690.jpg 1226w, https:\/\/blog.jena.de\/strassenbaubeitraege\/wp-content\/uploads\/sites\/11\/2018\/11\/strassenbaubeitraege-rot-rot-gruenes-kabinett-beschliesst-strassenbaubeitrags-abschaffung-aber-es-kann-noch-dauern-die-strassenbaustelle-stadthof-marktstrasse-1320x743.jpg 1320w\" sizes=\"auto, (max-width: 1920px) 100vw, 1920px\" \/><figcaption id=\"caption-attachment-3026\" class=\"wp-caption-text\">KSJ<\/figcaption><\/figure>\n<p style=\"text-align: center\"><strong>Fazit und Zusammenfassung<\/strong><\/p>\n<p>Die Stadt Jena wird f\u00fcr das Jahr 2019 beim Freistaat Th\u00fcringen <strong>Beitragsersatzzahlungen f\u00fcr zwei unterschiedliche Falltypen<\/strong> verlangen.<\/p>\n<p><strong>Erstens f\u00fcr Jenaer Stra\u00dfenausbauprojekte des Jahres 2019, die ab dem 01.01.2019 begonnen wurden <\/strong>und <strong>zweitens f\u00fcr Jenaer Stra\u00dfenausbauprojekte, die im Jahre 2019 beendet wurden, jedoch vor dem 01.01.2019 begonnen waren<\/strong>.<\/p>\n<p>In beiden Falltypen liegen den Forderungen dezidierte Unterlagen zugrunde \u00fcber<\/p>\n<p><em>I.) Verkehrsanlage plus Bauprojekt (inkl. Planung- bzw. Bauausf\u00fchrung),<\/em><\/p>\n<p><em>II.) klassifizierende Einstufung der Anlage,<\/em><\/p>\n<p><em>III.) Darstellung der beitragspflichtigen Grundst\u00fccke und ggf. der fakultativen Verg\u00fcnstigung f\u00fcr mehrfach erschlossene Grundst\u00fccke,<\/em><\/p>\n<p><em>IV.) Rechnungen und Angaben \u00fcber F\u00f6rdermittel und deren Ber\u00fccksichtigung,<\/em><\/p>\n<p><em>V.) individuelle beitragsrechtliche Einsch\u00e4tzung der Situation durch die Abteilung Beitr\u00e4ge des Kommunalservice Jena.<\/em><\/p>\n<p><strong>F\u00fcr 2019 werden Beitragsersatzzahlungen (wie zuvor beschrieben) beantragt werden:<\/strong><\/p>\n<p>Aus Falltyp A (= grundhafte Stra\u00dfenausbauprojekte, Erneuerungen, Verbesserungen, Erweiterungen, die ab dem 01.01.2019 begonnen wurden: 1,420 Mio. Euro<\/p>\n<p>Aus Falltyp B (= grundhafte Stra\u00dfenausbauprojekte, Erneuerungen, Verbesserungen, Erweiterungen, die im Jahre 2019 beendet wurden, jedoch vor dem 01.01.2019 begonnen waren: 1,115 Mio. Euro<\/p>\n<p>Es ist somit von einer <strong>Gesamtsumme in H\u00f6he von 2,5 Mio. Euro<\/strong> auszugehen, die der Freistaat Th\u00fcringen wegen der Abschaffung der Beitragserhebung nach dem Th\u00fcringer Kommunalabgabengesetz der Stadt Jena f\u00fcr 2019 zu ersetzen hat. Berechnungen f\u00fcr das Jahr 2020 sind bereits in Vorbereitung: hier sind es nach derzeitigem Stand etwa 1,8 Mio. Euro, die Jena beantragen k\u00f6nnte.<\/p>\n<p>Man darf hierbei nicht vergessen: F\u00fcr abgeschlossene Bauma\u00dfnahmen hat die Stadt bereits die Rechnungen an Baubetriebe, Ingenieurb\u00fcros und andere Dritte gezahlt. \/ RS<\/p>\n<hr \/>\n<p><strong><a href=\"https:\/\/blog.jena.de\/strassenbaubeitraege\/?s=kostenersatz&amp;submit=Search\">HIER FINDET MAN ALLE VIER TEILE DES ARTIKELS IN DER \u00dcBERSICHT!<\/a> &#8211; Hinweis: F\u00fcr R\u00fcck- und Nachfragen steht die Abteilung Beitr\u00e4ge des Kommunalservice Jena gerne zu Ausk\u00fcnften bereit<\/strong><\/p>\n","protected":false},"excerpt":{"rendered":"<p>2.) Beantragung der Ersatzzahlungen f\u00fcr Jenaer Stra\u00dfenausbauprojekte, die im Jahre 2019 beendet wurden, jedoch vor dem 01.01.2019 begonnen waren [Fortsetzung] Zu C): Die&hellip;<\/p>\n","protected":false},"author":12,"featured_media":3426,"comment_status":"open","ping_status":"closed","sticky":false,"template":"","format":"standard","meta":{"footnotes":""},"categories":[1],"tags":[],"class_list":["post-3425","post","type-post","status-publish","format-standard","has-post-thumbnail","hentry","category-allgemein"],"_links":{"self":[{"href":"https:\/\/blog.jena.de\/strassenbaubeitraege\/wp-json\/wp\/v2\/posts\/3425","targetHints":{"allow":["GET"]}}],"collection":[{"href":"https:\/\/blog.jena.de\/strassenbaubeitraege\/wp-json\/wp\/v2\/posts"}],"about":[{"href":"https:\/\/blog.jena.de\/strassenbaubeitraege\/wp-json\/wp\/v2\/types\/post"}],"author":[{"embeddable":true,"href":"https:\/\/blog.jena.de\/strassenbaubeitraege\/wp-json\/wp\/v2\/users\/12"}],"replies":[{"embeddable":true,"href":"https:\/\/blog.jena.de\/strassenbaubeitraege\/wp-json\/wp\/v2\/comments?post=3425"}],"version-history":[{"count":4,"href":"https:\/\/blog.jena.de\/strassenbaubeitraege\/wp-json\/wp\/v2\/posts\/3425\/revisions"}],"predecessor-version":[{"id":3444,"href":"https:\/\/blog.jena.de\/strassenbaubeitraege\/wp-json\/wp\/v2\/posts\/3425\/revisions\/3444"}],"wp:featuredmedia":[{"embeddable":true,"href":"https:\/\/blog.jena.de\/strassenbaubeitraege\/wp-json\/wp\/v2\/media\/3426"}],"wp:attachment":[{"href":"https:\/\/blog.jena.de\/strassenbaubeitraege\/wp-json\/wp\/v2\/media?parent=3425"}],"wp:term":[{"taxonomy":"category","embeddable":true,"href":"https:\/\/blog.jena.de\/strassenbaubeitraege\/wp-json\/wp\/v2\/categories?post=3425"},{"taxonomy":"post_tag","embeddable":true,"href":"https:\/\/blog.jena.de\/strassenbaubeitraege\/wp-json\/wp\/v2\/tags?post=3425"}],"curies":[{"name":"wp","href":"https:\/\/api.w.org\/{rel}","templated":true}]}}