{"id":3114,"date":"2018-11-15T04:00:56","date_gmt":"2018-11-15T03:00:56","guid":{"rendered":"https:\/\/blog.jena.de\/strassenbaubeitraege\/?p=3114"},"modified":"2018-11-15T04:03:23","modified_gmt":"2018-11-15T03:03:23","slug":"die-otz-berichtet-stadt-darf-nicht-verzichten-auf-strassenbeitrag","status":"publish","type":"post","link":"https:\/\/blog.jena.de\/strassenbaubeitraege\/2018\/11\/15\/die-otz-berichtet-stadt-darf-nicht-verzichten-auf-strassenbeitrag\/","title":{"rendered":"Die OTZ berichtet: &#8222;Stadt darf nicht verzichten auf Stra\u00dfenbeitrag&#8220;"},"content":{"rendered":"<p>Unter dem Titel &#8222;Stadt darf nicht verzichten auf Stra\u00dfenbeitrag&#8220; berichtet die Ostth\u00fcringer Zeitung in ihrer Onlineausgabe vom 15.11.2018 \u00fcber den Oberb\u00fcrgermeister der Stadt Jena, Dr. Thomas Nitzsche. Dort hei\u00dft es u.a.:<\/p>\n<p>(&#8230;) Nitzsche sagte gestern, dass er selbst vor Monaten noch als normaler FDP-Stadtrat f\u00fcr eine Absenkung der Anlieger-Anteile gefochten habe. (&#8230;) Schon die Absenkung \u2013 gar nicht zu reden vom Verzicht \u2013 setze nach derzeitiger Gesetzeslage voraus, dass der Stadthaushalt \u201edauerhaft leistungsf\u00e4hig ist\u201c, wie Nitzsche sich bei Vorsprache im Landesverwaltungsamt versichern lie\u00df. \u201eIn der Lage sind wir aber aktuell nicht.\u201c Mittelfristig geschaut, seien die Ausgaben der Stadt immer noch gr\u00f6\u00dfer als die Einnahmen. (&#8230;)<\/p>\n<p><a href=\"https:\/\/jena.otz.de\/web\/jena\/startseite\/detail\/-\/specific\/Stadt-darf-nicht-verzichten-auf-Strassenbeitrag-711724564\" target=\"_blank\" rel=\"noopener\">Den kompletten Artikel kann man HIER nachlesen!<\/a> Lesen Sie zum Thema auch <a href=\"https:\/\/blog.jena.de\/strassenbaubeitraege\/2018\/11\/13\/nicht-nachvollziehbar-und-rechtlich-nicht-bindend-jenaer-mdl-kritisiert-entscheidung-des-landesverwaltungsamtes\/\" target=\"_blank\" rel=\"noopener\">DIESEN BERICHT!<\/a><\/p>\n","protected":false},"excerpt":{"rendered":"<p>Unter dem Titel &#8222;Stadt darf nicht verzichten auf Stra\u00dfenbeitrag&#8220; berichtet die Ostth\u00fcringer Zeitung in ihrer Onlineausgabe vom 15.11.2018 \u00fcber den Oberb\u00fcrgermeister der Stadt&hellip;<\/p>\n","protected":false},"author":12,"featured_media":2023,"comment_status":"open","ping_status":"closed","sticky":false,"template":"","format":"standard","meta":{"footnotes":""},"categories":[4,1,8],"tags":[],"class_list":["post-3114","post","type-post","status-publish","format-standard","has-post-thumbnail","hentry","category-beitragserhebung","category-allgemein","category-pruefauftraege"],"_links":{"self":[{"href":"https:\/\/blog.jena.de\/strassenbaubeitraege\/wp-json\/wp\/v2\/posts\/3114","targetHints":{"allow":["GET"]}}],"collection":[{"href":"https:\/\/blog.jena.de\/strassenbaubeitraege\/wp-json\/wp\/v2\/posts"}],"about":[{"href":"https:\/\/blog.jena.de\/strassenbaubeitraege\/wp-json\/wp\/v2\/types\/post"}],"author":[{"embeddable":true,"href":"https:\/\/blog.jena.de\/strassenbaubeitraege\/wp-json\/wp\/v2\/users\/12"}],"replies":[{"embeddable":true,"href":"https:\/\/blog.jena.de\/strassenbaubeitraege\/wp-json\/wp\/v2\/comments?post=3114"}],"version-history":[{"count":3,"href":"https:\/\/blog.jena.de\/strassenbaubeitraege\/wp-json\/wp\/v2\/posts\/3114\/revisions"}],"predecessor-version":[{"id":3119,"href":"https:\/\/blog.jena.de\/strassenbaubeitraege\/wp-json\/wp\/v2\/posts\/3114\/revisions\/3119"}],"wp:featuredmedia":[{"embeddable":true,"href":"https:\/\/blog.jena.de\/strassenbaubeitraege\/wp-json\/wp\/v2\/media\/2023"}],"wp:attachment":[{"href":"https:\/\/blog.jena.de\/strassenbaubeitraege\/wp-json\/wp\/v2\/media?parent=3114"}],"wp:term":[{"taxonomy":"category","embeddable":true,"href":"https:\/\/blog.jena.de\/strassenbaubeitraege\/wp-json\/wp\/v2\/categories?post=3114"},{"taxonomy":"post_tag","embeddable":true,"href":"https:\/\/blog.jena.de\/strassenbaubeitraege\/wp-json\/wp\/v2\/tags?post=3114"}],"curies":[{"name":"wp","href":"https:\/\/api.w.org\/{rel}","templated":true}]}}