{"id":2954,"date":"2018-10-22T10:25:37","date_gmt":"2018-10-22T08:25:37","guid":{"rendered":"https:\/\/blog.jena.de\/strassenbaubeitraege\/?p=2954"},"modified":"2018-10-23T00:33:37","modified_gmt":"2018-10-22T22:33:37","slug":"strassenausbaubeitraege-freistaat-plant-moratorium-zur-abgabenbefreiung","status":"publish","type":"post","link":"https:\/\/blog.jena.de\/strassenbaubeitraege\/2018\/10\/22\/strassenausbaubeitraege-freistaat-plant-moratorium-zur-abgabenbefreiung\/","title":{"rendered":"Stra\u00dfenausbaubeitr\u00e4ge: Freistaat plant Moratorium zur Abgabenbefreiung"},"content":{"rendered":"<p>Die rot-rot-gr\u00fcne Koalition legt im Verfahren zur Abschaffung der Stra\u00dfen(aus)baubeitr\u00e4ge in Th\u00fcringen einen Gang zu und plant sogar, bis zum Inkrafttreten einer entsprechenden \u00c4nderung im Th\u00fcringer Kommunalabgagengesetz \/ Th\u00fcrKAG, mit dem 1. Januar 2019 <a href=\"https:\/\/www.mdr.de\/thueringen\/strassenausbaubeitraege-abschaffung-januar-100.html\" target=\"_blank\" rel=\"noopener\">ein Moratorium wirksam werden zu lassen, das Haus- und Grundst\u00fccksbesitzer komplett von der Erhebung solcher Kommunalabgaben befreien soll.<\/a><\/p>\n<p>Obwohl dem Vernehmen nach die Kommunen f\u00fcr damit verbundene Einnahmeausf\u00e4lle vom Freistaat entsch\u00e4digt werden sollen, weist Rainer Sauer, Leiter der Abteilung Beitr\u00e4ge der Stadt Jena, auf Schwierigkeiten hin, die mit einem solchen Moratorium einhergehen w\u00fcrden, und kl\u00e4rt zudem \u00fcber den Irrglauben auf, dass es nach einer Gesetzes\u00e4nderung keine Erhebung von Stra\u00dfen(aus)baubeitr\u00e4gen mehr geben werde. Sauer:<\/p>\n<blockquote><p>&#8222;Auch wenn ein von verschiedenen Landtagsfraktionen in Auftrag gegebenes Rechtsgutachten noch abzuwarten ist, gilt das aktuelle Th\u00fcringer Kommunalabgabengesetz bis zu seiner \u00c4nderung in allen Konsequenzen. Das hei\u00dft, dass Stra\u00dfenausbaubeitr\u00e4ge von den Kommunen verbindlich zu erheben sind.&#8220;<\/p><\/blockquote>\n<p>Und auch nach einer Gesetzes\u00e4nderung kommt es zu keinem Stopp der Beitragserhebung f\u00fcr nach dem aktuellen Gesetz beitragspflichtige Stra\u00dfenausbauma\u00dfnahmen, wie der Dipl.-Verw. (FH), der in Jena seit 1991 f\u00fcr die Erhebung von Erschlie\u00dfungs- und Stra\u00dfenbeitr\u00e4gen verantwortlich ist, erkl\u00e4rt.<\/p>\n<blockquote><p>&#8222;Mit der endg\u00fcltigen Abschaffung der Stra\u00dfenbeitragserhebung im Th\u00fcrKAG entsteht eine Regelung f\u00fcr die Zukunft, die alle zuk\u00fcnftigen Bauma\u00dfnahmen ab dem Stichtag des Inkrafttretens betrifft. Damit ist keine R\u00fcckwirkung m\u00f6glich. Dies gilt auch f\u00fcr ein m\u00f6gliches Moratorium.&#8220;<\/p><\/blockquote>\n<figure id=\"attachment_2956\" aria-describedby=\"caption-attachment-2956\" style=\"width: 1920px\" class=\"wp-caption aligncenter\"><img loading=\"lazy\" decoding=\"async\" id=\"longdesc-return-2956\" class=\"size-full wp-image-2956\" src=\"https:\/\/blog.jena.de\/strassenbaubeitraege\/wp-content\/uploads\/sites\/11\/2018\/10\/strassenbaubeitraege-strassenausbaubeitraege-rot-rot-gruen-plant-moratorium-zur-abgabenbefreiung-buerger-diskutieren-mit-der-stadt.jpg\" alt=\"\" width=\"1920\" height=\"1081\" longdesc=\"https:\/\/blog.jena.de\/strassenbaubeitraege?longdesc=2956&amp;referrer=2954\" srcset=\"https:\/\/blog.jena.de\/strassenbaubeitraege\/wp-content\/uploads\/sites\/11\/2018\/10\/strassenbaubeitraege-strassenausbaubeitraege-rot-rot-gruen-plant-moratorium-zur-abgabenbefreiung-buerger-diskutieren-mit-der-stadt.jpg 1920w, https:\/\/blog.jena.de\/strassenbaubeitraege\/wp-content\/uploads\/sites\/11\/2018\/10\/strassenbaubeitraege-strassenausbaubeitraege-rot-rot-gruen-plant-moratorium-zur-abgabenbefreiung-buerger-diskutieren-mit-der-stadt-500x282.jpg 500w, https:\/\/blog.jena.de\/strassenbaubeitraege\/wp-content\/uploads\/sites\/11\/2018\/10\/strassenbaubeitraege-strassenausbaubeitraege-rot-rot-gruen-plant-moratorium-zur-abgabenbefreiung-buerger-diskutieren-mit-der-stadt-768x432.jpg 768w, https:\/\/blog.jena.de\/strassenbaubeitraege\/wp-content\/uploads\/sites\/11\/2018\/10\/strassenbaubeitraege-strassenausbaubeitraege-rot-rot-gruen-plant-moratorium-zur-abgabenbefreiung-buerger-diskutieren-mit-der-stadt-1000x563.jpg 1000w, https:\/\/blog.jena.de\/strassenbaubeitraege\/wp-content\/uploads\/sites\/11\/2018\/10\/strassenbaubeitraege-strassenausbaubeitraege-rot-rot-gruen-plant-moratorium-zur-abgabenbefreiung-buerger-diskutieren-mit-der-stadt-1024x576.jpg 1024w, https:\/\/blog.jena.de\/strassenbaubeitraege\/wp-content\/uploads\/sites\/11\/2018\/10\/strassenbaubeitraege-strassenausbaubeitraege-rot-rot-gruen-plant-moratorium-zur-abgabenbefreiung-buerger-diskutieren-mit-der-stadt-1260x709.jpg 1260w, https:\/\/blog.jena.de\/strassenbaubeitraege\/wp-content\/uploads\/sites\/11\/2018\/10\/strassenbaubeitraege-strassenausbaubeitraege-rot-rot-gruen-plant-moratorium-zur-abgabenbefreiung-buerger-diskutieren-mit-der-stadt-800x450.jpg 800w, https:\/\/blog.jena.de\/strassenbaubeitraege\/wp-content\/uploads\/sites\/11\/2018\/10\/strassenbaubeitraege-strassenausbaubeitraege-rot-rot-gruen-plant-moratorium-zur-abgabenbefreiung-buerger-diskutieren-mit-der-stadt-1226x690.jpg 1226w, https:\/\/blog.jena.de\/strassenbaubeitraege\/wp-content\/uploads\/sites\/11\/2018\/10\/strassenbaubeitraege-strassenausbaubeitraege-rot-rot-gruen-plant-moratorium-zur-abgabenbefreiung-buerger-diskutieren-mit-der-stadt-1320x743.jpg 1320w\" sizes=\"auto, (max-width: 1920px) 100vw, 1920px\" \/><figcaption id=\"caption-attachment-2956\" class=\"wp-caption-text\">KSJ<\/figcaption><\/figure>\n<p>Unabh\u00e4ngig davon, dass ein Moratorium in der durch die Presse angek\u00fcndigten Form seiner Ansicht nach latent verfassungswidrig ist, da es Th\u00fcringer Kommunen unter der Wirksamkeit des aktuellen Kommunalabgabengesetzes dazu bewegen k\u00f6nnte, gegen den Grundsatz der Gleichbehandlung ihrer B\u00fcrgerinnen und B\u00fcrger zu versto\u00dfen, m\u00fcssten die Kommunen im Freistaat ohne Ausnahme grunds\u00e4tzlich s\u00e4mtliche begonnenen und nach dem seit 1991 g\u00fcltigen Th\u00fcrKAG beitragspflichtigen Stra\u00dfenbauma\u00dfnahmen auch abrechnen und Beitr\u00e4ge erheben.<\/p>\n<blockquote><p>&#8222;Ein Verzicht auf die Erhebung von Kommunalabgaben, die unter der prinzipiellen Wirksamkeit eines Gesetzes entstandenen sind, ist unzul\u00e4ssig&#8220;,<\/p><\/blockquote>\n<p>so Rainer Sauer. Zwar werde \u00fcber die Sinnhaftigkeit der Erhebung von Stra\u00dfen(aus)baubeitr\u00e4gen in Th\u00fcringen seit ihrer Einf\u00fchrung gestritten, da in der Regel ein Teil der Stra\u00dfenbaukosten &#8222;f\u00fcr die Erweiterung, Verbesserung oder Erneuerung von Ortsstra\u00dfen&#8220; von Haus- und Grundst\u00fccksbesitzern zu bezahlen sind. Dies lasse sich nach Sauers Worten aber nicht nachtr\u00e4glich au\u00dfer Kraft setzen.<\/p>\n<blockquote><p>&#8222;In Jena betrifft dies abgeschlossene, jedoch noch nicht abgerechnete Stra\u00dfen wie etwa den Burgweg, die Erfurter Stra\u00dfe, die Bauersfeldstra\u00dfe, die Leipziger Stra\u00dfe oder die L\u00fctzowstra\u00dfe. In all diesen Stra\u00dfen wird es noch eine gesetzliche Beitragserhebung geben m\u00fcssen&#8220;,<\/p><\/blockquote>\n<p>berichtet Sauer.<\/p>\n<p>Hoffnung, keine Beitr\u00e4ge entrichten zu m\u00fcssen, k\u00f6nnten sich lediglich Grundst\u00fcckseigent\u00fcmer in Stra\u00dfen machen, in denen Bauma\u00dfnahmen noch nicht begonnen wurden oder in denen solche derzeit laufen, die Schlussrechnungen aber erst nach einem im Th\u00fcringer Kommunalabgabengesetz sp\u00e4ter zu verankernden Stichtag eingehen, erkl\u00e4rte der Abteilungsleiter. \/ CD<\/p>\n","protected":false},"excerpt":{"rendered":"<p>Die rot-rot-gr\u00fcne Koalition legt im Verfahren zur Abschaffung der Stra\u00dfen(aus)baubeitr\u00e4ge in Th\u00fcringen einen Gang zu und plant sogar, bis zum Inkrafttreten einer entsprechenden&hellip;<\/p>\n","protected":false},"author":12,"featured_media":2955,"comment_status":"open","ping_status":"closed","sticky":false,"template":"","format":"standard","meta":{"footnotes":""},"categories":[4,1,5],"tags":[],"class_list":["post-2954","post","type-post","status-publish","format-standard","has-post-thumbnail","hentry","category-beitragserhebung","category-allgemein","category-bezahlen"],"_links":{"self":[{"href":"https:\/\/blog.jena.de\/strassenbaubeitraege\/wp-json\/wp\/v2\/posts\/2954","targetHints":{"allow":["GET"]}}],"collection":[{"href":"https:\/\/blog.jena.de\/strassenbaubeitraege\/wp-json\/wp\/v2\/posts"}],"about":[{"href":"https:\/\/blog.jena.de\/strassenbaubeitraege\/wp-json\/wp\/v2\/types\/post"}],"author":[{"embeddable":true,"href":"https:\/\/blog.jena.de\/strassenbaubeitraege\/wp-json\/wp\/v2\/users\/12"}],"replies":[{"embeddable":true,"href":"https:\/\/blog.jena.de\/strassenbaubeitraege\/wp-json\/wp\/v2\/comments?post=2954"}],"version-history":[{"count":14,"href":"https:\/\/blog.jena.de\/strassenbaubeitraege\/wp-json\/wp\/v2\/posts\/2954\/revisions"}],"predecessor-version":[{"id":2978,"href":"https:\/\/blog.jena.de\/strassenbaubeitraege\/wp-json\/wp\/v2\/posts\/2954\/revisions\/2978"}],"wp:featuredmedia":[{"embeddable":true,"href":"https:\/\/blog.jena.de\/strassenbaubeitraege\/wp-json\/wp\/v2\/media\/2955"}],"wp:attachment":[{"href":"https:\/\/blog.jena.de\/strassenbaubeitraege\/wp-json\/wp\/v2\/media?parent=2954"}],"wp:term":[{"taxonomy":"category","embeddable":true,"href":"https:\/\/blog.jena.de\/strassenbaubeitraege\/wp-json\/wp\/v2\/categories?post=2954"},{"taxonomy":"post_tag","embeddable":true,"href":"https:\/\/blog.jena.de\/strassenbaubeitraege\/wp-json\/wp\/v2\/tags?post=2954"}],"curies":[{"name":"wp","href":"https:\/\/api.w.org\/{rel}","templated":true}]}}