{"id":2576,"date":"2018-01-12T09:24:27","date_gmt":"2018-01-12T08:24:27","guid":{"rendered":"https:\/\/blog.jena.de\/strassenbaubeitraege\/?p=2576"},"modified":"2018-01-17T10:47:30","modified_gmt":"2018-01-17T09:47:30","slug":"die-tlz-schreibt-nun-wird-es-mit-dem-umbau-der-naumburger-strasse-in-jena-ernst","status":"publish","type":"post","link":"https:\/\/blog.jena.de\/strassenbaubeitraege\/2018\/01\/12\/die-tlz-schreibt-nun-wird-es-mit-dem-umbau-der-naumburger-strasse-in-jena-ernst\/","title":{"rendered":"Die TLZ schreibt: &#8222;Nun wird es mit dem Umbau der Naumburger Stra\u00dfe in Jena ernst&#8220;"},"content":{"rendered":"<p>In einem Artikel der Lokalausgabe Jena der Th\u00fcringischen Landeszeitung vom 12.01.2018 geht es unter dem dem Titel &#8222;<a href=\"http:\/\/jena.tlz.de\/web\/jena\/startseite\/detail\/-\/specific\/Anlieger-zahlen-mit-Nun-wird-es-mit-Umbau-der-Naumburger-Strasse-ernst-927392014\" target=\"_blank\" rel=\"noopener\">Anlieger zahlen mit: Nun wird es mit dem Umbau der Naumburger Stra\u00dfe in Jena ernst<\/a>&#8220; u. a. um die Beschlussvorlage des Kommunalservice Jena (KSJ) <a href=\"https:\/\/blog.jena.de\/strassenbaubeitraege\/wp-content\/uploads\/sites\/11\/2018\/01\/strassenbaubeitraege-die-tlz-schreibt-nun-wird-es-mit-dem-umbau-der-naumburger-strasse-in-jena-ernst-2018-02-14-vorlage-stadtrat-naumburger-str-teil-i.pdf\">Nr. 17\/1633-BV &#8222;Verbesserung und Erneuerung der Naumburger Stra\u00dfe (Teil 1 von Camburger Stra\u00dfe bis Am Steinbach)<\/a>&#8222;, <a href=\"https:\/\/blog.jena.de\/strassenbaubeitraege\/wp-content\/uploads\/sites\/11\/2018\/01\/strassenbaubeitraege-die-tlz-schreibt-nun-wird-es-mit-dem-umbau-der-naumburger-strasse-in-jena-ernst-2018-01-25-sea-einladung.pdf\">die am 25.01.2018 im Jenaer Stadtentwicklungsausschuss vorberaten<\/a> und am 14.02.2018 im Stadtrat der Stadt Jena abschlie\u00dfend behandelt werden soll.<\/p>\n<p>Hierbei ist dem Autor jedoch in der Print-Ausgabe ein bedauerlicher Zahlenfehler unterlaufen. W\u00f6rtlich schreibt er dort (Zitat): &#8222;Rainer Sauer von der Abteilung Beitr\u00e4ge beim Kommunalservice sagt, dass ein besonderer Vorteil aus der Stra\u00dfe im beitragsrechtlichen Sinne schon gegeben sei. (&#8230;) Umgelegt w\u00fcrden ja nur die Kosten, die auf den Stra\u00dfenbau und den Gehweg entfallen. Und davon wiederum gem\u00e4\u00df Beitragssatzung nur 80 Prozent, da es sich um eine Hauptverkehrsstra\u00dfe handele.&#8220;<\/p>\n<p>Unter Bezugnahme hierauf ist klarzustellen, dass der Anliegeranteil im beschriebenen Fall nach der derzeit g\u00fcltigen <a href=\"https:\/\/blog.jena.de\/strassenbaubeitraege\/wp-content\/uploads\/sites\/11\/2014\/12\/Strassenbaubeitragssatzung-der-Stadt-Jena-SBS-2008.pdf\">Stra\u00dfenbaubeitragssatzung der Stadt Jena<\/a> nicht bei 80 Prozent sondern bei 20 Prozent liegt. &#8222;80 Prozent betr\u00e4gt der von der Stadt Jena sp\u00e4ter zu tragende sog. Gemeindeanteil&#8220;, berichtet der Abteilungsleiter. In der Online-Ausgabe kommt der Fehler nicht vor.\u00a0\u00a0\u00a0\u00a0 \/ AE<\/p>\n","protected":false},"excerpt":{"rendered":"<p>In einem Artikel der Lokalausgabe Jena der Th\u00fcringischen Landeszeitung vom 12.01.2018 geht es unter dem dem Titel &#8222;Anlieger zahlen mit: Nun wird es&hellip;<\/p>\n","protected":false},"author":12,"featured_media":2603,"comment_status":"open","ping_status":"closed","sticky":false,"template":"","format":"standard","meta":{"footnotes":""},"categories":[4,1,5],"tags":[],"class_list":["post-2576","post","type-post","status-publish","format-standard","has-post-thumbnail","hentry","category-beitragserhebung","category-allgemein","category-bezahlen"],"_links":{"self":[{"href":"https:\/\/blog.jena.de\/strassenbaubeitraege\/wp-json\/wp\/v2\/posts\/2576","targetHints":{"allow":["GET"]}}],"collection":[{"href":"https:\/\/blog.jena.de\/strassenbaubeitraege\/wp-json\/wp\/v2\/posts"}],"about":[{"href":"https:\/\/blog.jena.de\/strassenbaubeitraege\/wp-json\/wp\/v2\/types\/post"}],"author":[{"embeddable":true,"href":"https:\/\/blog.jena.de\/strassenbaubeitraege\/wp-json\/wp\/v2\/users\/12"}],"replies":[{"embeddable":true,"href":"https:\/\/blog.jena.de\/strassenbaubeitraege\/wp-json\/wp\/v2\/comments?post=2576"}],"version-history":[{"count":6,"href":"https:\/\/blog.jena.de\/strassenbaubeitraege\/wp-json\/wp\/v2\/posts\/2576\/revisions"}],"predecessor-version":[{"id":3753,"href":"https:\/\/blog.jena.de\/strassenbaubeitraege\/wp-json\/wp\/v2\/posts\/2576\/revisions\/3753"}],"wp:featuredmedia":[{"embeddable":true,"href":"https:\/\/blog.jena.de\/strassenbaubeitraege\/wp-json\/wp\/v2\/media\/2603"}],"wp:attachment":[{"href":"https:\/\/blog.jena.de\/strassenbaubeitraege\/wp-json\/wp\/v2\/media?parent=2576"}],"wp:term":[{"taxonomy":"category","embeddable":true,"href":"https:\/\/blog.jena.de\/strassenbaubeitraege\/wp-json\/wp\/v2\/categories?post=2576"},{"taxonomy":"post_tag","embeddable":true,"href":"https:\/\/blog.jena.de\/strassenbaubeitraege\/wp-json\/wp\/v2\/tags?post=2576"}],"curies":[{"name":"wp","href":"https:\/\/api.w.org\/{rel}","templated":true}]}}