{"id":1896,"date":"2017-01-05T11:02:35","date_gmt":"2017-01-05T10:02:35","guid":{"rendered":"https:\/\/blog.jena.de\/strassenbaubeitraege\/?p=1896"},"modified":"2017-01-05T11:09:07","modified_gmt":"2017-01-05T10:09:07","slug":"umstellung-der-jenaer-strassenlaternen-auf-led-konnte-mit-dem-jahresende-2016-komplett-abgeschlossen-werden","status":"publish","type":"post","link":"https:\/\/blog.jena.de\/strassenbaubeitraege\/2017\/01\/05\/umstellung-der-jenaer-strassenlaternen-auf-led-konnte-mit-dem-jahresende-2016-komplett-abgeschlossen-werden\/","title":{"rendered":"Umstellung der Jenaer Stra\u00dfenlaternen auf LED konnte mit dem Jahresende 2016 komplett abgeschlossen werden"},"content":{"rendered":"<figure id=\"attachment_1897\" aria-describedby=\"caption-attachment-1897\" style=\"width: 533px\" class=\"wp-caption aligncenter\"><a href=\"https:\/\/blog.jena.de\/strassenbaubeitraege\/wp-content\/uploads\/sites\/11\/2017\/01\/LED-Stra\u00dfenbeleuchtung-in-Jena.-Symbolfoto-\u00a9-KSJ-Vitzthum.jpg\"><img loading=\"lazy\" decoding=\"async\" class=\"wp-image-1897 size-full\" src=\"https:\/\/blog.jena.de\/strassenbaubeitraege\/wp-content\/uploads\/sites\/11\/2017\/01\/LED-Stra\u00dfenbeleuchtung-in-Jena.-Symbolfoto-\u00a9-KSJ-Vitzthum.jpg\" width=\"533\" height=\"300\" srcset=\"https:\/\/blog.jena.de\/strassenbaubeitraege\/wp-content\/uploads\/sites\/11\/2017\/01\/LED-Stra\u00dfenbeleuchtung-in-Jena.-Symbolfoto-\u00a9-KSJ-Vitzthum.jpg 533w, https:\/\/blog.jena.de\/strassenbaubeitraege\/wp-content\/uploads\/sites\/11\/2017\/01\/LED-Stra\u00dfenbeleuchtung-in-Jena.-Symbolfoto-\u00a9-KSJ-Vitzthum-500x281.jpg 500w\" sizes=\"auto, (max-width: 533px) 100vw, 533px\" \/><\/a><figcaption id=\"caption-attachment-1897\" class=\"wp-caption-text\">LED Stra\u00dfenbeleuchtung in Jena. &#8211; Symbolfoto \u00a9 KSJ Peter Vitzthum<\/figcaption><\/figure>\n<p>Die Umstellung der Jenaer Stra\u00dfenlaternen von der Natriumdampf-Technologie auf LED ist in Jena mit dem Jahresende 2016 komplett abgeschlossen worden. Entsprechendes teilte Christopher Helbig, Abteilungsleiter f\u00fcr Elektrotechnik beim St\u00e4dtischen Eigenbetrieb Kommunalservice (KSJ), dieser Tage der Presse mit.<\/p>\n<figure id=\"attachment_1898\" aria-describedby=\"caption-attachment-1898\" style=\"width: 533px\" class=\"wp-caption aligncenter\"><a href=\"https:\/\/blog.jena.de\/strassenbaubeitraege\/wp-content\/uploads\/sites\/11\/2017\/01\/LED-Stra\u00dfenleuchte-in-Jena.-Foto-\u00a9-KSJ-Vitzthum.jpg\"><img loading=\"lazy\" decoding=\"async\" class=\"wp-image-1898 size-full\" src=\"https:\/\/blog.jena.de\/strassenbaubeitraege\/wp-content\/uploads\/sites\/11\/2017\/01\/LED-Stra\u00dfenleuchte-in-Jena.-Foto-\u00a9-KSJ-Vitzthum.jpg\" width=\"533\" height=\"300\" srcset=\"https:\/\/blog.jena.de\/strassenbaubeitraege\/wp-content\/uploads\/sites\/11\/2017\/01\/LED-Stra\u00dfenleuchte-in-Jena.-Foto-\u00a9-KSJ-Vitzthum.jpg 533w, https:\/\/blog.jena.de\/strassenbaubeitraege\/wp-content\/uploads\/sites\/11\/2017\/01\/LED-Stra\u00dfenleuchte-in-Jena.-Foto-\u00a9-KSJ-Vitzthum-500x281.jpg 500w\" sizes=\"auto, (max-width: 533px) 100vw, 533px\" \/><\/a><figcaption id=\"caption-attachment-1898\" class=\"wp-caption-text\">LED Stra\u00dfenleuchte in Jena. &#8211; Foto \u00a9 KSJ Peter Vitzthum<\/figcaption><\/figure>\n<p>Dies betrifft nach seinen Worten konkret 11.000 der insgesamt 13.500 Leuchten im Jenaer Stadtgebiet. Bei der fortbestehenden Minderzahl ohne LED gehe es um besondere Punkte wie Neon-Beleuchtungen von Tunneln oder Objekt-Anstrahlungen. Helbig ist mit seiner Abteilung beim KSJ f\u00fcr alle diese Beleuchtungsanlagen verantwortlich.<\/p>\n<figure id=\"attachment_1899\" aria-describedby=\"caption-attachment-1899\" style=\"width: 533px\" class=\"wp-caption aligncenter\"><a href=\"https:\/\/blog.jena.de\/strassenbaubeitraege\/wp-content\/uploads\/sites\/11\/2017\/01\/LED-Stra\u00dfeneluchten-in-Jena.-Symbolfoto-\u00a9-KSJ-Vitzthum.jpg\"><img loading=\"lazy\" decoding=\"async\" class=\"wp-image-1899 size-full\" src=\"https:\/\/blog.jena.de\/strassenbaubeitraege\/wp-content\/uploads\/sites\/11\/2017\/01\/LED-Stra\u00dfeneluchten-in-Jena.-Symbolfoto-\u00a9-KSJ-Vitzthum.jpg\" width=\"533\" height=\"300\" srcset=\"https:\/\/blog.jena.de\/strassenbaubeitraege\/wp-content\/uploads\/sites\/11\/2017\/01\/LED-Stra\u00dfeneluchten-in-Jena.-Symbolfoto-\u00a9-KSJ-Vitzthum.jpg 533w, https:\/\/blog.jena.de\/strassenbaubeitraege\/wp-content\/uploads\/sites\/11\/2017\/01\/LED-Stra\u00dfeneluchten-in-Jena.-Symbolfoto-\u00a9-KSJ-Vitzthum-500x281.jpg 500w\" sizes=\"auto, (max-width: 533px) 100vw, 533px\" \/><\/a><figcaption id=\"caption-attachment-1899\" class=\"wp-caption-text\">LED Stra\u00dfeneluchten in Jena. &#8211; Symbolfoto \u00a9 KSJ Peter Vitzthum<\/figcaption><\/figure>\n<p><a href=\"https:\/\/blog.jena.de\/strassenbaubeitraege\/2016\/02\/08\/led-strassenbeleuchtung-ist-den-einen-zu-dunkel-den-anderen-zu-hell-jena-liegt-im-plan-mit-der-umruestung-3-500-von-10-000-leuchtstellen-wurden-schon-erneuert\/\">Die zu Beginn recht heftige Kritik am LED-Licht \u2013 zu kalt oder zu hell \u2013<\/a> habe stark abgenommen, sagte Christopher Helbig der Presse, dem eine sehr differenzierte B\u00fcrger-Wahrnehmung aufgefallen ist: Gar nicht wenige Jenaer h\u00e4tten sich auch lobend \u00fcber das neue Licht ge\u00e4u\u00dfert. In den vergangenen sechs, sieben Wochen seien die kritischen Stimmen schlie\u00dflich vollst\u00e4ndig verebbt. &#8222;Offenkundig haben sich die Leute an das Licht gew\u00f6hnt&#8220;, sagte Helbig. \/ RS<\/p>\n","protected":false},"excerpt":{"rendered":"<p>Die Umstellung der Jenaer Stra\u00dfenlaternen von der Natriumdampf-Technologie auf LED ist in Jena mit dem Jahresende 2016 komplett abgeschlossen worden. Entsprechendes teilte Christopher&hellip;<\/p>\n","protected":false},"author":12,"featured_media":1897,"comment_status":"open","ping_status":"closed","sticky":false,"template":"","format":"standard","meta":{"footnotes":""},"categories":[1],"tags":[],"class_list":["post-1896","post","type-post","status-publish","format-standard","has-post-thumbnail","hentry","category-allgemein"],"_links":{"self":[{"href":"https:\/\/blog.jena.de\/strassenbaubeitraege\/wp-json\/wp\/v2\/posts\/1896","targetHints":{"allow":["GET"]}}],"collection":[{"href":"https:\/\/blog.jena.de\/strassenbaubeitraege\/wp-json\/wp\/v2\/posts"}],"about":[{"href":"https:\/\/blog.jena.de\/strassenbaubeitraege\/wp-json\/wp\/v2\/types\/post"}],"author":[{"embeddable":true,"href":"https:\/\/blog.jena.de\/strassenbaubeitraege\/wp-json\/wp\/v2\/users\/12"}],"replies":[{"embeddable":true,"href":"https:\/\/blog.jena.de\/strassenbaubeitraege\/wp-json\/wp\/v2\/comments?post=1896"}],"version-history":[{"count":6,"href":"https:\/\/blog.jena.de\/strassenbaubeitraege\/wp-json\/wp\/v2\/posts\/1896\/revisions"}],"predecessor-version":[{"id":1905,"href":"https:\/\/blog.jena.de\/strassenbaubeitraege\/wp-json\/wp\/v2\/posts\/1896\/revisions\/1905"}],"wp:featuredmedia":[{"embeddable":true,"href":"https:\/\/blog.jena.de\/strassenbaubeitraege\/wp-json\/wp\/v2\/media\/1897"}],"wp:attachment":[{"href":"https:\/\/blog.jena.de\/strassenbaubeitraege\/wp-json\/wp\/v2\/media?parent=1896"}],"wp:term":[{"taxonomy":"category","embeddable":true,"href":"https:\/\/blog.jena.de\/strassenbaubeitraege\/wp-json\/wp\/v2\/categories?post=1896"},{"taxonomy":"post_tag","embeddable":true,"href":"https:\/\/blog.jena.de\/strassenbaubeitraege\/wp-json\/wp\/v2\/tags?post=1896"}],"curies":[{"name":"wp","href":"https:\/\/api.w.org\/{rel}","templated":true}]}}