{"id":1885,"date":"2016-12-21T10:32:23","date_gmt":"2016-12-21T09:32:23","guid":{"rendered":"https:\/\/blog.jena.de\/strassenbaubeitraege\/?p=1885"},"modified":"2016-12-21T10:32:23","modified_gmt":"2016-12-21T09:32:23","slug":"urteil-des-thuerovg-vom-20-10-2016-in-der-datenbank-des-thuerovg-zu-finden","status":"publish","type":"post","link":"https:\/\/blog.jena.de\/strassenbaubeitraege\/2016\/12\/21\/urteil-des-thuerovg-vom-20-10-2016-in-der-datenbank-des-thuerovg-zu-finden\/","title":{"rendered":"Urteil des Th\u00fcrOVG vom 20.10.2016 in der Datenbank des Th\u00fcrOVG zu finden!"},"content":{"rendered":"<p>Vor kurzem berichteten wir in unserem Blog \u00fcber das <a href=\"https:\/\/blog.jena.de\/strassenbaubeitraege\/2016\/11\/15\/das-thuerovg-entschied-ueber-die-beitragspflicht-sog-nicht-gefangener-hinterliegergrundstuecke-im-jenaer-hausbergviertel\/\">Urteil des Th\u00fcrOVG \u00fcber die Beitragspflicht sog. &#8222;nicht gefangener Hinterliegergrundst\u00fccke&#8220;<\/a>. Nun ist das Urteil auch im Entscheidungsarchiv des Th\u00fcrOVG zu finden und somit f\u00fcr jeden zug\u00e4nglich.<\/p>\n<figure id=\"attachment_1776\" aria-describedby=\"caption-attachment-1776\" style=\"width: 450px\" class=\"wp-caption aligncenter\"><a href=\"https:\/\/blog.jena.de\/strassenbaubeitraege\/wp-content\/uploads\/sites\/11\/2016\/11\/Luftbild-des-Heimst\u00e4ttenviertels-Foto-\u00a9-Kartenwerk-der-Stadt-Jena.jpg\"><img loading=\"lazy\" decoding=\"async\" class=\"wp-image-1776\" src=\"https:\/\/blog.jena.de\/strassenbaubeitraege\/wp-content\/uploads\/sites\/11\/2016\/11\/Luftbild-des-Heimst\u00e4ttenviertels-Foto-\u00a9-Kartenwerk-der-Stadt-Jena-300x169.jpg\" alt=\"Luftbild des Heimst\u00e4ttenviertels in Jena.\" width=\"450\" height=\"253\" \/><\/a><figcaption id=\"caption-attachment-1776\" class=\"wp-caption-text\">Luftbild des Heimst\u00e4ttenviertels in Jena &#8211; Foto \u00a9 Kartenwerk der Stadt Jena<\/figcaption><\/figure>\n<p>&nbsp;<\/p>\n<p>Das Urteil finden Sie <a href=\"http:\/\/www.thovg.thueringen.de\/OVGThueringen\/rechtsp.nsf\/%28$Websuchtreffer%29\/35F8AAB71B0DF9E1C1258084003F5D7B?OpenDocument\" target=\"_blank\">hier.<\/a><\/p>\n<p>&nbsp;<\/p>\n","protected":false},"excerpt":{"rendered":"<p>Vor kurzem berichteten wir in unserem Blog \u00fcber das Urteil des Th\u00fcrOVG \u00fcber die Beitragspflicht sog. &#8222;nicht gefangener Hinterliegergrundst\u00fccke&#8220;. Nun ist das Urteil&hellip;<\/p>\n","protected":false},"author":12,"featured_media":1777,"comment_status":"open","ping_status":"closed","sticky":false,"template":"","format":"standard","meta":{"footnotes":""},"categories":[4,1],"tags":[],"class_list":["post-1885","post","type-post","status-publish","format-standard","has-post-thumbnail","hentry","category-beitragserhebung","category-allgemein"],"_links":{"self":[{"href":"https:\/\/blog.jena.de\/strassenbaubeitraege\/wp-json\/wp\/v2\/posts\/1885","targetHints":{"allow":["GET"]}}],"collection":[{"href":"https:\/\/blog.jena.de\/strassenbaubeitraege\/wp-json\/wp\/v2\/posts"}],"about":[{"href":"https:\/\/blog.jena.de\/strassenbaubeitraege\/wp-json\/wp\/v2\/types\/post"}],"author":[{"embeddable":true,"href":"https:\/\/blog.jena.de\/strassenbaubeitraege\/wp-json\/wp\/v2\/users\/12"}],"replies":[{"embeddable":true,"href":"https:\/\/blog.jena.de\/strassenbaubeitraege\/wp-json\/wp\/v2\/comments?post=1885"}],"version-history":[{"count":4,"href":"https:\/\/blog.jena.de\/strassenbaubeitraege\/wp-json\/wp\/v2\/posts\/1885\/revisions"}],"predecessor-version":[{"id":1889,"href":"https:\/\/blog.jena.de\/strassenbaubeitraege\/wp-json\/wp\/v2\/posts\/1885\/revisions\/1889"}],"wp:featuredmedia":[{"embeddable":true,"href":"https:\/\/blog.jena.de\/strassenbaubeitraege\/wp-json\/wp\/v2\/media\/1777"}],"wp:attachment":[{"href":"https:\/\/blog.jena.de\/strassenbaubeitraege\/wp-json\/wp\/v2\/media?parent=1885"}],"wp:term":[{"taxonomy":"category","embeddable":true,"href":"https:\/\/blog.jena.de\/strassenbaubeitraege\/wp-json\/wp\/v2\/categories?post=1885"},{"taxonomy":"post_tag","embeddable":true,"href":"https:\/\/blog.jena.de\/strassenbaubeitraege\/wp-json\/wp\/v2\/tags?post=1885"}],"curies":[{"name":"wp","href":"https:\/\/api.w.org\/{rel}","templated":true}]}}