{"id":1683,"date":"2016-10-18T09:50:40","date_gmt":"2016-10-18T07:50:40","guid":{"rendered":"https:\/\/blog.jena.de\/strassenbaubeitraege\/?p=1683"},"modified":"2016-10-18T09:50:40","modified_gmt":"2016-10-18T07:50:40","slug":"lichtenhain-jetzt-liegen-den-beitragspflichtigen-anliegern-alle-derzeit-aktuellen-informationen-zur-grundhaften-erneuerung-der-luetzowstrasse-vor","status":"publish","type":"post","link":"https:\/\/blog.jena.de\/strassenbaubeitraege\/2016\/10\/18\/lichtenhain-jetzt-liegen-den-beitragspflichtigen-anliegern-alle-derzeit-aktuellen-informationen-zur-grundhaften-erneuerung-der-luetzowstrasse-vor\/","title":{"rendered":"Lichtenhain: Jetzt liegen den beitragspflichtigen Anliegern alle derzeit aktuellen Informationen zur grundhaften Erneuerung der L\u00fctzowstra\u00dfe vor"},"content":{"rendered":"<figure id=\"attachment_1684\" aria-describedby=\"caption-attachment-1684\" style=\"width: 1066px\" class=\"wp-caption alignnone\"><a href=\"https:\/\/blog.jena.de\/strassenbaubeitraege\/wp-content\/uploads\/sites\/11\/2016\/10\/JEZT-Informationsschreiben-L\u00fctzowstra\u00dfe-Foto-\u00a9-KSJ.jpg\"><img loading=\"lazy\" decoding=\"async\" class=\"wp-image-1684 size-full\" src=\"https:\/\/blog.jena.de\/strassenbaubeitraege\/wp-content\/uploads\/sites\/11\/2016\/10\/JEZT-Informationsschreiben-L\u00fctzowstra\u00dfe-Foto-\u00a9-KSJ.jpg\" alt=\"Informationsschreiben L\u00fctzowstra\u00dfe - Foto \u00a9 KSJ\" width=\"1066\" height=\"800\" srcset=\"https:\/\/blog.jena.de\/strassenbaubeitraege\/wp-content\/uploads\/sites\/11\/2016\/10\/JEZT-Informationsschreiben-L\u00fctzowstra\u00dfe-Foto-\u00a9-KSJ.jpg 1066w, https:\/\/blog.jena.de\/strassenbaubeitraege\/wp-content\/uploads\/sites\/11\/2016\/10\/JEZT-Informationsschreiben-L\u00fctzowstra\u00dfe-Foto-\u00a9-KSJ-500x375.jpg 500w, https:\/\/blog.jena.de\/strassenbaubeitraege\/wp-content\/uploads\/sites\/11\/2016\/10\/JEZT-Informationsschreiben-L\u00fctzowstra\u00dfe-Foto-\u00a9-KSJ-768x576.jpg 768w, https:\/\/blog.jena.de\/strassenbaubeitraege\/wp-content\/uploads\/sites\/11\/2016\/10\/JEZT-Informationsschreiben-L\u00fctzowstra\u00dfe-Foto-\u00a9-KSJ-1000x750.jpg 1000w, https:\/\/blog.jena.de\/strassenbaubeitraege\/wp-content\/uploads\/sites\/11\/2016\/10\/JEZT-Informationsschreiben-L\u00fctzowstra\u00dfe-Foto-\u00a9-KSJ-600x450.jpg 600w, https:\/\/blog.jena.de\/strassenbaubeitraege\/wp-content\/uploads\/sites\/11\/2016\/10\/JEZT-Informationsschreiben-L\u00fctzowstra\u00dfe-Foto-\u00a9-KSJ-919x690.jpg 919w, https:\/\/blog.jena.de\/strassenbaubeitraege\/wp-content\/uploads\/sites\/11\/2016\/10\/JEZT-Informationsschreiben-L\u00fctzowstra\u00dfe-Foto-\u00a9-KSJ-1024x768.jpg 1024w, https:\/\/blog.jena.de\/strassenbaubeitraege\/wp-content\/uploads\/sites\/11\/2016\/10\/JEZT-Informationsschreiben-L\u00fctzowstra\u00dfe-Foto-\u00a9-KSJ-790x593.jpg 790w\" sizes=\"auto, (max-width: 1066px) 100vw, 1066px\" \/><\/a><figcaption id=\"caption-attachment-1684\" class=\"wp-caption-text\">Informationsschreiben L\u00fctzowstra\u00dfe &#8211; Foto \u00a9 KSJ<\/figcaption><\/figure>\n<p>In Lichtenhain erhalten jetzt einige Anwohner das 2. Informationsschreiben zur grundhaften Erneuerung bzw. Verbesserung der L\u00fctzowstra\u00dfe. In unserem Informationsschreiben vom 17. Mai 2016 hatten wir \u00fcber einen voraussichtlichen Beitragsrichtwert auf Basis der Grobkostensch\u00e4tzung informiert und zwar in gesamter L\u00e4nge, also von der M\u00fchlenstra\u00dfe bis zum Lauensteinweg. Jetzt gab es f\u00fcr die Grundst\u00fcckseigent\u00fcmer im unteren Stra\u00dfenteil in Erg\u00e4nzung des ersten Informationsschreibens und nach Fertigstellung der Entwurfsplanung den 2. Beitragsrichtwert zur Information.<\/p>\n<figure id=\"attachment_1682\" aria-describedby=\"caption-attachment-1682\" style=\"width: 533px\" class=\"wp-caption aligncenter\"><a href=\"https:\/\/blog.jena.de\/strassenbaubeitraege\/wp-content\/uploads\/sites\/11\/2016\/10\/Ungern-gesehen-\u2013-aber-notwendig-Baustellenabsperrungen.-Foto-\u00a9-Stadt-Jena-Kristian-Philler.jpg\"><img loading=\"lazy\" decoding=\"async\" class=\"wp-image-1682 size-full\" src=\"https:\/\/blog.jena.de\/strassenbaubeitraege\/wp-content\/uploads\/sites\/11\/2016\/10\/Ungern-gesehen-\u2013-aber-notwendig-Baustellenabsperrungen.-Foto-\u00a9-Stadt-Jena-Kristian-Philler.jpg\" alt=\"Ungern gesehen \u2013 aber notwendig Baustellenabsperrungen. - Foto \u00a9 Stadt Jena Kristian Philler\" width=\"533\" height=\"300\" srcset=\"https:\/\/blog.jena.de\/strassenbaubeitraege\/wp-content\/uploads\/sites\/11\/2016\/10\/Ungern-gesehen-\u2013-aber-notwendig-Baustellenabsperrungen.-Foto-\u00a9-Stadt-Jena-Kristian-Philler.jpg 533w, https:\/\/blog.jena.de\/strassenbaubeitraege\/wp-content\/uploads\/sites\/11\/2016\/10\/Ungern-gesehen-\u2013-aber-notwendig-Baustellenabsperrungen.-Foto-\u00a9-Stadt-Jena-Kristian-Philler-500x281.jpg 500w\" sizes=\"auto, (max-width: 533px) 100vw, 533px\" \/><\/a><figcaption id=\"caption-attachment-1682\" class=\"wp-caption-text\">Ungern gesehen \u2013 aber notwendig: Baustellenabsperrungen. &#8211; Foto \u00a9 Stadt Jena Kristian Philler<\/figcaption><\/figure>\n<p>Dieser bezieht sich auf die M\u00f6glichkeit, dass die L\u00fctzowstra\u00dfe nicht im Jahre 2017 als Gesamtbauma\u00dfnahme hergestellt wird, sondern dass dieser Stra\u00dfenabschnitt von der M\u00fchlenstra\u00dfe bis auf H\u00f6he der Kirche in sp\u00e4teren Jahren grundhaft erneuert wird &#8211; sp\u00e4testens jedoch im Jahre 2025. Informationen \u00fcber die Zusammensetzung der hierbei zugrunde gelegten Kosten erfolgen im Rahmen einer Informations\u00adveranstaltung der Stadt Jena, die voraussichtlich Ende November oder Anfang Dezember 2016 stattfinden wird, oder k\u00f6nnen jederzeit beim Kommunalservice Jena, Gesch\u00e4ftsbereich Tiefbau und Stadtraum, Abteilung Beitr\u00e4ge, L\u00f6bstedter Stra\u00dfe 68 (3. Etage erfragt bzw. eingesehen werden.<\/p>\n<p>Es ist vorgesehen, dass der Stadtentwicklungsausschuss bereits im November in einer Berichtsvorlage \u00fcber alle Aspekte der M\u00f6glichkeit zur Bildung eines Abrechnungsabschnitts informiert wird. Fr\u00fchestens im Dezember 2016\u00a0 wird sich dann der Jenaer Stadtrat mit dem konkreten Baubeschluss befassen.<\/p>\n<p style=\"text-align: right\">\/RS<\/p>\n","protected":false},"excerpt":{"rendered":"<p>In Lichtenhain erhalten jetzt einige Anwohner das 2. Informationsschreiben zur grundhaften Erneuerung bzw. Verbesserung der L\u00fctzowstra\u00dfe. In unserem Informationsschreiben vom 17. Mai 2016&hellip;<\/p>\n","protected":false},"author":12,"featured_media":1684,"comment_status":"open","ping_status":"closed","sticky":false,"template":"","format":"standard","meta":{"footnotes":""},"categories":[4,1],"tags":[],"class_list":["post-1683","post","type-post","status-publish","format-standard","has-post-thumbnail","hentry","category-beitragserhebung","category-allgemein"],"_links":{"self":[{"href":"https:\/\/blog.jena.de\/strassenbaubeitraege\/wp-json\/wp\/v2\/posts\/1683","targetHints":{"allow":["GET"]}}],"collection":[{"href":"https:\/\/blog.jena.de\/strassenbaubeitraege\/wp-json\/wp\/v2\/posts"}],"about":[{"href":"https:\/\/blog.jena.de\/strassenbaubeitraege\/wp-json\/wp\/v2\/types\/post"}],"author":[{"embeddable":true,"href":"https:\/\/blog.jena.de\/strassenbaubeitraege\/wp-json\/wp\/v2\/users\/12"}],"replies":[{"embeddable":true,"href":"https:\/\/blog.jena.de\/strassenbaubeitraege\/wp-json\/wp\/v2\/comments?post=1683"}],"version-history":[{"count":4,"href":"https:\/\/blog.jena.de\/strassenbaubeitraege\/wp-json\/wp\/v2\/posts\/1683\/revisions"}],"predecessor-version":[{"id":1691,"href":"https:\/\/blog.jena.de\/strassenbaubeitraege\/wp-json\/wp\/v2\/posts\/1683\/revisions\/1691"}],"wp:featuredmedia":[{"embeddable":true,"href":"https:\/\/blog.jena.de\/strassenbaubeitraege\/wp-json\/wp\/v2\/media\/1684"}],"wp:attachment":[{"href":"https:\/\/blog.jena.de\/strassenbaubeitraege\/wp-json\/wp\/v2\/media?parent=1683"}],"wp:term":[{"taxonomy":"category","embeddable":true,"href":"https:\/\/blog.jena.de\/strassenbaubeitraege\/wp-json\/wp\/v2\/categories?post=1683"},{"taxonomy":"post_tag","embeddable":true,"href":"https:\/\/blog.jena.de\/strassenbaubeitraege\/wp-json\/wp\/v2\/tags?post=1683"}],"curies":[{"name":"wp","href":"https:\/\/api.w.org\/{rel}","templated":true}]}}