{"id":1468,"date":"2016-05-18T14:31:40","date_gmt":"2016-05-18T12:31:40","guid":{"rendered":"https:\/\/blog.jena.de\/strassenbaubeitraege\/?p=1468"},"modified":"2016-05-18T14:32:12","modified_gmt":"2016-05-18T12:32:12","slug":"informationsveranstaltung-zum-ausbau-der-beethovenstrasse-baubeginn-ist-anfang-juni-und-bauende-soll-noch-im-jahre-2016-sein","status":"publish","type":"post","link":"https:\/\/blog.jena.de\/strassenbaubeitraege\/2016\/05\/18\/informationsveranstaltung-zum-ausbau-der-beethovenstrasse-baubeginn-ist-anfang-juni-und-bauende-soll-noch-im-jahre-2016-sein\/","title":{"rendered":"Informationsveranstaltung zum Ausbau der Beethovenstra\u00dfe: Baubeginn ist Anfang Juni und Bauende soll noch im Jahre 2016 sein"},"content":{"rendered":"<figure id=\"attachment_1470\" aria-describedby=\"caption-attachment-1470\" style=\"width: 520px\" class=\"wp-caption aligncenter\"><a href=\"https:\/\/blog.jena.de\/strassenbaubeitraege\/wp-content\/uploads\/sites\/11\/2016\/05\/Pr\u00e4sentation-der-Planung-Beethovenstra\u00dfe-Foto-\u00a9-Stadtl-Jena-KSJ.png\"><img loading=\"lazy\" decoding=\"async\" class=\"wp-image-1470 size-full\" src=\"https:\/\/blog.jena.de\/strassenbaubeitraege\/wp-content\/uploads\/sites\/11\/2016\/05\/Pr\u00e4sentation-der-Planung-Beethovenstra\u00dfe-Foto-\u00a9-Stadtl-Jena-KSJ.png\" alt=\"Pr\u00e4sentation der Planung Beethovenstra\u00dfe - Foto \u00a9 Stadtl Jena KSJ\" width=\"520\" height=\"300\" srcset=\"https:\/\/blog.jena.de\/strassenbaubeitraege\/wp-content\/uploads\/sites\/11\/2016\/05\/Pr\u00e4sentation-der-Planung-Beethovenstra\u00dfe-Foto-\u00a9-Stadtl-Jena-KSJ.png 520w, https:\/\/blog.jena.de\/strassenbaubeitraege\/wp-content\/uploads\/sites\/11\/2016\/05\/Pr\u00e4sentation-der-Planung-Beethovenstra\u00dfe-Foto-\u00a9-Stadtl-Jena-KSJ-500x288.png 500w\" sizes=\"auto, (max-width: 520px) 100vw, 520px\" \/><\/a><figcaption id=\"caption-attachment-1470\" class=\"wp-caption-text\">Pr\u00e4sentation der Planung Beethovenstra\u00dfe am 17.05.2016 &#8211; Foto \u00a9 Stadt Jena KSJ<\/figcaption><\/figure>\n<p>Am 17.05.2016 fand in den R\u00e4umen des Kommunalservice Jena (KSJ), L\u00f6bstedter Stra\u00dfe 56, eine Informationsveranstaltung des KSJ zum geplanten Stra\u00dfenausbau der Beethovenstra\u00dfe in Jena-West statt. Hierbei wurde das bevorstehende Projekt u.a.vom Leiter der <a href=\"http:\/\/www.ksj.jena.de\/sixcms\/detail.php?id=190008&amp;_nav_id1=186129&amp;_nav_id2=186135&amp;_lang=de\" target=\"_blank\">Abteilung Bau- und Qualit\u00e4tsmanagement<\/a>, Herrn Steffen Schulz sowie der Leiterin der <a href=\"http:\/\/www.ksj.jena.de\/sixcms\/detail.php?id=188421&amp;_nav_id1=186129&amp;_nav_id2=186133&amp;_lang=de\" target=\"_blank\">Abteilung Strategie und Planung<\/a>, Frau Regina Bergner vorgestellt. Zudem waren Vertreter der Stadtwerke Jena Energie sowie der bauausf\u00fchrenden Firma mit anwesend.<\/p>\n<p style=\"text-align: center\"><span style=\"text-decoration: underline\">Und so soll der Bauablauf sein:<\/span><\/p>\n<p><a href=\"https:\/\/blog.jena.de\/strassenbaubeitraege\/wp-content\/uploads\/sites\/11\/2016\/05\/Pr\u00e4sentation-der-Planungsunterlagen-Beethovenstra\u00dfe-Foto-\u00a9-Stadtl-Jena-KSJ.png\"><img loading=\"lazy\" decoding=\"async\" class=\"size-full wp-image-1471 aligncenter\" src=\"https:\/\/blog.jena.de\/strassenbaubeitraege\/wp-content\/uploads\/sites\/11\/2016\/05\/Pr\u00e4sentation-der-Planungsunterlagen-Beethovenstra\u00dfe-Foto-\u00a9-Stadtl-Jena-KSJ.png\" alt=\"Pr\u00e4sentation der Planungsunterlagen Beethovenstra\u00dfe - Foto \u00a9 Stadtl Jena KSJ\" width=\"700\" height=\"300\" srcset=\"https:\/\/blog.jena.de\/strassenbaubeitraege\/wp-content\/uploads\/sites\/11\/2016\/05\/Pr\u00e4sentation-der-Planungsunterlagen-Beethovenstra\u00dfe-Foto-\u00a9-Stadtl-Jena-KSJ.png 700w, https:\/\/blog.jena.de\/strassenbaubeitraege\/wp-content\/uploads\/sites\/11\/2016\/05\/Pr\u00e4sentation-der-Planungsunterlagen-Beethovenstra\u00dfe-Foto-\u00a9-Stadtl-Jena-KSJ-500x214.png 500w, https:\/\/blog.jena.de\/strassenbaubeitraege\/wp-content\/uploads\/sites\/11\/2016\/05\/Pr\u00e4sentation-der-Planungsunterlagen-Beethovenstra\u00dfe-Foto-\u00a9-Stadtl-Jena-KSJ-600x257.png 600w\" sizes=\"auto, (max-width: 700px) 100vw, 700px\" \/><\/a><strong>1. Bauabschnitt = Beethovenstra\u00dfe von Gutenbergstra\u00dfe \/ Max-Reger-Weg bis Am Steiger.<\/strong> Bauausf\u00fchrende Firma: Eurovia, <strong>Baubeginn f\u00fcr Abschnitt 1: 06.06.2016<\/strong>, Vorarbeiten (Beweissicherung etc.) beginnen Ende Mai 2016<\/p>\n<p><strong>2. Bauabschnitt = Beethovenstra\u00dfe von Ebertstra\u00dfe bis Gutenbergstra\u00dfe \/ Max-Reger-Weg.<\/strong> Bauausf\u00fchrende Firma: Eurovia,<strong> Baubeginn f\u00fcr Abschnitt 2: Sommer 2016<\/strong>.<\/p>\n<figure id=\"attachment_1472\" aria-describedby=\"caption-attachment-1472\" style=\"width: 520px\" class=\"wp-caption aligncenter\"><a href=\"https:\/\/blog.jena.de\/strassenbaubeitraege\/wp-content\/uploads\/sites\/11\/2016\/05\/Ausbaubereich-der-Beethovenstra\u00dfe-Foto-\u00a9-Stadtl-Jena-KSJ.png\"><img loading=\"lazy\" decoding=\"async\" class=\"wp-image-1472 size-full\" src=\"https:\/\/blog.jena.de\/strassenbaubeitraege\/wp-content\/uploads\/sites\/11\/2016\/05\/Ausbaubereich-der-Beethovenstra\u00dfe-Foto-\u00a9-Stadtl-Jena-KSJ.png\" alt=\"Ausbaubereich der Beethovenstra\u00dfe - Foto \u00a9 Stadtl Jena KSJ\" width=\"520\" height=\"300\" srcset=\"https:\/\/blog.jena.de\/strassenbaubeitraege\/wp-content\/uploads\/sites\/11\/2016\/05\/Ausbaubereich-der-Beethovenstra\u00dfe-Foto-\u00a9-Stadtl-Jena-KSJ.png 520w, https:\/\/blog.jena.de\/strassenbaubeitraege\/wp-content\/uploads\/sites\/11\/2016\/05\/Ausbaubereich-der-Beethovenstra\u00dfe-Foto-\u00a9-Stadtl-Jena-KSJ-500x288.png 500w\" sizes=\"auto, (max-width: 520px) 100vw, 520px\" \/><\/a><figcaption id=\"caption-attachment-1472\" class=\"wp-caption-text\">Ausbaubereich der Beethovenstra\u00dfe &#8211; Foto \u00a9 Stadt Jena KSJ<\/figcaption><\/figure>\n<p>Dem Stra\u00dfenbau des Kommunalservice Jena voran geht der Leitungsbau der Stadtwerke Jena Energie. Gebaut wird unter Vollsperrung. Ab dem 23.05.2016 werden Herr Schulze (= Bauleiter der Fa. Eurovia) sowie sein Polier, Herr Butz, bereits vor Ort sein und k\u00f6nnen von den Anliegern zum konkreten Bauablauf angesprochen werden.<\/p>\n","protected":false},"excerpt":{"rendered":"<p>Am 17.05.2016 fand in den R\u00e4umen des Kommunalservice Jena (KSJ), L\u00f6bstedter Stra\u00dfe 56, eine Informationsveranstaltung des KSJ zum geplanten Stra\u00dfenausbau der Beethovenstra\u00dfe in&hellip;<\/p>\n","protected":false},"author":12,"featured_media":1470,"comment_status":"open","ping_status":"closed","sticky":false,"template":"","format":"standard","meta":{"footnotes":""},"categories":[4,1],"tags":[],"class_list":["post-1468","post","type-post","status-publish","format-standard","has-post-thumbnail","hentry","category-beitragserhebung","category-allgemein"],"_links":{"self":[{"href":"https:\/\/blog.jena.de\/strassenbaubeitraege\/wp-json\/wp\/v2\/posts\/1468","targetHints":{"allow":["GET"]}}],"collection":[{"href":"https:\/\/blog.jena.de\/strassenbaubeitraege\/wp-json\/wp\/v2\/posts"}],"about":[{"href":"https:\/\/blog.jena.de\/strassenbaubeitraege\/wp-json\/wp\/v2\/types\/post"}],"author":[{"embeddable":true,"href":"https:\/\/blog.jena.de\/strassenbaubeitraege\/wp-json\/wp\/v2\/users\/12"}],"replies":[{"embeddable":true,"href":"https:\/\/blog.jena.de\/strassenbaubeitraege\/wp-json\/wp\/v2\/comments?post=1468"}],"version-history":[{"count":3,"href":"https:\/\/blog.jena.de\/strassenbaubeitraege\/wp-json\/wp\/v2\/posts\/1468\/revisions"}],"predecessor-version":[{"id":1474,"href":"https:\/\/blog.jena.de\/strassenbaubeitraege\/wp-json\/wp\/v2\/posts\/1468\/revisions\/1474"}],"wp:featuredmedia":[{"embeddable":true,"href":"https:\/\/blog.jena.de\/strassenbaubeitraege\/wp-json\/wp\/v2\/media\/1470"}],"wp:attachment":[{"href":"https:\/\/blog.jena.de\/strassenbaubeitraege\/wp-json\/wp\/v2\/media?parent=1468"}],"wp:term":[{"taxonomy":"category","embeddable":true,"href":"https:\/\/blog.jena.de\/strassenbaubeitraege\/wp-json\/wp\/v2\/categories?post=1468"},{"taxonomy":"post_tag","embeddable":true,"href":"https:\/\/blog.jena.de\/strassenbaubeitraege\/wp-json\/wp\/v2\/tags?post=1468"}],"curies":[{"name":"wp","href":"https:\/\/api.w.org\/{rel}","templated":true}]}}