{"id":1385,"date":"2016-03-21T11:33:59","date_gmt":"2016-03-21T10:33:59","guid":{"rendered":"https:\/\/blog.jena.de\/strassenbaubeitraege\/?p=1385"},"modified":"2016-03-21T11:33:59","modified_gmt":"2016-03-21T10:33:59","slug":"die-otz-schreibt-beitragsloesung-bei-strassenbau-in-thueringen-nur-in-kleinen-schritten","status":"publish","type":"post","link":"https:\/\/blog.jena.de\/strassenbaubeitraege\/2016\/03\/21\/die-otz-schreibt-beitragsloesung-bei-strassenbau-in-thueringen-nur-in-kleinen-schritten\/","title":{"rendered":"Die OTZ schreibt: &#8222;Beitragsl\u00f6sung bei Stra\u00dfenbau in Th\u00fcringen nur in kleinen Schritten&#8220;"},"content":{"rendered":"<p><a href=\"https:\/\/blog.jena.de\/strassenbaubeitraege\/wp-content\/uploads\/sites\/11\/2016\/03\/Artikel-Beitragsl\u00f6sung-nur-in-kleinen-Schritenl-Symbolfoto-\u00a9-Stadt-Jena-KSJ.jpg\" rel=\"attachment wp-att-1386\"><img loading=\"lazy\" decoding=\"async\" class=\"size-full wp-image-1386 aligncenter\" src=\"https:\/\/blog.jena.de\/strassenbaubeitraege\/wp-content\/uploads\/sites\/11\/2016\/03\/Artikel-Beitragsl\u00f6sung-nur-in-kleinen-Schritenl-Symbolfoto-\u00a9-Stadt-Jena-KSJ.jpg\" alt=\"Artikel - Beitragsl\u00f6sung nur in kleinen Schritenl - Symbolfoto \u00a9 Stadt Jena KSJ\" width=\"520\" height=\"300\" srcset=\"https:\/\/blog.jena.de\/strassenbaubeitraege\/wp-content\/uploads\/sites\/11\/2016\/03\/Artikel-Beitragsl\u00f6sung-nur-in-kleinen-Schritenl-Symbolfoto-\u00a9-Stadt-Jena-KSJ.jpg 520w, https:\/\/blog.jena.de\/strassenbaubeitraege\/wp-content\/uploads\/sites\/11\/2016\/03\/Artikel-Beitragsl\u00f6sung-nur-in-kleinen-Schritenl-Symbolfoto-\u00a9-Stadt-Jena-KSJ-500x288.jpg 500w\" sizes=\"auto, (max-width: 520px) 100vw, 520px\" \/><\/a> R\u00fcckwirkende Beitragserhebung f\u00fcr kommunalen Stra\u00dfenausbau ist nicht nur juristisch eine knifflige Sache, schreibt die OTZ in einem Artikel vom 17.03.2016 unter demTitel &#8222;Beitragsl\u00f6sung bei Stra\u00dfenbau in Th\u00fcringen nur in kleinen Schritten&#8220;. Hierin hei\u00dft es u.nter anderem:.<\/p>\n<p><em>Nicht jede Stra\u00dfenreparatur (&#8230;) ist f\u00fcr Anlieger beitragspflichtig. Grundhafter Ausbau aber schon, in Th\u00fcringen sogar r\u00fcckwirkend bis 1991. Dar\u00fcber wird bei Rot-Rot-Gr\u00fcn intern gestritten. <\/em><em>Frank Kuschel (Linke) sagt auf Nachfrage dieser Zeitung, er habe sich offenbar unklar ausgedr\u00fcckt. <a href=\"https:\/\/blog.jena.de\/strassenbaubeitraege\/2016\/03\/12\/die-thueringer-allgemeine-berichtet-das-kommunalabgabengesetz-soll-bezueglich-der-erhebung-von-strassenausbaubeitraegen-geaendert-werden\/\" target=\"_blank\">Er wollte nicht den Eindruck vermitteln, der Auftrag des Koalitionsausschusses an den Innenminister erstrecke sich auch auf k\u00fcnftige Beitragserhebungen f\u00fcr grundhaften kommunalen Stra\u00dfenausbau.<\/a> So sei es eben nicht.<\/em><\/p>\n<p><em>Obwohl Kuschel es gern so gehabt h\u00e4tte. Seit vielen Jahren k\u00e4mpft der Linke-Politiker nicht nur an der Seite der B\u00fcrgerallianz gegen \u00fcberh\u00f6hte Kommunalabgaben. Er ist auch deren Schatzmeister. Insofern waren die Hoffnungen verst\u00e4ndlich, die die B\u00fcrgerinitiativen auf eine rot-rot-gr\u00fcne Landesregierung richteten. Doch ein Dreierb\u00fcndnis, so sieht es inzwischen auch der Kommunalexperte Kuschel, lebe von Kompromissen: \u201eSchon der Koalitionsvertrag war ein Kompromiss. Jetzt machen wir noch einen Kompromiss zum Kompromiss.\u201c<\/em><\/p>\n<p><em>In der Sache hei\u00dft das: W\u00e4hrend die B\u00fcrgerallianz auf die Abschaffung aller Beitr\u00e4ge der Grundst\u00fcckseigent\u00fcmer f\u00fcr Abwasseranlagen und Stra\u00dfenausbau hofft, steht f\u00fcr Letztere im Koalitionsvertrag, dass die bis 1991 r\u00fcckwirkende Erhebung f\u00fcr l\u00e4ngst erledigte Bauma\u00dfnahmen \u201ebegrenzt\u201c werden soll. Der Auftrag an Innenminister Holger Poppenh\u00e4ger (SPD) lautet nun, bis Mitte Mai einen Gesetzentwurf vorzulegen, der den Kommunen die Entscheidung \u00fcberl\u00e4sst, wie weit sie die R\u00fcckwirkung anwenden wollen. Aus Kuschels Sicht ist das eine Abweichung vom Ziel, das im Koalitionsvertrag formuliert ist. Aber mehr bekommt er vorerst nicht. Die Interpretation des Abgeordneten korrigierte am Dienstag Regierungssprecher G\u00fcnter Kolodziej pers\u00f6nlich.<\/em><\/p>\n<p><strong><a href=\"http:\/\/www.otz.de\/web\/zgt\/politik\/detail\/-\/specific\/Beitragsloesung-bei-Strassenbau-in-Thueringen-nur-in-kleinen-Schritten-702273902\" target=\"_blank\">Lesen sie HIER den gesamten Artikel!<\/a><\/strong><\/p>\n<p><a href=\"https:\/\/blog.jena.de\/strassenbaubeitraege\/wp-content\/uploads\/sites\/11\/2016\/03\/Artikel-Beitragsl\u00f6sung-nur-in-kleinen-Schritenl-Abbildung-\u00a9-Mediengruppe-Th\u00fcringen-Ver\u00f6ffentlichung-mit-freundlicher-Genehmigung.jpg\" rel=\"attachment wp-att-1387\"><img loading=\"lazy\" decoding=\"async\" class=\"alignnone wp-image-1387\" src=\"https:\/\/blog.jena.de\/strassenbaubeitraege\/wp-content\/uploads\/sites\/11\/2016\/03\/Artikel-Beitragsl\u00f6sung-nur-in-kleinen-Schritenl-Abbildung-\u00a9-Mediengruppe-Th\u00fcringen-Ver\u00f6ffentlichung-mit-freundlicher-Genehmigung.jpg\" alt=\"Artikel - Beitragsl\u00f6sung nur in kleinen Schritenl - Abbildung \u00a9 Mediengruppe Th\u00fcringen - Ver\u00f6ffentlichung mit freundlicher Genehmigung\" width=\"700\" height=\"673\" srcset=\"https:\/\/blog.jena.de\/strassenbaubeitraege\/wp-content\/uploads\/sites\/11\/2016\/03\/Artikel-Beitragsl\u00f6sung-nur-in-kleinen-Schritenl-Abbildung-\u00a9-Mediengruppe-Th\u00fcringen-Ver\u00f6ffentlichung-mit-freundlicher-Genehmigung.jpg 1040w, https:\/\/blog.jena.de\/strassenbaubeitraege\/wp-content\/uploads\/sites\/11\/2016\/03\/Artikel-Beitragsl\u00f6sung-nur-in-kleinen-Schritenl-Abbildung-\u00a9-Mediengruppe-Th\u00fcringen-Ver\u00f6ffentlichung-mit-freundlicher-Genehmigung-500x481.jpg 500w, https:\/\/blog.jena.de\/strassenbaubeitraege\/wp-content\/uploads\/sites\/11\/2016\/03\/Artikel-Beitragsl\u00f6sung-nur-in-kleinen-Schritenl-Abbildung-\u00a9-Mediengruppe-Th\u00fcringen-Ver\u00f6ffentlichung-mit-freundlicher-Genehmigung-768x738.jpg 768w, https:\/\/blog.jena.de\/strassenbaubeitraege\/wp-content\/uploads\/sites\/11\/2016\/03\/Artikel-Beitragsl\u00f6sung-nur-in-kleinen-Schritenl-Abbildung-\u00a9-Mediengruppe-Th\u00fcringen-Ver\u00f6ffentlichung-mit-freundlicher-Genehmigung-1000x962.jpg 1000w, https:\/\/blog.jena.de\/strassenbaubeitraege\/wp-content\/uploads\/sites\/11\/2016\/03\/Artikel-Beitragsl\u00f6sung-nur-in-kleinen-Schritenl-Abbildung-\u00a9-Mediengruppe-Th\u00fcringen-Ver\u00f6ffentlichung-mit-freundlicher-Genehmigung-600x577.jpg 600w, https:\/\/blog.jena.de\/strassenbaubeitraege\/wp-content\/uploads\/sites\/11\/2016\/03\/Artikel-Beitragsl\u00f6sung-nur-in-kleinen-Schritenl-Abbildung-\u00a9-Mediengruppe-Th\u00fcringen-Ver\u00f6ffentlichung-mit-freundlicher-Genehmigung-718x690.jpg 718w\" sizes=\"auto, (max-width: 700px) 100vw, 700px\" \/><\/a><\/p>\n","protected":false},"excerpt":{"rendered":"<p>R\u00fcckwirkende Beitragserhebung f\u00fcr kommunalen Stra\u00dfenausbau ist nicht nur juristisch eine knifflige Sache, schreibt die OTZ in einem Artikel vom 17.03.2016 unter demTitel &#8222;Beitragsl\u00f6sung&hellip;<\/p>\n","protected":false},"author":12,"featured_media":1386,"comment_status":"open","ping_status":"closed","sticky":false,"template":"","format":"standard","meta":{"footnotes":""},"categories":[4,1,5],"tags":[],"class_list":["post-1385","post","type-post","status-publish","format-standard","has-post-thumbnail","hentry","category-beitragserhebung","category-allgemein","category-bezahlen"],"_links":{"self":[{"href":"https:\/\/blog.jena.de\/strassenbaubeitraege\/wp-json\/wp\/v2\/posts\/1385","targetHints":{"allow":["GET"]}}],"collection":[{"href":"https:\/\/blog.jena.de\/strassenbaubeitraege\/wp-json\/wp\/v2\/posts"}],"about":[{"href":"https:\/\/blog.jena.de\/strassenbaubeitraege\/wp-json\/wp\/v2\/types\/post"}],"author":[{"embeddable":true,"href":"https:\/\/blog.jena.de\/strassenbaubeitraege\/wp-json\/wp\/v2\/users\/12"}],"replies":[{"embeddable":true,"href":"https:\/\/blog.jena.de\/strassenbaubeitraege\/wp-json\/wp\/v2\/comments?post=1385"}],"version-history":[{"count":1,"href":"https:\/\/blog.jena.de\/strassenbaubeitraege\/wp-json\/wp\/v2\/posts\/1385\/revisions"}],"predecessor-version":[{"id":1388,"href":"https:\/\/blog.jena.de\/strassenbaubeitraege\/wp-json\/wp\/v2\/posts\/1385\/revisions\/1388"}],"wp:featuredmedia":[{"embeddable":true,"href":"https:\/\/blog.jena.de\/strassenbaubeitraege\/wp-json\/wp\/v2\/media\/1386"}],"wp:attachment":[{"href":"https:\/\/blog.jena.de\/strassenbaubeitraege\/wp-json\/wp\/v2\/media?parent=1385"}],"wp:term":[{"taxonomy":"category","embeddable":true,"href":"https:\/\/blog.jena.de\/strassenbaubeitraege\/wp-json\/wp\/v2\/categories?post=1385"},{"taxonomy":"post_tag","embeddable":true,"href":"https:\/\/blog.jena.de\/strassenbaubeitraege\/wp-json\/wp\/v2\/tags?post=1385"}],"curies":[{"name":"wp","href":"https:\/\/api.w.org\/{rel}","templated":true}]}}