{"id":1378,"date":"2016-03-12T20:10:00","date_gmt":"2016-03-12T19:10:00","guid":{"rendered":"https:\/\/blog.jena.de\/strassenbaubeitraege\/?p=1378"},"modified":"2016-03-13T04:18:57","modified_gmt":"2016-03-13T03:18:57","slug":"die-thueringer-allgemeine-berichtet-das-kommunalabgabengesetz-soll-bezueglich-der-erhebung-von-strassenausbaubeitraegen-geaendert-werden","status":"publish","type":"post","link":"https:\/\/blog.jena.de\/strassenbaubeitraege\/2016\/03\/12\/die-thueringer-allgemeine-berichtet-das-kommunalabgabengesetz-soll-bezueglich-der-erhebung-von-strassenausbaubeitraegen-geaendert-werden\/","title":{"rendered":"Die &#8222;Th\u00fcringer Allgemeine&#8220; berichtet: das Kommunalabgabengesetz soll bez\u00fcglich der Erhebung von Stra\u00dfen(aus)baubeitr\u00e4gen ge\u00e4ndert werden"},"content":{"rendered":"<p><a href=\"https:\/\/blog.jena.de\/strassenbaubeitraege\/wp-content\/uploads\/sites\/11\/2016\/01\/Schild-Beitragserhebung-Abbildung-\u00a9-Stadt-Jena-KSJ.jpg\" rel=\"attachment wp-att-1254\"><img loading=\"lazy\" decoding=\"async\" class=\"size-full wp-image-1254 aligncenter\" src=\"https:\/\/blog.jena.de\/strassenbaubeitraege\/wp-content\/uploads\/sites\/11\/2016\/01\/Schild-Beitragserhebung-Abbildung-\u00a9-Stadt-Jena-KSJ.jpg\" alt=\"Schild Beitragserhebung - Abbildung \u00a9 Stadt Jena KSJ\" width=\"580\" height=\"300\" srcset=\"https:\/\/blog.jena.de\/strassenbaubeitraege\/wp-content\/uploads\/sites\/11\/2016\/01\/Schild-Beitragserhebung-Abbildung-\u00a9-Stadt-Jena-KSJ.jpg 580w, https:\/\/blog.jena.de\/strassenbaubeitraege\/wp-content\/uploads\/sites\/11\/2016\/01\/Schild-Beitragserhebung-Abbildung-\u00a9-Stadt-Jena-KSJ-500x259.jpg 500w\" sizes=\"auto, (max-width: 580px) 100vw, 580px\" \/><\/a>Th\u00fcringens Kommunen sollen, einem <a href=\"http:\/\/www.thueringer-allgemeine.de\/web\/zgt\/politik\/detail\/-\/specific\/Nicht-alle-Thueringer-Kommunen-sollen-Strassenausbaubeitraege-erheben-1898681916\" target=\"_blank\">Bericht der Zeitung &#8222;Th\u00fcringer Allgemeine&#8220; (TA) vom heutigen Tag zufolge<\/a>, demn\u00e4chst nicht mehr in jedem Fall dazu verpflichtet sein, r\u00fcckwirkend Stra\u00dfenausbeitr\u00e4ge zu erheben. Darauf h\u00e4tten sich die Regierungsparteien Die Linke, SPD und B\u00fcndnis&#8217;90\/Gr\u00fcne geeinigt, so die TA.<\/p>\n<p>Wie die Zeitung schreibt, habe der Koalitionsausschuss Innenminister Poppenh\u00e4ger beauftragt, bis Mitte Mai 2016 einen entsprechenden Gesetzentwurf vorzulegen, nach welchem sowohl <a href=\"https:\/\/blog.jena.de\/strassenbaubeitraege\/wp-content\/uploads\/sites\/11\/2014\/12\/Stadt-Jena-KSJ-Das-Thueringer-Kommunalabgabengesetz-in-Auszuegen-Stand-Dezember-2014.pdf\" rel=\"\">das Kommunalabgabengesetz Th\u00fcrKAG<\/a> als auch die Th\u00fcringer Kommunalordnung ge\u00e4ndert werden m\u00fcssten. Hierbei soll eine sog. Ermessensregelung die <em>&#8222;Begrenzung der r\u00fcckwirkenden Erhebung&#8220;<\/em> erm\u00f6glichen.<\/p>\n<p>Unbest\u00e4tigt blieben dem Zeitungsbericht zufolge jedoch Erkl\u00e4rungen des Landtagsabgeordneten der Linkspartei und Mitglied der <a href=\"http:\/\/www.buergerallianz.de\/ba_willkommen.html\" target=\"_blank\">Th\u00fcringer B\u00fcrgerallianz gegen \u00fcberh\u00f6hte Kommunalabgaben e. V.<\/a>, Frank Kuschel, der dem Mitteldeutschen Rundfunk gegen\u00fcber sagte, die Koalition habe sich zudem darauf verst\u00e4ndigt, dass die Ausnahmeklausel auch f\u00fcr aktuelle oder k\u00fcnftige, nach dem Th\u00fcrKAG beitragspflichtige Stra\u00dfenbauvorhaben gelten d\u00fcrfe. Von der SPD hie\u00df es, so die Th\u00fcringer Allgemeine, dies sie noch nicht entschieden, denn Beitragsexperten gehen hier davon aus, dass mit einer solchen Gesetzesregelung ein Versto\u00df gegen Artikel 3 des Grundgesetzes verbunden sein k\u00f6nnte,<\/p>\n<p>Nach Kuschels Angaben k\u00f6nnten Th\u00fcringer Kommunen sich dann zuk\u00fcnftig auch daf\u00fcr entscheiden, generell auf Beitr\u00e4ge zu verzichten und Grundst\u00fcckseigent\u00fcmer nicht an den Kosten f\u00fcr den Stra\u00dfenbau zu beteiligen. Im Bericht der TA hei\u00dft es, dass es noch unklar sei, wann die Gesetzesnovelle in Kraft treten k\u00f6nnte. Sofern die Regierungsfraktionen das Ganze als eigenen Entwurf im Fr\u00fchjahr im Landtag einbr\u00e4chten, k\u00f6nnte er sogar noch vor der Sommerpause verabschiedet werden. W\u00fcrde die Gesetzgebung jedoch \u00fcber das Kabinett abgewickelt, d\u00fcrfte das Verfahren bis in den Sp\u00e4therbst andauern.<\/p>\n","protected":false},"excerpt":{"rendered":"<p>Th\u00fcringens Kommunen sollen, einem Bericht der Zeitung &#8222;Th\u00fcringer Allgemeine&#8220; (TA) vom heutigen Tag zufolge, demn\u00e4chst nicht mehr in jedem Fall dazu verpflichtet sein,&hellip;<\/p>\n","protected":false},"author":12,"featured_media":1254,"comment_status":"open","ping_status":"closed","sticky":false,"template":"","format":"standard","meta":{"footnotes":""},"categories":[1],"tags":[],"class_list":["post-1378","post","type-post","status-publish","format-standard","has-post-thumbnail","hentry","category-allgemein"],"_links":{"self":[{"href":"https:\/\/blog.jena.de\/strassenbaubeitraege\/wp-json\/wp\/v2\/posts\/1378","targetHints":{"allow":["GET"]}}],"collection":[{"href":"https:\/\/blog.jena.de\/strassenbaubeitraege\/wp-json\/wp\/v2\/posts"}],"about":[{"href":"https:\/\/blog.jena.de\/strassenbaubeitraege\/wp-json\/wp\/v2\/types\/post"}],"author":[{"embeddable":true,"href":"https:\/\/blog.jena.de\/strassenbaubeitraege\/wp-json\/wp\/v2\/users\/12"}],"replies":[{"embeddable":true,"href":"https:\/\/blog.jena.de\/strassenbaubeitraege\/wp-json\/wp\/v2\/comments?post=1378"}],"version-history":[{"count":2,"href":"https:\/\/blog.jena.de\/strassenbaubeitraege\/wp-json\/wp\/v2\/posts\/1378\/revisions"}],"predecessor-version":[{"id":1380,"href":"https:\/\/blog.jena.de\/strassenbaubeitraege\/wp-json\/wp\/v2\/posts\/1378\/revisions\/1380"}],"wp:featuredmedia":[{"embeddable":true,"href":"https:\/\/blog.jena.de\/strassenbaubeitraege\/wp-json\/wp\/v2\/media\/1254"}],"wp:attachment":[{"href":"https:\/\/blog.jena.de\/strassenbaubeitraege\/wp-json\/wp\/v2\/media?parent=1378"}],"wp:term":[{"taxonomy":"category","embeddable":true,"href":"https:\/\/blog.jena.de\/strassenbaubeitraege\/wp-json\/wp\/v2\/categories?post=1378"},{"taxonomy":"post_tag","embeddable":true,"href":"https:\/\/blog.jena.de\/strassenbaubeitraege\/wp-json\/wp\/v2\/tags?post=1378"}],"curies":[{"name":"wp","href":"https:\/\/api.w.org\/{rel}","templated":true}]}}