{"id":270,"date":"2021-07-16T11:59:10","date_gmt":"2021-07-16T09:59:10","guid":{"rendered":"https:\/\/blog.jena.de\/smartcity\/?p=270"},"modified":"2021-08-18T13:36:28","modified_gmt":"2021-08-18T11:36:28","slug":"statusbericht-01-smart-city-jena","status":"publish","type":"post","link":"https:\/\/blog.jena.de\/smartcity\/2021\/07\/16\/statusbericht-01-smart-city-jena\/","title":{"rendered":"Statusbericht 01 &#8211; Smart City Jena"},"content":{"rendered":"\n<p>Seit dem Kick Off ist Einiges bei der Entwicklung der Strategie f\u00fcr unser Smart City Projekt geschehen. Damit die interessierte Stadt\u00f6ffentlichkeit und die Kommunalpolitik regelm\u00e4\u00dfig auf dem Laufenden bleibt, werden wir im halbj\u00e4hrlichen Rhythmus einen Statusbericht ver\u00f6ffentlichen.<\/p>\n<p>In den Handlungsfeldern und Teilprojekten wurden die Teams formiert und bis auf eine Ausnahme \u00fcberall Arbeitsgemeinschaften (AG) ins Leben gerufen. Diese sind je nach Themengebiet ganz unterschiedlich mit Expert:innen aus der Wissenschaft, Wirtschaft, dem sozialen und kulturellen Bereich wie auch aus der Verwaltung besetzt und erarbeiten einen Strategievorschlag.<\/p>\n<p>Voraussichtlich ab November wird \u00fcber eine neue Website \u00fcber den aktuellsten Stand informiert, der auch \u00fcber eine Beteiligungsplattform diskutiert werden kann. Von Januar bis&nbsp; M\u00e4rz 2022 soll der finale Stand der Strategie mit der interessierten Stadtgesellschaft diskutiert und konkretisiert werden.<\/p>\n<p>Das Smart City Projekt gliedert sich in f\u00fcnf Handlungsfelder mit verschiedenen Teilprojekten. Zur \u00dcbersicht das Organigramm:<\/p>\n\n\n\n<figure class=\"wp-block-image size-large\"><a href=\"https:\/\/blog.jena.de\/smartcity\/wp-content\/uploads\/sites\/24\/2021\/08\/smartcity-statusbericht-01-smart-city-jena-organigrammsmartcity.png\"><img loading=\"lazy\" decoding=\"async\" width=\"1000\" height=\"405\" src=\"https:\/\/blog.jena.de\/smartcity\/wp-content\/uploads\/sites\/24\/2021\/08\/smartcity-statusbericht-01-smart-city-jena-organigrammsmartcity-1000x405.png\" alt=\"\" class=\"wp-image-279\" title=\"Organigramm Smart City Projekt \/ Zum Vergr\u00f6\u00dfern Klicken\" srcset=\"https:\/\/blog.jena.de\/smartcity\/wp-content\/uploads\/sites\/24\/2021\/08\/smartcity-statusbericht-01-smart-city-jena-organigrammsmartcity-1000x405.png 1000w, https:\/\/blog.jena.de\/smartcity\/wp-content\/uploads\/sites\/24\/2021\/08\/smartcity-statusbericht-01-smart-city-jena-organigrammsmartcity-500x203.png 500w, https:\/\/blog.jena.de\/smartcity\/wp-content\/uploads\/sites\/24\/2021\/08\/smartcity-statusbericht-01-smart-city-jena-organigrammsmartcity-768x311.png 768w, https:\/\/blog.jena.de\/smartcity\/wp-content\/uploads\/sites\/24\/2021\/08\/smartcity-statusbericht-01-smart-city-jena-organigrammsmartcity-1536x623.png 1536w, https:\/\/blog.jena.de\/smartcity\/wp-content\/uploads\/sites\/24\/2021\/08\/smartcity-statusbericht-01-smart-city-jena-organigrammsmartcity-1500x608.png 1500w, https:\/\/blog.jena.de\/smartcity\/wp-content\/uploads\/sites\/24\/2021\/08\/smartcity-statusbericht-01-smart-city-jena-organigrammsmartcity.png 1897w\" sizes=\"auto, (max-width: 1000px) 100vw, 1000px\" \/><\/a><figcaption>Organigramm des Smart City Projektes<\/figcaption><\/figure>\n\n\n\n<p>In unserem Statusbericht 01 kann der aktuelle Stand zu jedem Handlungsfeld <a href=\"https:\/\/sessionnet.jena.de\/sessionnet\/buergerinfo\/getfile.php?id=101626&amp;type=do&amp;\">in dieser PDF<\/a> komplett eingesehen werden.<\/p>\n","protected":false},"excerpt":{"rendered":"","protected":false},"author":24,"featured_media":271,"comment_status":"open","ping_status":"closed","sticky":false,"template":"","format":"standard","meta":{"footnotes":""},"categories":[1],"tags":[],"class_list":["post-270","post","type-post","status-publish","format-standard","has-post-thumbnail","hentry","category-allgemein"],"_links":{"self":[{"href":"https:\/\/blog.jena.de\/smartcity\/wp-json\/wp\/v2\/posts\/270","targetHints":{"allow":["GET"]}}],"collection":[{"href":"https:\/\/blog.jena.de\/smartcity\/wp-json\/wp\/v2\/posts"}],"about":[{"href":"https:\/\/blog.jena.de\/smartcity\/wp-json\/wp\/v2\/types\/post"}],"author":[{"embeddable":true,"href":"https:\/\/blog.jena.de\/smartcity\/wp-json\/wp\/v2\/users\/24"}],"replies":[{"embeddable":true,"href":"https:\/\/blog.jena.de\/smartcity\/wp-json\/wp\/v2\/comments?post=270"}],"version-history":[{"count":5,"href":"https:\/\/blog.jena.de\/smartcity\/wp-json\/wp\/v2\/posts\/270\/revisions"}],"predecessor-version":[{"id":294,"href":"https:\/\/blog.jena.de\/smartcity\/wp-json\/wp\/v2\/posts\/270\/revisions\/294"}],"wp:featuredmedia":[{"embeddable":true,"href":"https:\/\/blog.jena.de\/smartcity\/wp-json\/wp\/v2\/media\/271"}],"wp:attachment":[{"href":"https:\/\/blog.jena.de\/smartcity\/wp-json\/wp\/v2\/media?parent=270"}],"wp:term":[{"taxonomy":"category","embeddable":true,"href":"https:\/\/blog.jena.de\/smartcity\/wp-json\/wp\/v2\/categories?post=270"},{"taxonomy":"post_tag","embeddable":true,"href":"https:\/\/blog.jena.de\/smartcity\/wp-json\/wp\/v2\/tags?post=270"}],"curies":[{"name":"wp","href":"https:\/\/api.w.org\/{rel}","templated":true}]}}