{"id":217,"date":"2020-09-08T12:30:52","date_gmt":"2020-09-08T10:30:52","guid":{"rendered":"https:\/\/blog.jena.de\/smartcity\/?p=217"},"modified":"2020-09-08T16:27:54","modified_gmt":"2020-09-08T14:27:54","slug":"wir-haben-gewonnen","status":"publish","type":"post","link":"https:\/\/blog.jena.de\/smartcity\/2020\/09\/08\/wir-haben-gewonnen\/","title":{"rendered":"Wir haben gewonnen!!"},"content":{"rendered":"\n<p>Gerade erhielten wir die mit Spannung erwartete Nachricht vom Bundesinnenministerium: wir haben gewonnen! Als eine von 32 Kommunen bekommen wir innerhalb der n\u00e4chsten 7 Jahre bis zu 15,7 Millionen Euro f\u00fcr unsere Smart City-Projekte!<\/p>\n<p>Dies ist eine hervorragende Nachricht f\u00fcr unsere Stadt, die Digitalisierung erh\u00e4lt damit in Jena einen m\u00e4chtigen Schub! Als Koordinator unserer Bewerbung bin ich (Martin Berger) dar\u00fcber wahnsinnig froh, und ich m\u00f6chte allen &#8211; es sind bestimmt 40 Leute &#8211; die mich unterst\u00fctzt haben, herzlich <strong>DANKE!!! <\/strong>sagen,<\/p>\n<p>Bald erfahren wir von der KfW N\u00e4heres zu den genauen Abl\u00e4ufen&#8230; und dann geht es richtig los \ud83d\ude42<\/p>\n","protected":false},"excerpt":{"rendered":"","protected":false},"author":24,"featured_media":219,"comment_status":"open","ping_status":"closed","sticky":false,"template":"","format":"standard","meta":{"footnotes":""},"categories":[1],"tags":[],"class_list":["post-217","post","type-post","status-publish","format-standard","has-post-thumbnail","hentry","category-allgemein"],"_links":{"self":[{"href":"https:\/\/blog.jena.de\/smartcity\/wp-json\/wp\/v2\/posts\/217","targetHints":{"allow":["GET"]}}],"collection":[{"href":"https:\/\/blog.jena.de\/smartcity\/wp-json\/wp\/v2\/posts"}],"about":[{"href":"https:\/\/blog.jena.de\/smartcity\/wp-json\/wp\/v2\/types\/post"}],"author":[{"embeddable":true,"href":"https:\/\/blog.jena.de\/smartcity\/wp-json\/wp\/v2\/users\/24"}],"replies":[{"embeddable":true,"href":"https:\/\/blog.jena.de\/smartcity\/wp-json\/wp\/v2\/comments?post=217"}],"version-history":[{"count":2,"href":"https:\/\/blog.jena.de\/smartcity\/wp-json\/wp\/v2\/posts\/217\/revisions"}],"predecessor-version":[{"id":220,"href":"https:\/\/blog.jena.de\/smartcity\/wp-json\/wp\/v2\/posts\/217\/revisions\/220"}],"wp:featuredmedia":[{"embeddable":true,"href":"https:\/\/blog.jena.de\/smartcity\/wp-json\/wp\/v2\/media\/219"}],"wp:attachment":[{"href":"https:\/\/blog.jena.de\/smartcity\/wp-json\/wp\/v2\/media?parent=217"}],"wp:term":[{"taxonomy":"category","embeddable":true,"href":"https:\/\/blog.jena.de\/smartcity\/wp-json\/wp\/v2\/categories?post=217"},{"taxonomy":"post_tag","embeddable":true,"href":"https:\/\/blog.jena.de\/smartcity\/wp-json\/wp\/v2\/tags?post=217"}],"curies":[{"name":"wp","href":"https:\/\/api.w.org\/{rel}","templated":true}]}}