{"id":210,"date":"2020-05-20T19:02:11","date_gmt":"2020-05-20T17:02:11","guid":{"rendered":"https:\/\/blog.jena.de\/smartcity\/?p=210"},"modified":"2020-05-20T19:02:12","modified_gmt":"2020-05-20T17:02:12","slug":"unser-antrag-ist-auf-dem-weg","status":"publish","type":"post","link":"https:\/\/blog.jena.de\/smartcity\/2020\/05\/20\/unser-antrag-ist-auf-dem-weg\/","title":{"rendered":"Unser Antrag ist auf dem Weg"},"content":{"rendered":"\n<p>Fristgerecht haben wir unseren Antrag auf F\u00f6rderung als Modellprojekt Smart City bei der KfW eingereicht. Wir hoffen nat\u00fcrlich sehr, dass wir eine der 10 Gewinnerkommunen sein werden! Im Jahr des Digitalgipfels in Jena kann es eigentlich ja gar nicht anders sein.<\/p>\n<p>Wir m\u00f6chten all den vielen Mitstreiterinnen und Mitstreitern danken, die uns bei der Erarbeitung unserer Projektideen und der Erstellung des Antragsformulars unterst\u00fctzt haben. Sie alle haben uns gro\u00dfartig geholfen; ohne Sie h\u00e4tten wir nicht die H\u00e4lfte der guten Ideen gehabt, die wir jetzt einbringen! Das Resultat, also unseren Antrag, finden Sie hier: <a href=\"https:\/\/blog.jena.de\/smartcity\/wp-content\/uploads\/sites\/24\/2020\/05\/smartcity-sc20-fpvms-637255082783711564-smartcities.pdf\">SC20-FPVMS-637255082783711564-SmartCities<\/a>.<\/p>\n<p>Die Entscheidung des F\u00f6rdermittelgebers kennen wir im September. Wir gehen von einem Erfolg aus und freuen uns auf die dann intensiv beginnende Arbeit mit Euch und Ihnen allen!<\/p>\n","protected":false},"excerpt":{"rendered":"","protected":false},"author":24,"featured_media":209,"comment_status":"open","ping_status":"closed","sticky":false,"template":"","format":"standard","meta":{"footnotes":""},"categories":[1],"tags":[],"class_list":["post-210","post","type-post","status-publish","format-standard","has-post-thumbnail","hentry","category-allgemein"],"_links":{"self":[{"href":"https:\/\/blog.jena.de\/smartcity\/wp-json\/wp\/v2\/posts\/210","targetHints":{"allow":["GET"]}}],"collection":[{"href":"https:\/\/blog.jena.de\/smartcity\/wp-json\/wp\/v2\/posts"}],"about":[{"href":"https:\/\/blog.jena.de\/smartcity\/wp-json\/wp\/v2\/types\/post"}],"author":[{"embeddable":true,"href":"https:\/\/blog.jena.de\/smartcity\/wp-json\/wp\/v2\/users\/24"}],"replies":[{"embeddable":true,"href":"https:\/\/blog.jena.de\/smartcity\/wp-json\/wp\/v2\/comments?post=210"}],"version-history":[{"count":2,"href":"https:\/\/blog.jena.de\/smartcity\/wp-json\/wp\/v2\/posts\/210\/revisions"}],"predecessor-version":[{"id":213,"href":"https:\/\/blog.jena.de\/smartcity\/wp-json\/wp\/v2\/posts\/210\/revisions\/213"}],"wp:featuredmedia":[{"embeddable":true,"href":"https:\/\/blog.jena.de\/smartcity\/wp-json\/wp\/v2\/media\/209"}],"wp:attachment":[{"href":"https:\/\/blog.jena.de\/smartcity\/wp-json\/wp\/v2\/media?parent=210"}],"wp:term":[{"taxonomy":"category","embeddable":true,"href":"https:\/\/blog.jena.de\/smartcity\/wp-json\/wp\/v2\/categories?post=210"},{"taxonomy":"post_tag","embeddable":true,"href":"https:\/\/blog.jena.de\/smartcity\/wp-json\/wp\/v2\/tags?post=210"}],"curies":[{"name":"wp","href":"https:\/\/api.w.org\/{rel}","templated":true}]}}