{"id":204,"date":"2020-05-03T21:05:36","date_gmt":"2020-05-03T19:05:36","guid":{"rendered":"https:\/\/blog.jena.de\/smartcity\/?p=204"},"modified":"2020-05-03T21:11:49","modified_gmt":"2020-05-03T19:11:49","slug":"beauftragter-fuer-digitalisierung-gesucht-stellenausschreibung","status":"publish","type":"post","link":"https:\/\/blog.jena.de\/smartcity\/2020\/05\/03\/beauftragter-fuer-digitalisierung-gesucht-stellenausschreibung\/","title":{"rendered":"Beauftragter f\u00fcr Digitalisierung gesucht (Stellenausschreibung)"},"content":{"rendered":"\n<p>Wir wollen uns verst\u00e4rken, um alle Projekte auf dem Weg zur Smart City stemmen zu k\u00f6nnen. Und auch verwaltungsintern braucht es mehr \u00fcbergreifende Koordinierung. Deswegen haben wir die Stelle eines Beauftragten f\u00fcr Digitalisierung ausgeschrieben: <a href=\"https:\/\/karriere.jena.de\/de\/beauftragter-fuer-digitalisierung-mwd\">https:\/\/karriere.jena.de\/de\/beauftragter-fuer-digitalisierung-mwd<\/a><\/p>\n<p>Wir freuen uns auf eure Bewerbungen, bis 11.5.2020!<\/p>\n","protected":false},"excerpt":{"rendered":"","protected":false},"author":24,"featured_media":206,"comment_status":"open","ping_status":"closed","sticky":false,"template":"","format":"standard","meta":{"footnotes":""},"categories":[1],"tags":[],"class_list":["post-204","post","type-post","status-publish","format-standard","has-post-thumbnail","hentry","category-allgemein"],"_links":{"self":[{"href":"https:\/\/blog.jena.de\/smartcity\/wp-json\/wp\/v2\/posts\/204","targetHints":{"allow":["GET"]}}],"collection":[{"href":"https:\/\/blog.jena.de\/smartcity\/wp-json\/wp\/v2\/posts"}],"about":[{"href":"https:\/\/blog.jena.de\/smartcity\/wp-json\/wp\/v2\/types\/post"}],"author":[{"embeddable":true,"href":"https:\/\/blog.jena.de\/smartcity\/wp-json\/wp\/v2\/users\/24"}],"replies":[{"embeddable":true,"href":"https:\/\/blog.jena.de\/smartcity\/wp-json\/wp\/v2\/comments?post=204"}],"version-history":[{"count":1,"href":"https:\/\/blog.jena.de\/smartcity\/wp-json\/wp\/v2\/posts\/204\/revisions"}],"predecessor-version":[{"id":205,"href":"https:\/\/blog.jena.de\/smartcity\/wp-json\/wp\/v2\/posts\/204\/revisions\/205"}],"wp:featuredmedia":[{"embeddable":true,"href":"https:\/\/blog.jena.de\/smartcity\/wp-json\/wp\/v2\/media\/206"}],"wp:attachment":[{"href":"https:\/\/blog.jena.de\/smartcity\/wp-json\/wp\/v2\/media?parent=204"}],"wp:term":[{"taxonomy":"category","embeddable":true,"href":"https:\/\/blog.jena.de\/smartcity\/wp-json\/wp\/v2\/categories?post=204"},{"taxonomy":"post_tag","embeddable":true,"href":"https:\/\/blog.jena.de\/smartcity\/wp-json\/wp\/v2\/tags?post=204"}],"curies":[{"name":"wp","href":"https:\/\/api.w.org\/{rel}","templated":true}]}}