{"id":198,"date":"2020-03-30T18:52:07","date_gmt":"2020-03-30T16:52:07","guid":{"rendered":"https:\/\/blog.jena.de\/smartcity\/?p=198"},"modified":"2020-03-30T18:52:08","modified_gmt":"2020-03-30T16:52:08","slug":"erste-projektideen","status":"publish","type":"post","link":"https:\/\/blog.jena.de\/smartcity\/2020\/03\/30\/erste-projektideen\/","title":{"rendered":"Erste Projektideen"},"content":{"rendered":"\n<p>Statt unserer f\u00fcr heute geplanten, von Corona verhinderten Veranstaltung k\u00f6nnen wir nur per Mail\/Telefon\/Video mit unseren vielen Jenaer Mitstreiter\/innen kommunizieren. Das haben wir heute gemacht und unsere ersten Projektideen f\u00fcr die f\u00fcnfj\u00e4hrige Umsetzungsphase benannt.<\/p>\n\n\n\n<p>Das sind:<br>* WISSENsStapel Jena &#8211; Urban Data Plattform<br>* Smartes Quartier Jena-Lobeda (SQJL)<br>* Orte des digitalen Lernens f\u00fcr Alle in Jena<br>* CityServices und CitySmartLogistik (CSCS)<br>* eGovernment++ Jena<\/p>\n\n\n\n<p>Was verbirgt sich dahinter und warum genau diese&#8230; Sie sind neugierig, Sie m\u00f6chten mitwirken? Dann melden Sie sich doch unter <a href=\"mailto:smartcity@jena.de\">smartcity@jena.de<\/a><\/p>\n\n\n\n<p><\/p>\n","protected":false},"excerpt":{"rendered":"<p>Statt unserer f\u00fcr heute geplanten, von Corona verhinderten Veranstaltung k\u00f6nnen wir nur per Mail\/Telefon\/Video mit unseren vielen Jenaer Mitstreiter\/innen kommunizieren. Das haben wir&hellip;<\/p>\n","protected":false},"author":24,"featured_media":199,"comment_status":"open","ping_status":"closed","sticky":false,"template":"","format":"standard","meta":{"footnotes":""},"categories":[1],"tags":[],"class_list":["post-198","post","type-post","status-publish","format-standard","has-post-thumbnail","hentry","category-allgemein"],"_links":{"self":[{"href":"https:\/\/blog.jena.de\/smartcity\/wp-json\/wp\/v2\/posts\/198","targetHints":{"allow":["GET"]}}],"collection":[{"href":"https:\/\/blog.jena.de\/smartcity\/wp-json\/wp\/v2\/posts"}],"about":[{"href":"https:\/\/blog.jena.de\/smartcity\/wp-json\/wp\/v2\/types\/post"}],"author":[{"embeddable":true,"href":"https:\/\/blog.jena.de\/smartcity\/wp-json\/wp\/v2\/users\/24"}],"replies":[{"embeddable":true,"href":"https:\/\/blog.jena.de\/smartcity\/wp-json\/wp\/v2\/comments?post=198"}],"version-history":[{"count":3,"href":"https:\/\/blog.jena.de\/smartcity\/wp-json\/wp\/v2\/posts\/198\/revisions"}],"predecessor-version":[{"id":292,"href":"https:\/\/blog.jena.de\/smartcity\/wp-json\/wp\/v2\/posts\/198\/revisions\/292"}],"wp:featuredmedia":[{"embeddable":true,"href":"https:\/\/blog.jena.de\/smartcity\/wp-json\/wp\/v2\/media\/199"}],"wp:attachment":[{"href":"https:\/\/blog.jena.de\/smartcity\/wp-json\/wp\/v2\/media?parent=198"}],"wp:term":[{"taxonomy":"category","embeddable":true,"href":"https:\/\/blog.jena.de\/smartcity\/wp-json\/wp\/v2\/categories?post=198"},{"taxonomy":"post_tag","embeddable":true,"href":"https:\/\/blog.jena.de\/smartcity\/wp-json\/wp\/v2\/tags?post=198"}],"curies":[{"name":"wp","href":"https:\/\/api.w.org\/{rel}","templated":true}]}}