{"id":129,"date":"2020-03-11T13:05:00","date_gmt":"2020-03-11T12:05:00","guid":{"rendered":"https:\/\/blog.jena.de\/digitalebildung\/?p=129"},"modified":"2020-03-11T13:56:22","modified_gmt":"2020-03-11T12:56:22","slug":"erste-veranstaltung-am-9-3-mit-vielen-smart-city-ideen","status":"publish","type":"post","link":"https:\/\/blog.jena.de\/smartcity\/2020\/03\/11\/erste-veranstaltung-am-9-3-mit-vielen-smart-city-ideen\/","title":{"rendered":"Erste Veranstaltung am 9.3. mit vielen Smart City-Ideen"},"content":{"rendered":"\n<p>\u00dcber 25 Teilnehmer aus Wirtschaft, Wissenschaft und Verwaltung trafen sich am 9.3. zu einer ersten Ideenkonferenz im Open Space Format. In den drei Handlungsfeldern &#8222;Wirtschaft, Bildung und Dienstleistungen&#8220;, &#8222;Infrastruktur&#8220; sowie &#8222;Verwaltung und Politik&#8220; haben sie viele Ideen f\u00fcr unsere Bewerbung im Smart City-Wettbewerb entwickelt &#8211; mehr, als wir in dieser Wettbewerbsphase einbringen k\u00f6nnen! <strong><a href=\"https:\/\/blog.jena.de\/smartcity\/wp-content\/uploads\/sites\/24\/2020\/03\/smartcity-smartcitywettbewerb-20200309-mb-ergaenzt.pdf\" data-wplink-edit=\"true\">&#8230;siehe Pr\u00e4sentation (PDF-Dokument)<\/a><\/strong><\/p>\n<p>Wir &#8211; das vierk\u00f6pfige Projektteam &#8211; danken allen ganz herzlich, die dabei waren! Wie besprochen werden wir alle Beitr\u00e4ge sichten und daraus einen Vorschlag f\u00fcr die f\u00fcnf wichtigsten Projektideen erarbeiten. Diese k\u00f6nnen wir im Wettbewerbsbeitrag einreichen.<\/p>\n<p>Am 30.3. sehen wir uns wieder. Dann werden wir den ersten Entwurf unseres Wettbewerbsbeitrages vorlegen und gemeinsam verbessern.<\/p>\n","protected":false},"excerpt":{"rendered":"","protected":false},"author":2,"featured_media":168,"comment_status":"open","ping_status":"closed","sticky":false,"template":"","format":"standard","meta":{"footnotes":""},"categories":[1],"tags":[],"class_list":["post-129","post","type-post","status-publish","format-standard","has-post-thumbnail","hentry","category-allgemein"],"_links":{"self":[{"href":"https:\/\/blog.jena.de\/smartcity\/wp-json\/wp\/v2\/posts\/129","targetHints":{"allow":["GET"]}}],"collection":[{"href":"https:\/\/blog.jena.de\/smartcity\/wp-json\/wp\/v2\/posts"}],"about":[{"href":"https:\/\/blog.jena.de\/smartcity\/wp-json\/wp\/v2\/types\/post"}],"author":[{"embeddable":true,"href":"https:\/\/blog.jena.de\/smartcity\/wp-json\/wp\/v2\/users\/2"}],"replies":[{"embeddable":true,"href":"https:\/\/blog.jena.de\/smartcity\/wp-json\/wp\/v2\/comments?post=129"}],"version-history":[{"count":7,"href":"https:\/\/blog.jena.de\/smartcity\/wp-json\/wp\/v2\/posts\/129\/revisions"}],"predecessor-version":[{"id":166,"href":"https:\/\/blog.jena.de\/smartcity\/wp-json\/wp\/v2\/posts\/129\/revisions\/166"}],"wp:featuredmedia":[{"embeddable":true,"href":"https:\/\/blog.jena.de\/smartcity\/wp-json\/wp\/v2\/media\/168"}],"wp:attachment":[{"href":"https:\/\/blog.jena.de\/smartcity\/wp-json\/wp\/v2\/media?parent=129"}],"wp:term":[{"taxonomy":"category","embeddable":true,"href":"https:\/\/blog.jena.de\/smartcity\/wp-json\/wp\/v2\/categories?post=129"},{"taxonomy":"post_tag","embeddable":true,"href":"https:\/\/blog.jena.de\/smartcity\/wp-json\/wp\/v2\/tags?post=129"}],"curies":[{"name":"wp","href":"https:\/\/api.w.org\/{rel}","templated":true}]}}