{"id":8927,"date":"2023-05-12T07:30:00","date_gmt":"2023-05-12T05:30:00","guid":{"rendered":"https:\/\/blog.jena.de\/jenakultur\/?p=8927"},"modified":"2023-05-11T11:42:34","modified_gmt":"2023-05-11T09:42:34","slug":"455-prozent-mehr-uebernachtungen-als-im-vorjahr","status":"publish","type":"post","link":"https:\/\/blog.jena.de\/jenakultur\/2023\/05\/12\/455-prozent-mehr-uebernachtungen-als-im-vorjahr\/","title":{"rendered":"45,5 Prozent mehr \u00dcbernachtungen als im Vorjahr"},"content":{"rendered":"\n<h2 class=\"wp-block-heading\">Tourismus in Jena im Jahr 2022<\/h2>\n\n\n\n<p>Die Tourismusbranche scheint sich von der Corona-Krise zu erholen \u2013 zumindest was die Ank\u00fcnfte und \u00dcbernachtungen betrifft. F\u00fcr <a href=\"https:\/\/www.visit-jena.de\/\" target=\"_blank\" rel=\"noreferrer noopener\">Jena<\/a> wurden vom Statistischen Landesamt im vergangenen Jahr knapp 331.000 \u00dcbernachtungen gemeldet und somit ein Plus von \u00fcber 45 % im Vergleich zum Jahr 2021. Gez\u00e4hlt werden Beherbergungsbetriebe mit mindestens zehn Betten inkl. Campingpl\u00e4tze.<\/p>\n\n\n\n<p>Da freuen sich sicherlich die Hoteliers und Unterkunftsbetreiber, Gastronomen und Einzelh\u00e4ndler:innen, denn die Zahlen liegen nur noch 11 % unter dem Vorpandemie-Niveau.<\/p>\n\n\n\n<p>Die Monate Mai bis Oktober waren dabei wieder besonders stark und auch das 9-Euro-Ticket d\u00fcrfte seinen Anteil dazu beigetragen haben, dass viele G\u00e4ste in der Stadt unterwegs waren. <\/p>\n\n\n\n<figure class=\"wp-block-image size-large\"><img loading=\"lazy\" decoding=\"async\" width=\"855\" height=\"1000\" src=\"https:\/\/blog.jena.de\/jenakultur\/wp-content\/uploads\/sites\/25\/2023\/05\/jenakultur-stadtfuehrungjenakultur-siomotion-855x1000.jpg\" alt=\"Eine Stadtf\u00fchrung am Ernst-Abbe-Denkmal in Jena\" class=\"wp-image-8925\" srcset=\"https:\/\/blog.jena.de\/jenakultur\/wp-content\/uploads\/sites\/25\/2023\/05\/jenakultur-stadtfuehrungjenakultur-siomotion-855x1000.jpg 855w, https:\/\/blog.jena.de\/jenakultur\/wp-content\/uploads\/sites\/25\/2023\/05\/jenakultur-stadtfuehrungjenakultur-siomotion-427x500.jpg 427w, https:\/\/blog.jena.de\/jenakultur\/wp-content\/uploads\/sites\/25\/2023\/05\/jenakultur-stadtfuehrungjenakultur-siomotion-768x899.jpg 768w, https:\/\/blog.jena.de\/jenakultur\/wp-content\/uploads\/sites\/25\/2023\/05\/jenakultur-stadtfuehrungjenakultur-siomotion-590x690.jpg 590w, https:\/\/blog.jena.de\/jenakultur\/wp-content\/uploads\/sites\/25\/2023\/05\/jenakultur-stadtfuehrungjenakultur-siomotion.jpg 1200w\" sizes=\"auto, (max-width: 855px) 100vw, 855px\" \/><figcaption class=\"wp-element-caption\">Eine Stadtf\u00fchrung am Ernst-Abbe-Denkmal in Jena \u00a9JenaKultur, Siomotion<\/figcaption><\/figure>\n\n\n\n<p>Der Gesch\u00e4ftsreisemarkt hat sich ebenfalls weiter erholt, so dass neben digitalen Formaten auch wieder Tagungen und Kongresse in Pr\u00e4senz in der Stadt stattgefunden haben.\u00a0<\/p>\n\n\n\n<p>Bei den Ank\u00fcnften wurden im Jahr 2022 in Jena \u00fcber 182.000 gemeldet, ein Plus von 54 % gegen\u00fcber dem Vorjahreswert. Im bundesweiten Vergleich zeigt sich bei den Ankunfts- und \u00dcbernachtungszahlen ein \u00e4hnliches Bild wie in Jena. In Th\u00fcringen sieht es etwas anders aus \u2013 denn hierzulande wurde bei den \u00dcbernachtungen ein Plus von 37,3 % gemeldet.&nbsp;<\/p>\n\n\n\n<p>Auch wenn der Tourismus in Jena stark vom Binnenmarkt profitiert, so lag der Anteil ausl\u00e4ndischer G\u00e4ste bei den \u00dcbernachtungen im vergangenen Jahr bei 15,6 % und damit im Vorpandemie-Niveau. Die TOP 5-Herkunftsl\u00e4nder waren Schweiz, \u00d6sterreich, Polen, USA und das Vereinigte K\u00f6nigreich.<\/p>\n\n\n\n<figure class=\"wp-block-image size-large\"><img loading=\"lazy\" decoding=\"async\" width=\"1000\" height=\"525\" src=\"https:\/\/blog.jena.de\/jenakultur\/wp-content\/uploads\/sites\/25\/2023\/05\/jenakultur-diagramm-ankuenfte-uebernachtungen-jena-2018-2022-1000x525.jpg\" alt=\"Diagramm Ank\u00fcnfte &amp; \u00dcbernachtungen in Jena 2018-22, zun\u00e4chst steigt es hoch, dann bricht es w\u00e4hrend der Corona-Pandemie ein und nun geht es wieder bergauf\" class=\"wp-image-8936\" srcset=\"https:\/\/blog.jena.de\/jenakultur\/wp-content\/uploads\/sites\/25\/2023\/05\/jenakultur-diagramm-ankuenfte-uebernachtungen-jena-2018-2022-1000x525.jpg 1000w, https:\/\/blog.jena.de\/jenakultur\/wp-content\/uploads\/sites\/25\/2023\/05\/jenakultur-diagramm-ankuenfte-uebernachtungen-jena-2018-2022-500x263.jpg 500w, https:\/\/blog.jena.de\/jenakultur\/wp-content\/uploads\/sites\/25\/2023\/05\/jenakultur-diagramm-ankuenfte-uebernachtungen-jena-2018-2022-768x403.jpg 768w, https:\/\/blog.jena.de\/jenakultur\/wp-content\/uploads\/sites\/25\/2023\/05\/jenakultur-diagramm-ankuenfte-uebernachtungen-jena-2018-2022.jpg 1200w\" sizes=\"auto, (max-width: 1000px) 100vw, 1000px\" \/><\/figure>\n\n\n\n<p>Die <a href=\"https:\/\/www.visit-jena.de\/reise-planen\/jena-tourist-information\/\" target=\"_blank\" rel=\"noreferrer noopener\">Jena Tourist-Information<\/a> des Bereichs Tourismus\/Convention bei JenaKultur hat im vergangenen Jahr dementsprechend auch wieder mehr Besucher:innen beraten, bedient und gez\u00e4hlt.<\/p>\n\n\n\n<p><em>Als Leser:in unsers Blogs kennen Sie Jena ganz bestimmt. Aber: Wie halten Sie es mit dem Reisen? Sind Sie seit der Pandemie weniger oder gar mehr im Inland unterwegs als zuvor? Oder sagen Sie sich vielleicht sogar &#8222;Jetzt erst recht!&#8220;? und wie beeinflusst die Inflation Ihre Urlaubsplanung? Wie immer freuen wir uns \u00fcber Ihre Kommentare zum Thema! Danke.<\/em><\/p>\n","protected":false},"excerpt":{"rendered":"<p>Tourismus in Jena im Jahr 2022 Die Tourismusbranche scheint sich von der Corona-Krise zu erholen \u2013 zumindest was die Ank\u00fcnfte und \u00dcbernachtungen betrifft.&hellip;<\/p>\n","protected":false},"author":22,"featured_media":8926,"comment_status":"open","ping_status":"closed","sticky":false,"template":"","format":"standard","meta":{"footnotes":""},"categories":[1,9,25],"tags":[34,384,855,852],"class_list":["post-8927","post","type-post","status-publish","format-standard","has-post-thumbnail","hentry","category-allgemein","category-jenakultur","category-tourismus","tag-jena","tag-tourismus","tag-uebernachtungen","tag-visit-jena"],"_links":{"self":[{"href":"https:\/\/blog.jena.de\/jenakultur\/wp-json\/wp\/v2\/posts\/8927","targetHints":{"allow":["GET"]}}],"collection":[{"href":"https:\/\/blog.jena.de\/jenakultur\/wp-json\/wp\/v2\/posts"}],"about":[{"href":"https:\/\/blog.jena.de\/jenakultur\/wp-json\/wp\/v2\/types\/post"}],"author":[{"embeddable":true,"href":"https:\/\/blog.jena.de\/jenakultur\/wp-json\/wp\/v2\/users\/22"}],"replies":[{"embeddable":true,"href":"https:\/\/blog.jena.de\/jenakultur\/wp-json\/wp\/v2\/comments?post=8927"}],"version-history":[{"count":5,"href":"https:\/\/blog.jena.de\/jenakultur\/wp-json\/wp\/v2\/posts\/8927\/revisions"}],"predecessor-version":[{"id":8938,"href":"https:\/\/blog.jena.de\/jenakultur\/wp-json\/wp\/v2\/posts\/8927\/revisions\/8938"}],"wp:featuredmedia":[{"embeddable":true,"href":"https:\/\/blog.jena.de\/jenakultur\/wp-json\/wp\/v2\/media\/8926"}],"wp:attachment":[{"href":"https:\/\/blog.jena.de\/jenakultur\/wp-json\/wp\/v2\/media?parent=8927"}],"wp:term":[{"taxonomy":"category","embeddable":true,"href":"https:\/\/blog.jena.de\/jenakultur\/wp-json\/wp\/v2\/categories?post=8927"},{"taxonomy":"post_tag","embeddable":true,"href":"https:\/\/blog.jena.de\/jenakultur\/wp-json\/wp\/v2\/tags?post=8927"}],"curies":[{"name":"wp","href":"https:\/\/api.w.org\/{rel}","templated":true}]}}