{"id":8914,"date":"2023-05-10T07:39:31","date_gmt":"2023-05-10T05:39:31","guid":{"rendered":"https:\/\/blog.jena.de\/jenakultur\/?p=8914"},"modified":"2023-05-10T07:39:33","modified_gmt":"2023-05-10T05:39:33","slug":"dein-tag-im-paradies-wieso-weshalb-warum","status":"publish","type":"post","link":"https:\/\/blog.jena.de\/jenakultur\/2023\/05\/10\/dein-tag-im-paradies-wieso-weshalb-warum\/","title":{"rendered":"\u201eDein Tag im Paradies\u201c: Wieso, weshalb, warum?"},"content":{"rendered":"\n<p><em>Am kommenden Wochenende steht er wieder bevor, &#8222;Dein Tag im Paradies&#8220;: Der bunte Nachmittag auf der Rasenm\u00fchleninsel, bei dem zahlreiche Akteure zusammenkommen und auf spielerische Weise Themen wie Familie, Umwelt und viele mehr pr\u00e4sentieren. Doch was steckt eigentlich hinter \u201eDein Tag im Paradies\u201c und worauf d\u00fcrfen sich gro\u00dfe und kleine G\u00e4ste besonders freuen?<\/em><\/p>\n\n\n\n<p>Schon seit 30 Jahren gibt es den <strong>Internationalen Tag der Familie<\/strong>, der mittlerweile weltweit am 15. Mai gefeiert wird und auf die Bedeutung der Familie f\u00fcr die Gesellschaft aufmerksam macht. Jedes Jahr wird hierzu vom UN-Generalsekret\u00e4r ein aktuell relevantes Motto verk\u00fcndet und so setzt sich der Aktionstag in diesem Jahr mit Familien in Zeiten des demographischen Wandels auseinander. Die Aussage ist klar: Kinder sind unser wertvollstes Gut.<\/p>\n<p>Auch in Jena wird seit vielen Jahren durch das hohe Engagement zahlreicher Vereine und Unternehmen und den Einsatz wichtiger Einrichtungen f\u00fcr Familien deren bedeutende Rolle in den Fokus ger\u00fcckt. Das <strong>Kinder- und Familienfest<\/strong>, welches seit 2006 zusammen vom <a href=\"https:\/\/www.familienbuendnis-jena.de\/de\/startseite\/684543\" target=\"_blank\" rel=\"noopener\">Jenaer B\u00fcndnis f\u00fcr Familie<\/a> und <a href=\"https:\/\/www.jenakultur.de\/de\/startseite\/605322\" target=\"_blank\" rel=\"noopener\">JenaKultur<\/a> veranstaltet wird, ist ebenso ein Teil davon. Bereits zum 16. Mal feiern wir in diesem Jahr am <strong>13. Mai<\/strong> ein kunterbuntes Fest mit spannenden Angeboten, die kaum abwechslungsreicher sein k\u00f6nnten: Neben ganz verschiedenen Mitmachaktionen und einem prall gef\u00fcllten B\u00fchnenprogramm gibt es f\u00fcr die G\u00e4ste jede Menge Spiel, Spa\u00df und die Erkundung spannender Themenwelten im Jenaer Paradies zu erleben.<\/p>\n<p><code class=\"rl-shortcode\" data-number=\"0\"><div class=\"rl-gallery-container rl-loading\" id=\"rl-gallery-container-1\" data-gallery_id=\"8921\"> <div class=\"rl-gallery rl-basicgrid-gallery \" id=\"rl-gallery-1\" data-gallery_no=\"1\"> <div class=\"rl-gallery-item\"><a href=\"https:\/\/blog.jena.de\/jenakultur\/wp-content\/uploads\/sites\/25\/2023\/05\/jenakultur-dtip-buehnenprogrammjenakultur-abeetz-studiobeetzde.jpg\" title=\"JenaKultur, A. Beetz | studiobeetz.de\" data-rl_title=\"JenaKultur, A. Beetz | studiobeetz.de\" class=\"rl-gallery-link\" data-rl_caption=\"\" data-rel=\"lightbox-gallery-1\"><img loading=\"lazy\" decoding=\"async\" src=\"https:\/\/blog.jena.de\/jenakultur\/wp-content\/uploads\/sites\/25\/2023\/05\/jenakultur-dtip-buehnenprogrammjenakultur-abeetz-studiobeetzde-500x263.jpg\" width=\"500\" height=\"263\" alt=\"Buntes B\u00fchnenprogramm bei Dein Tag im Paradies.\" \/><span class=\"rl-gallery-caption\"><span class=\"rl-gallery-item-title\">JenaKultur, A. Beetz | studiobeetz.de<\/span><\/span><\/a><\/div><div class=\"rl-gallery-item\"><a href=\"https:\/\/blog.jena.de\/jenakultur\/wp-content\/uploads\/sites\/25\/2023\/05\/jenakultur-dtip-umweltjenakultur-abeetz-studiobeetzde.jpg\" title=\"JenaKultur, A. Beetz | studiobeetz.de\" data-rl_title=\"JenaKultur, A. Beetz | studiobeetz.de\" class=\"rl-gallery-link\" data-rl_caption=\"\" data-rel=\"lightbox-gallery-1\"><img loading=\"lazy\" decoding=\"async\" src=\"https:\/\/blog.jena.de\/jenakultur\/wp-content\/uploads\/sites\/25\/2023\/05\/jenakultur-dtip-umweltjenakultur-abeetz-studiobeetzde-500x263.jpg\" width=\"500\" height=\"263\" alt=\"Die Natur neu kennenlernen.\" \/><span class=\"rl-gallery-caption\"><span class=\"rl-gallery-item-title\">JenaKultur, A. Beetz | studiobeetz.de<\/span><\/span><\/a><\/div><div class=\"rl-gallery-item\"><a href=\"https:\/\/blog.jena.de\/jenakultur\/wp-content\/uploads\/sites\/25\/2023\/05\/jenakultur-dtip-bewegungjenakultur-abeetz-studiobeetzde.jpg\" title=\"JenaKultur, A. Beetz | studiobeetz.de\" data-rl_title=\"JenaKultur, A. Beetz | studiobeetz.de\" class=\"rl-gallery-link\" data-rl_caption=\"\" data-rel=\"lightbox-gallery-1\"><img loading=\"lazy\" decoding=\"async\" src=\"https:\/\/blog.jena.de\/jenakultur\/wp-content\/uploads\/sites\/25\/2023\/05\/jenakultur-dtip-bewegungjenakultur-abeetz-studiobeetzde-500x263.jpg\" width=\"500\" height=\"263\" alt=\"Sportliche Bet\u00e4tigung bei verschiedenen Aktionen\" \/><span class=\"rl-gallery-caption\"><span class=\"rl-gallery-item-title\">JenaKultur, A. Beetz | studiobeetz.de<\/span><\/span><\/a><\/div><div class=\"rl-gallery-item\"><a href=\"https:\/\/blog.jena.de\/jenakultur\/wp-content\/uploads\/sites\/25\/2023\/05\/jenakultur-dtip-mikroskopjenakultur-abeetz-studiobeetzde.jpg\" title=\"JenaKultur, A. Beetz | studiobeetz.de\" data-rl_title=\"JenaKultur, A. Beetz | studiobeetz.de\" class=\"rl-gallery-link\" data-rl_caption=\"\" data-rel=\"lightbox-gallery-1\"><img loading=\"lazy\" decoding=\"async\" src=\"https:\/\/blog.jena.de\/jenakultur\/wp-content\/uploads\/sites\/25\/2023\/05\/jenakultur-dtip-mikroskopjenakultur-abeetz-studiobeetzde-500x263.jpg\" width=\"500\" height=\"263\" alt=\"Neue Perspektiven: Ein Blick ins Mikroskop.\" \/><span class=\"rl-gallery-caption\"><span class=\"rl-gallery-item-title\">JenaKultur, A. Beetz | studiobeetz.de<\/span><\/span><\/a><\/div> <\/div> <\/div><\/code><\/p>\n\n\n\n<h3><strong>Dein Tag im Paradies: Kinder- und Familienfest &amp; Jenaer Umwelttag in einem<\/strong><\/h3>\n<p>Eine Besonderheit ist hierbei die Kopplung mit einem anderen, sehr bedeutsamen Bereich: der <strong>Umwelt<\/strong>. Aus dem Kinder- und Familienfest wurde 2016 <a href=\"https:\/\/www.jenakultur.de\/de\/projekte_und_festivals\/dein_tag_im_paradies\/718245\">\u201eDein Tag im Paradies\u201c,<\/a> welcher seither um den Jenaer Umwelttag bereichert wird. Den internationalen Umwelttag, der j\u00e4hrlich am 5. Juni unter Beteiligung von weltweit \u00fcber 150 Staaten gefeiert wird, gibt es sogar seit mehr als 50 Jahren, den Jenaer Umwelttag seit 1997. Diese Aktionstage st\u00e4rken durch zahlreiche Veranstaltungen und Projekte das Bewusstsein der Gesellschaft f\u00fcr den Umgang mit und in unserer Umwelt.<\/p>\n<p>In Jena wird dieser Tag unter anderem gestaltet durch das <a href=\"https:\/\/rathaus.jena.de\/de\/dezernat-3\" target=\"_blank\" rel=\"noopener\">Dezernat f\u00fcr Stadtentwicklung und Umwelt<\/a>. Zusammen mit den <a href=\"https:\/\/www.stadtwerke-jena.de\/\" target=\"_blank\" rel=\"noopener\">Stadtwerken Energie Jena-P\u00f6\u00dfneck<\/a> wird zudem seit einigen Jahren unter einem j\u00e4hrlich wechselnden Motto der <a href=\"https:\/\/umwelt.jena.de\/de\/umweltpreis\" target=\"_blank\" rel=\"noopener\">Kinder- &amp; Jugendumweltpreis<\/a> verliehen. In diesem Jahr dreht sich alles um das Thema: <strong>\u201eWasser ist wertvoll\u201c<\/strong>. Es ist zu einer sch\u00f6nen Tradition geworden, die Preisverleihung in das B\u00fchnenprogramm von \u201eDein Tag im Paradies\u201c aufzunehmen und ebenso wichtig, die vielen Angebote von couragierten Vereinen, Unternehmen und Einrichtungen in die Veranstaltung einflie\u00dfen zu lassen.<\/p>\n<p>Das Ziel der Veranstaltung \u201eDein Tag im Paradies\u201c ist nicht nur, einen Tag voller Spannung und Aktivit\u00e4t f\u00fcr das Publikum zu schaffen, sondern auch das Gef\u00fchl von Gemeinschaft zu st\u00e4rken und auf die wichtige Arbeit vieler Akteure aus Jena aufmerksam zu machen. Das Zusammenwirken dieser beiden Aktionstage bringt gl\u00fccklicherweise eine erstaunliche Vielfalt mit sich, die auch in diesem Jahr f\u00fcr riesige Vorfreude sorgt:<\/p>\n<ul>\n<li>kurzweilige Wissensvermittlung durch zahlreiche, kunterbunte (Bastel-)St\u00e4nde inklusive toller Up- und Recycling-Projekte<\/li>\n<li>Bewegungsf\u00f6rderung bei sportlichen Aktivit\u00e4ten wie Cheerleading, Korbw\u00fcrfen beim Basketball, Wurfgeschwindigkeitstest beim Handball, Hindernisparcours und viele mehr<\/li>\n<li>Musik und Tanz mit kleinen Workshops und Choreographien<\/li>\n<li>vielseitige Spiele f\u00fcr Koordination, Geschicklichkeit, Balance, Logik und Spa\u00df<\/li>\n<li>verschiedene Informations- und Beratungsangebote zu verschiedenen Themen rund um Familie und Umwelt<\/li>\n<li>und nat\u00fcrlich die geliebten Klassiker: H\u00fcpfburgen, Kinderschminken, Ballonspa\u00df und mehr!<\/li>\n<\/ul>\n\n\n\n<p>F\u00fcr das leibliche Wohl wird mit leckerem Eis, erfrischenden Getr\u00e4nken und Herzhaftem f\u00fcr jeden Geschmack gesorgt und auch das <a href=\"https:\/\/www.jenakultur.de\/fm\/2316\/Programmplakat_DTiP_2023_A4_web.pdf\" target=\"_blank\" rel=\"noopener\">B\u00fchnenprogramm<\/a> kann sich sehen lassen!<\/p>\n<p>Viele Akteure haben diesen Nachmittag gemeinsam und mit gro\u00dfem Engagement vorbereitet \u2013 sie alle freuen sich auf nette Gespr\u00e4che mit Gro\u00df und Klein!<\/p>\n\n\n\n<p><em>Sind auch Sie schon einmal zum Kinder- und Familienfest durch das Jenaer Paradies geschlendert? An welche Angebote und Aktionen erinnern Sie sich, und welche w\u00fcnschen Sie sich f\u00fcr die Zukunft? Wir freuen uns \u00fcber Ihr Feedback und Ihren Besuch am Samstag, dem 13. Mai!<\/em><\/p>\n","protected":false},"excerpt":{"rendered":"<p>Am kommenden Wochenende steht er wieder bevor, &#8222;Dein Tag im Paradies&#8220;: Der bunte Nachmittag auf der Rasenm\u00fchleninsel, bei dem zahlreiche Akteure zusammenkommen und&hellip;<\/p>\n","protected":false},"author":22,"featured_media":8917,"comment_status":"open","ping_status":"closed","sticky":false,"template":"","format":"standard","meta":{"footnotes":""},"categories":[1,9,706],"tags":[978,980,6,979,313,234],"class_list":["post-8914","post","type-post","status-publish","format-standard","has-post-thumbnail","hentry","category-allgemein","category-jenakultur","category-kultur-in-jena","tag-dein-tag-im-paradies","tag-familienbuendnis","tag-jenakultur","tag-kinder-und-familienfest","tag-kinderveranstaltungen","tag-veranstaltungen"],"_links":{"self":[{"href":"https:\/\/blog.jena.de\/jenakultur\/wp-json\/wp\/v2\/posts\/8914","targetHints":{"allow":["GET"]}}],"collection":[{"href":"https:\/\/blog.jena.de\/jenakultur\/wp-json\/wp\/v2\/posts"}],"about":[{"href":"https:\/\/blog.jena.de\/jenakultur\/wp-json\/wp\/v2\/types\/post"}],"author":[{"embeddable":true,"href":"https:\/\/blog.jena.de\/jenakultur\/wp-json\/wp\/v2\/users\/22"}],"replies":[{"embeddable":true,"href":"https:\/\/blog.jena.de\/jenakultur\/wp-json\/wp\/v2\/comments?post=8914"}],"version-history":[{"count":3,"href":"https:\/\/blog.jena.de\/jenakultur\/wp-json\/wp\/v2\/posts\/8914\/revisions"}],"predecessor-version":[{"id":8924,"href":"https:\/\/blog.jena.de\/jenakultur\/wp-json\/wp\/v2\/posts\/8914\/revisions\/8924"}],"wp:featuredmedia":[{"embeddable":true,"href":"https:\/\/blog.jena.de\/jenakultur\/wp-json\/wp\/v2\/media\/8917"}],"wp:attachment":[{"href":"https:\/\/blog.jena.de\/jenakultur\/wp-json\/wp\/v2\/media?parent=8914"}],"wp:term":[{"taxonomy":"category","embeddable":true,"href":"https:\/\/blog.jena.de\/jenakultur\/wp-json\/wp\/v2\/categories?post=8914"},{"taxonomy":"post_tag","embeddable":true,"href":"https:\/\/blog.jena.de\/jenakultur\/wp-json\/wp\/v2\/tags?post=8914"}],"curies":[{"name":"wp","href":"https:\/\/api.w.org\/{rel}","templated":true}]}}