{"id":8672,"date":"2023-04-21T07:32:00","date_gmt":"2023-04-21T05:32:00","guid":{"rendered":"https:\/\/blog.jena.de\/jenakultur\/?p=8672"},"modified":"2023-04-24T10:32:40","modified_gmt":"2023-04-24T08:32:40","slug":"wilder-mann","status":"publish","type":"post","link":"https:\/\/blog.jena.de\/jenakultur\/2023\/04\/21\/wilder-mann\/","title":{"rendered":"Wilder Mann"},"content":{"rendered":"\n<h2>Eine Spurensuche von Charles Fr\u00e9ger in der Kunstsammlung Jena<\/h2>\n\n\n\n\n\n<p><em>Der Kurator der <a rel=\"noreferrer noopener\" href=\"https:\/\/www.kunstsammlung-jena.de\/de\/startseite\/678376\" target=\"_blank\">Kunstsammlung Jena<\/a>, Erik Stephan, ist bekannt f\u00fcr sein Fingerspitzengef\u00fchl in Sachen <\/em>z<em>eitgen\u00f6ssische Kunst. Immer wieder \u00fcberraschen seine Kunstausstellungen zur klassischen Moderne durch das neue Kontextualisieren von scheinbar Altbekanntem. Nicht selten pr\u00e4sentiert er aber auch Neuentdeckungen und weitet damit unseren Blick. Die aktuelle Fotoausstellung geh\u00f6rt zur zweiten Kategorie. Charles Fr\u00e9gers &#8222;Wilde M\u00e4nner&#8220; waren in Deutschland bisher noch nicht zu sehen. Wir freuen uns deshalb, dass uns Erik Stephan hier interessante Hintergr\u00fcnde dazu erl\u00e4utert. <\/em><\/p>\n\n\n\n<p> Vermutlich gibt es Masken schon weit l\u00e4nger, als die Quellen berichten. Sie verstecken und sch\u00fctzen ihren Tr\u00e4ger und k\u00f6nnen sch\u00f6n oder h\u00e4sslich sein. Vermutlich entstanden sie mit den Ideen von \u00fcbernat\u00fcrlichen Wesen, unabh\u00e4ngig von der Art des Glaubens \u2013 sie sind in allen Kulturen nachweisbar. \u00dcberraschend mag sein, dass auch heute noch Masken gebraucht werden, auch in Europa und meist im Zusammenhang mit festlichen Ritualen w\u00e4hrend der Winterzeit. &nbsp;<\/p>\n\n\n\n<p>In den Jahren 2010 und 2011 durchquerte der <a href=\"https:\/\/www.charlesfreger.com\/\" target=\"_blank\" rel=\"noreferrer noopener\">franz\u00f6sische K\u00fcnstler Charles Fr\u00e9ger <\/a>18 L\u00e4nder Europas. Von Nord nach S\u00fcd, von Finnland bis Portugal, \u00fcber Rum\u00e4nien, Deutschland und Slowenien war er auf der Suche nach der Figur des \u201eWilden Mannes\u201c, wie sie in den lokalen Traditionen der V\u00f6lker noch heute lebendig ist. Der Wilde Mann, im Englischen bekannt unter der Bezeichnung Wild Man und im Franz\u00f6sischen unter l&#8217;Homme Sauvage, ist der Legende nach aus der Vereinigung von einem B\u00e4ren und einer Frau entstanden. Verschiedenen Welten angeh\u00f6rig und aller Geheimnisse kundig, wird er gelegentlich als \u201e\u00dcbermensch\u201c verehrt.<\/p>\n\n\n\n<figure class=\"wp-block-embed is-type-video is-provider-youtube wp-block-embed-youtube wp-embed-aspect-4-3 wp-has-aspect-ratio\"><div class=\"wp-block-embed__wrapper\">\n<iframe loading=\"lazy\" title=\"Charles Fr\u00e9ger: Wilder Mann\" width=\"900\" height=\"675\" src=\"https:\/\/www.youtube.com\/embed\/4bJJypg259I?feature=oembed\" frameborder=\"0\" allow=\"accelerometer; autoplay; clipboard-write; encrypted-media; gyroscope; picture-in-picture; web-share\" allowfullscreen><\/iframe>\n<\/div><figcaption class=\"wp-element-caption\">Erik Stephan gibt eine kurze Einf\u00fchrung in die neue Wechselausstellung &#8222;Wilder Mann&#8220;.<\/figcaption><\/figure>\n\n\n\n<p><\/p>\n\n\n\n<p>Diese archetypischen Charaktere \u2013 halb Mensch, halb Tier oder Pflanze \u2013 tauchen anl\u00e4sslich ritu\u00adeller, heidnischer oder religi\u00f6ser Feste aus den Tiefen der Zeit wieder auf und feiern den Kreislauf der Jahreszeiten, Fastnacht, Karneval oder Karfreitag. In den Volksst\u00e4mmen der europ\u00e4ischen Landbev\u00f6lkerung stellten diese Mischwesen Schutzfiguren oder Fruchtbarkeitssymbole dar, die beispielsweise den Schrecken der kalten Jahreszeit ein Ende setzen sollten. Heute erinnern sie an eine Zeit, als unser Leben noch deutlicher vom Wechsel der Jahreszeiten, Ernte oder \u2013 noch fr\u00fcher \u2013 dem Erfolg bei der Jagd, bestimmt war. Die \u201eWilden M\u00e4nner\u201c lassen sich als vielf\u00e4ltige Inkarnationen unserer urspr\u00fcnglichen, engen Beziehung zur Natur lesen, auf deren Oberfl\u00e4che das Tierische zum Vorschein kommt. Wenn der \u201eWilde Mann\u201c in Legenden durch unbewohnte Wald- und Berggebiete streift, verk\u00f6rpert er die archaische Seite einer als unz\u00e4hmbar geltenden Natur. Charles Fr\u00e9ger spricht von \u201eeiner zoomorphen Figur, deren grobe Erscheinung und rituelle Kleidung auf universelle Nacktheit verweisen.\u201c Ihre Bekleidung offenbart keine Haut, die menschliche Gestalt ist vollst\u00e4ndig unter schwerem Pelz, Wolle, Glocken, H\u00f6rnern sowie anderen Materialien und Accessoires versteckt. Selbst die Gesichter der Verkleideten bleiben hinter Masken oder schwarzer Schminke verborgen, was den kreat\u00fcrlichen Charakter noch verst\u00e4rkt. Oft erinnern sie an B\u00e4ren, W\u00f6lfe oder Hirsche, aber auch andere, fremdartige Wesen, Strohm\u00e4nner oder Teufel.<\/p>\n\n\n\n<p>Charles Fr\u00e9ger inszeniert diese Charaktere stets in einer nat\u00fcrlichen, oft weitl\u00e4ufigen Umgebung. Dabei nimmt er seine Fotografien auch au\u00dferhalb von Fest- und Karnevalszeiten auf und g\u00f6nnt sich gewisse formelle Freiheiten gegen\u00fcber seinen Protagonisten. So l\u00e4sst er bewusst bestimmte Dinge weg, zeigt sie von hinten oder arrangiert bestimmte Posen, die seinem nicht wissenschaftlichen, sondern poetischen Ansatz folgen. Von Beginn an war Fr\u00e9ger von Bekleidungen, Uniformen und \u00e4hnlichen Dingen fasziniert. Die Krampusl\u00e4ufe im Ostalpenraum l\u00f6sten schlie\u00dflich eine solche Faszination aus, dass er sich fortan intensiv den traditionsbeladenen Kost\u00fcmierungen und Maskeraden verschiedener Kulturkreise widmete. Unersch\u00f6pflich betreibt er fotografische Bestandsaufnahmen, erkundet jene Br\u00e4uche, die einst den Takt l\u00e4ndlichen Lebens bestimmt haben. Diese Spurensuche hat Charles Fr\u00e9ger l\u00e4ngst die Grenzen Europas \u00fcberschreiten lassen, wo er die Br\u00e4uche Japans, der Gras-Indianer Louisianas, die Maskeraden der Nachkommen einstiger Sklaven in Zentralamerikas und die Inkarnationen indischer Gottheiten untersucht und fotografiert.<\/p>\n\n\n\n<p><\/p>\n\n\n\n<div class=\"wp-block-responsive-lightbox-gallery\"><div class=\"rl-gallery-container rl-loading\" id=\"rl-gallery-container-1\" data-gallery_id=\"8728\"> <div class=\"rl-gallery rl-basicgrid-gallery rl-hover-icon-10\" id=\"rl-gallery-1\" data-gallery_no=\"1\"> <div class=\"rl-gallery-item\"><a href=\"https:\/\/blog.jena.de\/jenakultur\/wp-content\/uploads\/sites\/25\/2023\/04\/jenakultur-wilder-mann-charles-freger-wilder-mann-2010-2011-0006-krampus.jpg\" title=\"Krampus, 2010-11 Bad Mitterndorf (\u00d6sterreich) \u00a9Charles Fr\u00e9ger\" data-rl_title=\"Krampus, 2010-11 Bad Mitterndorf (\u00d6sterreich) \u00a9Charles Fr\u00e9ger\" class=\"rl-gallery-link\" data-rl_caption=\"\" data-rel=\"lightbox-gallery-1\"><img loading=\"lazy\" decoding=\"async\" src=\"https:\/\/blog.jena.de\/jenakultur\/wp-content\/uploads\/sites\/25\/2023\/04\/jenakultur-wilder-mann-charles-freger-wilder-mann-2010-2011-0006-krampus.jpg\" width=\"319\" height=\"413\" alt=\"Fotografie von Charles Fr\u00e9ger aus der Serie &quot;Wilder Mann&quot;: Vier Menschen in einer Schneelandschaft in dicken dunklen Pelzen, die mit gro\u00dfen Schellen behangen sind. Sie tragen archaische Masken mit gedrehten H\u00f6rnern.\" \/><span class=\"rl-gallery-caption\"><span class=\"rl-gallery-item-title\">Krampus, 2010-11 Bad Mitterndorf (\u00d6sterreich) \u00a9Charles Fr\u00e9ger<\/span><\/span><\/a><\/div><div class=\"rl-gallery-item\"><a href=\"https:\/\/blog.jena.de\/jenakultur\/wp-content\/uploads\/sites\/25\/2023\/04\/jenakultur-wilder-mann-charles-freger-wilder-mann-2010-2011-0035-kurenti.jpg\" title=\"Kurenti, 2010-11Ptuj (Slowenien) \u00a9Charles Fr\u00e9ger\" data-rl_title=\"Kurenti, 2010-11Ptuj (Slowenien) \u00a9Charles Fr\u00e9ger\" class=\"rl-gallery-link\" data-rl_caption=\"\" data-rel=\"lightbox-gallery-1\"><img loading=\"lazy\" decoding=\"async\" src=\"https:\/\/blog.jena.de\/jenakultur\/wp-content\/uploads\/sites\/25\/2023\/04\/jenakultur-wilder-mann-charles-freger-wilder-mann-2010-2011-0035-kurenti.jpg\" width=\"319\" height=\"413\" alt=\"Fotografie von Charles Fr\u00e9ger aus der Serie &quot;Wilder Mann&quot;: Zwei Menschen stehen zwischen Laubb\u00e4umen, sie tragen dricke, langhaarige Pelzkost\u00fcme und auch auf dem Kopf riesige Pelze, die ihre Gesichter verdecken. Darauf sind Geweihe und bunte Stoffb\u00e4nder befestigt.\" \/><span class=\"rl-gallery-caption\"><span class=\"rl-gallery-item-title\">Kurenti, 2010-11Ptuj (Slowenien) \u00a9Charles Fr\u00e9ger<\/span><\/span><\/a><\/div><div class=\"rl-gallery-item\"><a href=\"https:\/\/blog.jena.de\/jenakultur\/wp-content\/uploads\/sites\/25\/2023\/04\/jenakultur-wilder-mann-charles-freger-wilder-mann-2010-2011-0032-skoromati.jpg\" title=\"\u0160koromati, 2010-11 Podgrad (Slowenien) \u00a9Charles Fr\u00e9ger\" data-rl_title=\"\u0160koromati, 2010-11 Podgrad (Slowenien) \u00a9Charles Fr\u00e9ger\" class=\"rl-gallery-link\" data-rl_caption=\"\" data-rel=\"lightbox-gallery-1\"><img loading=\"lazy\" decoding=\"async\" src=\"https:\/\/blog.jena.de\/jenakultur\/wp-content\/uploads\/sites\/25\/2023\/04\/jenakultur-wilder-mann-charles-freger-wilder-mann-2010-2011-0032-skoromati.jpg\" width=\"319\" height=\"413\" alt=\"Fotografie von Charles Fr\u00e9ger aus der Serie &quot;Wilder Mann&quot;: Drei M\u00e4nner stehen in einer Wiese vor Bergen, sie tragen traditionelle Kleidung mit roten Stulpen und wei\u00dfen Pelzen, an ihren H\u00fcften h\u00e4ngen Kuhglocken. Auf dem Kopf tragen sie turmhohe H\u00fcte mit roten, wei\u00dfen und blauen Bommeln, an denen gleichfarbige Stoffb\u00e4nder im Wind wehen.\" \/><span class=\"rl-gallery-caption\"><span class=\"rl-gallery-item-title\">\u0160koromati, 2010-11 Podgrad (Slowenien) \u00a9Charles Fr\u00e9ger<\/span><\/span><\/a><\/div><div class=\"rl-gallery-item\"><a href=\"https:\/\/blog.jena.de\/jenakultur\/wp-content\/uploads\/sites\/25\/2023\/04\/jenakultur-wilder-mann-charles-freger-wilder-mann-2010-2011-0011-busos.jpg\" title=\"Bus\u00f3, 2010-11 Moh\u00e1cs (Ungarn) \u00a9Charles Fr\u00e9ger\" data-rl_title=\"Bus\u00f3, 2010-11 Moh\u00e1cs (Ungarn) \u00a9Charles Fr\u00e9ger\" class=\"rl-gallery-link\" data-rl_caption=\"\" data-rel=\"lightbox-gallery-1\"><img loading=\"lazy\" decoding=\"async\" src=\"https:\/\/blog.jena.de\/jenakultur\/wp-content\/uploads\/sites\/25\/2023\/04\/jenakultur-wilder-mann-charles-freger-wilder-mann-2010-2011-0011-busos.jpg\" width=\"319\" height=\"413\" alt=\"Fotografie von Charles Fr\u00e9ger aus der Serie &quot;Wilder Mann&quot;: Mensch in einem dicken wei\u00dfen, langhaarigen Pelz, der auch das Gesicht bedeckt, mit H\u00f6rnern und einem dreizackigen Holzger\u00e4t \u00fcber der Schulter, steht vor einem Teich im Gras\" \/><span class=\"rl-gallery-caption\"><span class=\"rl-gallery-item-title\">Bus\u00f3, 2010-11 Moh\u00e1cs (Ungarn) \u00a9Charles Fr\u00e9ger<\/span><\/span><\/a><\/div><div class=\"rl-gallery-item\"><a href=\"https:\/\/blog.jena.de\/jenakultur\/wp-content\/uploads\/sites\/25\/2023\/04\/jenakultur-wilder-mann-charles-freger-wilder-mann-2019-norway-2.jpg\" title=\"Julebukk, 2019 Flekkefjord (Norwegen) \u00a9Charles Fr\u00e9ger\" data-rl_title=\"Julebukk, 2019 Flekkefjord (Norwegen) \u00a9Charles Fr\u00e9ger\" class=\"rl-gallery-link\" data-rl_caption=\"\" data-rel=\"lightbox-gallery-1\"><img loading=\"lazy\" decoding=\"async\" src=\"https:\/\/blog.jena.de\/jenakultur\/wp-content\/uploads\/sites\/25\/2023\/04\/jenakultur-wilder-mann-charles-freger-wilder-mann-2019-norway-2.jpg\" width=\"319\" height=\"413\" alt=\"Fotografie von Charles Fr\u00e9ger aus der Serie &quot;Wilder Mann&quot;: Mensch geht an einem Spazierstock durch eine Schneelandschaft, er tr\u00e4gt einen braunen Pelz auf dem R\u00fccken, darauf einen Jutesack, und eine Maske, die sich zu einer Schnauze mit spitzen Z\u00e4hnen w\u00f6lbt und H\u00f6rner auf dem Kopf.\" \/><span class=\"rl-gallery-caption\"><span class=\"rl-gallery-item-title\">Julebukk, 2019 Flekkefjord (Norwegen) \u00a9Charles Fr\u00e9ger<\/span><\/span><\/a><\/div><div class=\"rl-gallery-item\"><a href=\"https:\/\/blog.jena.de\/jenakultur\/wp-content\/uploads\/sites\/25\/2023\/04\/jenakultur-wilder-mann-charles-freger-wilder-mann-2021-portugal-8-1.jpg\" title=\"Caretos de Varge 2021 (Portugal) \u00a9Charles Fr\u00e9ger\" data-rl_title=\"Caretos de Varge 2021 (Portugal) \u00a9Charles Fr\u00e9ger\" class=\"rl-gallery-link\" data-rl_caption=\"\" data-rel=\"lightbox-gallery-1\"><img loading=\"lazy\" decoding=\"async\" src=\"https:\/\/blog.jena.de\/jenakultur\/wp-content\/uploads\/sites\/25\/2023\/04\/jenakultur-wilder-mann-charles-freger-wilder-mann-2021-portugal-8-1.jpg\" width=\"465\" height=\"603\" alt=\"Fotografie von Charles Fr\u00e9ger aus der Serie &quot;Wilder Mann&quot;: Brustportrait eines Menschen in einem Kost\u00fcm aus gr\u00fcnen, beigen und roten Wollf\u00e4den, mit einer roten Maske, die eine lange, spitze Nase formt und braunen G\u00fcrteln, die \u00fcber Brust und Taille geschn\u00fcrt sind.\" \/><span class=\"rl-gallery-caption\"><span class=\"rl-gallery-item-title\">Caretos de Varge 2021 (Portugal) \u00a9Charles Fr\u00e9ger<\/span><\/span><\/a><\/div> <\/div> <\/div><\/div>\n\n\n\n<div class=\"wp-block-columns is-layout-flex wp-container-core-columns-is-layout-9d6595d7 wp-block-columns-is-layout-flex\">\n<div class=\"wp-block-column is-layout-flow wp-block-column-is-layout-flow\"><\/div>\n<\/div>\n\n\n\n<p>Die Serie des \u201eWilden Mannes\u201c, auf die sich die Ausstellung konzentriert, bildet dabei ein unab\u00adgeschlossenes Hauptwerk, zu dem sich, dank neuer Entdeckungen, gelegentlich weitere Figuren gesellen. Immer wieder tauchen Geschichten auf, die f\u00fcr die von Fr\u00e9ger erforschten Regionen spezifisch sind und die sich in den Masken und Kost\u00fcmen eindrucksvoll spiegeln. In der Ausstellung zeigen wir mehr als 100 Fotografien aus der Serie \u201eWilder Mann\u201c erstmals in Deutschland. Neben allen k\u00fcnstlerischen und religionshistorischen \u00dcberlegungen spiegeln sich im Interesse der Besucher aber auch andere und neue \u00dcberlegungen, die sich aus dem Zustand unseres Planeten ergeben. Die von Fr\u00e9ger fotografierten Menschen verweisen auf einen anderen, tiefen Zusammenhang mit unserer Umwelt und suchen die Verbindung zu Kulturen, die alles, was existiert, als lebende Bausteine eines systemischen Miteinanders begriffen haben. Egal ob heidnisch, animistisch oder wie auch immer diese innig gelebten Verflechtungen gelebt worden sind, der Umgang mit der Umwelt war immer achtsam und vermutlich deutlich nachhaltiger.<\/p>\n\n\n\n<p><em>Charles Fr\u00e9ger hat die Ausstellung in der Kunstsammlung Jena selbst eingerichtet und war zur Er\u00f6ffnung in der Stadt. Die Fotografien der Folge \u201eWilder Mann\u201c z\u00e4hlen zu seinen bekanntesten Arbeiten. Das Museum bietet mehrere F\u00fchrungsformate an, z. B. Vom Krampus zum Julebukk. \u201eWilde M\u00e4nner\u201c in Europa. F\u00fchrungen k\u00f6nnen gebucht werden. Der Katalog ist an der Museumskasse erh\u00e4ltlich. Die Ausstellung ist noch bis zum 11. Juni in der Kunstsammlung Jena zu sehen. <br>An diesem Sonntag, 23. April 2023, 15 Uhr, k\u00f6nnen Sie sich einer F\u00fchrung durch die Ausstellung anschlie\u00dfen und mehr erfahren \u00fcber Charles Fr\u00e9ger und die &#8222;Wilden M\u00e4nner&#8220;. Es lohnt sich!<\/em><\/p>\n\n\n\n<p><\/p>\n\n\n<div class=\"wp-block-image\">\n<figure class=\"aligncenter size-large\"><img loading=\"lazy\" decoding=\"async\" width=\"708\" height=\"1000\" src=\"https:\/\/blog.jena.de\/jenakultur\/wp-content\/uploads\/sites\/25\/2023\/04\/jenakultur-wilder-mann-plakat-carlesfreger1-final-708x1000.jpg\" alt=\"Das Plakat zur Ausstellung von Charles Fr\u00e9ger\" class=\"wp-image-8687\" srcset=\"https:\/\/blog.jena.de\/jenakultur\/wp-content\/uploads\/sites\/25\/2023\/04\/jenakultur-wilder-mann-plakat-carlesfreger1-final-708x1000.jpg 708w, https:\/\/blog.jena.de\/jenakultur\/wp-content\/uploads\/sites\/25\/2023\/04\/jenakultur-wilder-mann-plakat-carlesfreger1-final-354x500.jpg 354w, https:\/\/blog.jena.de\/jenakultur\/wp-content\/uploads\/sites\/25\/2023\/04\/jenakultur-wilder-mann-plakat-carlesfreger1-final-768x1084.jpg 768w, https:\/\/blog.jena.de\/jenakultur\/wp-content\/uploads\/sites\/25\/2023\/04\/jenakultur-wilder-mann-plakat-carlesfreger1-final-1088x1536.jpg 1088w, https:\/\/blog.jena.de\/jenakultur\/wp-content\/uploads\/sites\/25\/2023\/04\/jenakultur-wilder-mann-plakat-carlesfreger1-final-489x690.jpg 489w, https:\/\/blog.jena.de\/jenakultur\/wp-content\/uploads\/sites\/25\/2023\/04\/jenakultur-wilder-mann-plakat-carlesfreger1-final.jpg 1200w\" sizes=\"auto, (max-width: 708px) 100vw, 708px\" \/><figcaption class=\"wp-element-caption\">Das Plakat zur Jenaer Ausstellung &#8222;Wilder Mann&#8220; von Charles Fr\u00e9ger | \u00a9Kunstsammlung Jena<\/figcaption><\/figure>\n<\/div>","protected":false},"excerpt":{"rendered":"<p>Der Kurator der Kunstsammlung Jena, Erik Stephan, ist bekannt f\u00fcr sein Fingerspitzengef\u00fchl in Sachen zeitgen\u00f6ssische Kunst. Immer wieder \u00fcberraschen seine Kunstausstellungen zur klassischen Moderne durch das neue Kontextualisieren von scheinbar Altbekannten. Nicht selten pr\u00e4sentiert er aber auch Neuentdeckungen und weitet damit unseren Blick. Die aktuelle Fotoausstellung geh\u00f6rt zur zweiten Kategorie. Charles Freg\u00e9rs &#8222;Wilde M\u00e4nner&#8220; waren in Deutschland bisher noch nicht zu sehen. Wir freuen uns deshalb, dass uns Erik Stephan hier interessante Hintergr\u00fcnde dazu erl\u00e4utert.<\/p>\n","protected":false},"author":22,"featured_media":8682,"comment_status":"open","ping_status":"closed","sticky":false,"template":"","format":"standard","meta":{"footnotes":""},"categories":[1,706,18],"tags":[973,287,969,669,971,972,970],"class_list":["post-8672","post","type-post","status-publish","format-standard","has-post-thumbnail","hentry","category-allgemein","category-kultur-in-jena","category-kunstsammlung","tag-archetypen","tag-ausstellung","tag-charles-freger","tag-fotografie","tag-masken","tag-mischwesen","tag-wilde-maenner"],"_links":{"self":[{"href":"https:\/\/blog.jena.de\/jenakultur\/wp-json\/wp\/v2\/posts\/8672","targetHints":{"allow":["GET"]}}],"collection":[{"href":"https:\/\/blog.jena.de\/jenakultur\/wp-json\/wp\/v2\/posts"}],"about":[{"href":"https:\/\/blog.jena.de\/jenakultur\/wp-json\/wp\/v2\/types\/post"}],"author":[{"embeddable":true,"href":"https:\/\/blog.jena.de\/jenakultur\/wp-json\/wp\/v2\/users\/22"}],"replies":[{"embeddable":true,"href":"https:\/\/blog.jena.de\/jenakultur\/wp-json\/wp\/v2\/comments?post=8672"}],"version-history":[{"count":29,"href":"https:\/\/blog.jena.de\/jenakultur\/wp-json\/wp\/v2\/posts\/8672\/revisions"}],"predecessor-version":[{"id":8814,"href":"https:\/\/blog.jena.de\/jenakultur\/wp-json\/wp\/v2\/posts\/8672\/revisions\/8814"}],"wp:featuredmedia":[{"embeddable":true,"href":"https:\/\/blog.jena.de\/jenakultur\/wp-json\/wp\/v2\/media\/8682"}],"wp:attachment":[{"href":"https:\/\/blog.jena.de\/jenakultur\/wp-json\/wp\/v2\/media?parent=8672"}],"wp:term":[{"taxonomy":"category","embeddable":true,"href":"https:\/\/blog.jena.de\/jenakultur\/wp-json\/wp\/v2\/categories?post=8672"},{"taxonomy":"post_tag","embeddable":true,"href":"https:\/\/blog.jena.de\/jenakultur\/wp-json\/wp\/v2\/tags?post=8672"}],"curies":[{"name":"wp","href":"https:\/\/api.w.org\/{rel}","templated":true}]}}