{"id":8492,"date":"2023-03-31T07:20:00","date_gmt":"2023-03-31T05:20:00","guid":{"rendered":"https:\/\/blog.jena.de\/jenakultur\/?p=8492"},"modified":"2023-03-30T16:19:41","modified_gmt":"2023-03-30T14:19:41","slug":"jena-lohnt-sich","status":"publish","type":"post","link":"https:\/\/blog.jena.de\/jenakultur\/2023\/03\/31\/jena-lohnt-sich\/","title":{"rendered":"Jena lohnt sich!"},"content":{"rendered":"\n<h2 class=\"wp-block-heading\">Druckfrisch: Neues Visit Jena-Magazin liegt vor<\/h2>\n\n\n\n<p>Druckfrisch liegt seit Mitte M\u00e4rz das neue Jena-Magazin #Lichtstadt kostenlos zum Mitnehmen in der <a href=\"https:\/\/www.visit-jena.de\/reise-planen\/jena-tourist-information\/\" target=\"_blank\" rel=\"noopener\">Jena Tourist-Information<\/a> bereit, herausgegeben von <a href=\"https:\/\/www.jenakultur.de\/de\/startseite\/605322\" target=\"_blank\" rel=\"noopener\">JenaKultur<\/a> und bereits in der vierten Auflage. Dem Geheimnis auf der Spur erfahren die Leser:innen zun\u00e4chst was hinter der <strong>Titelstory &#8222;Jena uncovered&#8220;<\/strong> steckt. Denn die Einheimischen lieben ihr Jena. Doch mit der rosa Lokalbrille auf der Nase wundert man sich manchmal, dass die Stadt als Reiseziel weniger bekannt ist, als gedacht. Zum Gl\u00fcck ging k\u00fcrzlich ein investigativer Journalist dem Geheimnis Jena auf den Grund. Im Imagefilm &#8222;Jena uncovered&#8220; enth\u00fcllt er, was Ortsans\u00e4ssige und eingeweihte G\u00e4ste l\u00e4ngst wissen \u2013 Jena lohnt sich! Und wer das Video noch nicht kennt, einfach <a href=\"https:\/\/www.youtube.com\/watch?v=MM1FrawwBrA\" target=\"_blank\" rel=\"noopener\">hier<\/a> klicken und reinschauen.<\/p>\n<figure id=\"attachment_8500\" aria-describedby=\"caption-attachment-8500\" style=\"width: 900px\" class=\"wp-caption aligncenter\"><img loading=\"lazy\" decoding=\"async\" id=\"longdesc-return-8500\" class=\"wp-image-8500 size-large\" src=\"https:\/\/blog.jena.de\/jenakultur\/wp-content\/uploads\/sites\/25\/2023\/03\/jenakultur-jena-uncoveredtwosyde-media-1000x525.jpg\" alt=\"Ausschnitt aus &quot;Jena uncovered&quot;, ein Mann zeigt auf eine Pinnwand mit Bildern auf Jena\" width=\"900\" height=\"473\" longdesc=\"https:\/\/blog.jena.de\/jenakultur?longdesc=8500&amp;referrer=8492\" srcset=\"https:\/\/blog.jena.de\/jenakultur\/wp-content\/uploads\/sites\/25\/2023\/03\/jenakultur-jena-uncoveredtwosyde-media-1000x525.jpg 1000w, https:\/\/blog.jena.de\/jenakultur\/wp-content\/uploads\/sites\/25\/2023\/03\/jenakultur-jena-uncoveredtwosyde-media-500x263.jpg 500w, https:\/\/blog.jena.de\/jenakultur\/wp-content\/uploads\/sites\/25\/2023\/03\/jenakultur-jena-uncoveredtwosyde-media-768x403.jpg 768w, https:\/\/blog.jena.de\/jenakultur\/wp-content\/uploads\/sites\/25\/2023\/03\/jenakultur-jena-uncoveredtwosyde-media.jpg 1200w\" sizes=\"auto, (max-width: 900px) 100vw, 900px\" \/><figcaption id=\"caption-attachment-8500\" class=\"wp-caption-text\">Ausschnitt aus &#8222;Jena uncovered&#8220; von twosyde media<\/figcaption><\/figure>\n<p>Wie in den vergangenen Auflagen wurden auf insgesamt 36 Seiten Einblicke in Jena und die Umgebung gegeben und das, was eben die kleine Gro\u00dfstadt an der Saale so liebens- und lebenswert macht. Was l\u00e4sst sich in 48 Stunden in Jena sehen und erleben? Was lohnt sich abseits der klassischen Sightseeing-Runde anzuschauen? Wohin zum Fr\u00fchst\u00fccken oder zu einem Kaffee mit Aussicht? Und was k\u00f6nnen Familien unternehmen? Das Magazin liefert Inspiration und Anregungen und gibt auf der einen oder anderen Seite auch Insider-Tipps von Kennern. Und zwar nicht nur f\u00fcr G\u00e4ste, auch Einheimische k\u00f6nnen hier vielleicht noch eine neue Seite von Jena kennenlernen.<\/p>\n<p>Was w\u00e4re Jena ohne sein <strong>kulturelles Angebot<\/strong>? Kultur macht Spa\u00df und bereichert das Leben. Gro\u00dfer Konzertsaal, altes Maschinenhaus oder ehemaliger Bahnhof, jeder Ort hat seinen Charme. Die Musikrichtungen vermischen sich, neue Formate entstehen und werden gemeinsam mit dem Publikum erprobt. Sehen, staunen und sich in andere Welten mitnehmen lassen. So geht <a href=\"https:\/\/kultur.jena.de\/\" target=\"_blank\" rel=\"noopener\">Kultur in Jena<\/a>. Aber auch bei den unterschiedlichen <a href=\"https:\/\/www.jenakultur.de\/de\/maerkte_und_stadtfeste\/605333\" target=\"_blank\" rel=\"noopener\">Jenaer M\u00e4rkten und Stadtfesten<\/a> macht schlendern, st\u00f6bern, entdecken und plaudern einfach nur Spa\u00df.<\/p>\n<p>Und was genau ist die <strong>natura jenensis<\/strong>? Die neue Naturerlebnisregion erstreckt sich rund um die Lichtstadt Jena. Hier im Gr\u00fcnen verbindet sich Erholung in der Natur mit digitalen Welten. Vier <strong>Erlebnispfade<\/strong>, die direkt an dem <a href=\"https:\/\/www.natura-jenensis.de\/aktiv\/kategorien\/saalehorizontale\" target=\"_blank\" rel=\"noopener\">Qualit\u00e4tswanderweg SaaleHorizontale<\/a> liegen, inspirieren zu abwechslungsreichen Wanderungen, auf denen sich jede Menge entdecken l\u00e4sst. Der Schlaue Ux begleitet die Besucher per Audioguide. Er erweckt mittels Augmented Reality scheue Tiere, seltene Pflanzen oder historische Pers\u00f6nlichkeiten zum Leben.<\/p>\n<p>Au\u00dferdem l\u00e4dt die naturnahe Umgebung von Jena gerade dazu ein, die H\u00f6henz\u00fcge und die W\u00e4lder zu Fu\u00df oder dem Bike zu erkunden. Auch auf dem Wasser geht es sportlich zu. Wie w\u00e4re es mit einer Kanu- oder Schlauchboottour auf der Saale? Zwischendurch einfach treiben lassen, nach Eisv\u00f6geln Ausschau halten und der Seele eine Pause g\u00f6nnen.<\/p>\n\n\n\n<div class=\"wp-block-responsive-lightbox-gallery\"><div class=\"rl-gallery-container rl-loading\" id=\"rl-gallery-container-1\" data-gallery_id=\"8519\"> <div class=\"rl-gallery rl-basicmasonry-gallery rl-hover-effect-3 rl-hover-icon-2\" id=\"rl-gallery-1\" data-gallery_no=\"1\"> <div class=\"rl-gutter-sizer\"><\/div><div class=\"rl-grid-sizer\"><\/div> <div class=\"rl-gallery-item rl-gallery-item-width-4\" > <div class=\"rl-gallery-item-content\"> <a href=\"https:\/\/blog.jena.de\/jenakultur\/wp-content\/uploads\/sites\/25\/2023\/03\/jenakultur-jena-saaleauejenakultur-jenaparadies.jpg\" title=\"JenaKultur, Jenaparadies\" data-rl_title=\"JenaKultur, Jenaparadies\" class=\"rl-gallery-link\" data-rl_caption=\"\" data-rel=\"lightbox-gallery-1\"><img loading=\"lazy\" decoding=\"async\" src=\"https:\/\/blog.jena.de\/jenakultur\/wp-content\/uploads\/sites\/25\/2023\/03\/jenakultur-jena-saaleauejenakultur-jenaparadies-500x263.jpg\" width=\"500\" height=\"263\" alt=\"Blick auf Jena, von oben, ins gr\u00fcne, auf die Saale, im Hintergrund die Berge und links die Lichtstadt Jena, die Sonne geht gerade auf\" \/><span class=\"rl-gallery-caption\"><span class=\"rl-gallery-item-title\">JenaParadies.<\/span><span class=\"rl-gallery-item-caption\">JenaKultur, Jenaparadies<\/span><\/span><\/a> <\/div> <\/div> <div class=\"rl-gallery-item\" > <div class=\"rl-gallery-item-content\"> <a href=\"https:\/\/blog.jena.de\/jenakultur\/wp-content\/uploads\/sites\/25\/2023\/03\/jenakultur-saluejenakultur-roman-moebius.jpg\" title=\"\u00a9JenaKultur, R. M\u00f6bius\" data-rl_title=\"\u00a9JenaKultur, R. M\u00f6bius\" class=\"rl-gallery-link\" data-rl_caption=\"\" data-rel=\"lightbox-gallery-1\"><img loading=\"lazy\" decoding=\"async\" src=\"https:\/\/blog.jena.de\/jenakultur\/wp-content\/uploads\/sites\/25\/2023\/03\/jenakultur-saluejenakultur-roman-moebius-500x263.jpg\" width=\"500\" height=\"263\" alt=\"Das Sal\u00fc in Jena, von au\u00dfen, 2 Frauen sitzen vor einer Hiolzwand und trinken Wasser im Au\u00dfenbereich\" \/><span class=\"rl-gallery-caption\"><span class=\"rl-gallery-item-title\">Sal\u00fc<\/span><span class=\"rl-gallery-item-caption\">\u00a9JenaKultur, R. M\u00f6bius<\/span><\/span><\/a> <\/div> <\/div> <div class=\"rl-gallery-item\" > <div class=\"rl-gallery-item-content\"> <a href=\"https:\/\/blog.jena.de\/jenakultur\/wp-content\/uploads\/sites\/25\/2023\/03\/jenakultur-napoleonpfad-86jenakultur-kschulz.jpg\" title=\"\u00a9JenaKultur, K. Schulz\" data-rl_title=\"\u00a9JenaKultur, K. Schulz\" class=\"rl-gallery-link\" data-rl_caption=\"\" data-rel=\"lightbox-gallery-1\"><img loading=\"lazy\" decoding=\"async\" src=\"https:\/\/blog.jena.de\/jenakultur\/wp-content\/uploads\/sites\/25\/2023\/03\/jenakultur-napoleonpfad-86jenakultur-kschulz-500x263.jpg\" width=\"500\" height=\"263\" alt=\"NapoleonPfad, Blick durch ein Smartphone auf die Maskottchen\" \/><span class=\"rl-gallery-caption\"><span class=\"rl-gallery-item-title\">NapoleonPfad<\/span><span class=\"rl-gallery-item-caption\">\u00a9JenaKultur, K. Schulz<\/span><\/span><\/a> <\/div> <\/div> <div class=\"rl-gallery-item\" > <div class=\"rl-gallery-item-content\"> <a href=\"https:\/\/blog.jena.de\/jenakultur\/wp-content\/uploads\/sites\/25\/2023\/03\/jenakultur-volkshaus-jenajenaparadies-agraef.jpg\" title=\"\u00a9JenaKultur, Jenaparadies\" data-rl_title=\"\u00a9JenaKultur, Jenaparadies\" class=\"rl-gallery-link\" data-rl_caption=\"\" data-rel=\"lightbox-gallery-1\"><img loading=\"lazy\" decoding=\"async\" src=\"https:\/\/blog.jena.de\/jenakultur\/wp-content\/uploads\/sites\/25\/2023\/03\/jenakultur-volkshaus-jenajenaparadies-agraef-500x263.jpg\" width=\"500\" height=\"263\" alt=\"Das Volkshaus Jena von au\u00dfen im Fr\u00fchling, die Sonne scheint\" \/><span class=\"rl-gallery-caption\"><span class=\"rl-gallery-item-title\">Volkshaus Jena<\/span><span class=\"rl-gallery-item-caption\">\u00a9JenaKultur, Jenaparadies<\/span><\/span><\/a> <\/div> <\/div> <div class=\"rl-gallery-item\" > <div class=\"rl-gallery-item-content\"> <a href=\"https:\/\/blog.jena.de\/jenakultur\/wp-content\/uploads\/sites\/25\/2023\/03\/jenakultur-jenaerphilharmoniejenakultur-cworsch.jpg\" title=\"\u00a9 JenaKultur, C. Worsch\" data-rl_title=\"\u00a9 JenaKultur, C. Worsch\" class=\"rl-gallery-link\" data-rl_caption=\"\" data-rel=\"lightbox-gallery-1\"><img loading=\"lazy\" decoding=\"async\" src=\"https:\/\/blog.jena.de\/jenakultur\/wp-content\/uploads\/sites\/25\/2023\/03\/jenakultur-jenaerphilharmoniejenakultur-cworsch-500x263.jpg\" width=\"500\" height=\"263\" alt=\"Jenaer Philharmonie im Volkshaus Jena, der Saal ist rot beleuchtet und voller Menschen, auf der B\u00fchne spielen die Musiker:innen\" \/><span class=\"rl-gallery-caption\"><span class=\"rl-gallery-item-title\">Jenaer Philharmonie im Volkshaus Jena<\/span><span class=\"rl-gallery-item-caption\">\u00a9 JenaKultur, C. Worsch<\/span><\/span><\/a> <\/div> <\/div> <div class=\"rl-gallery-item\" > <div class=\"rl-gallery-item-content\"> <a href=\"https:\/\/blog.jena.de\/jenakultur\/wp-content\/uploads\/sites\/25\/2023\/03\/jenakultur-jena-kulturarena-kinderjenakultur-hjohn.jpg\" title=\"\u00a9Kulturarena Jena, H. John\" data-rl_title=\"\u00a9Kulturarena Jena, H. John\" class=\"rl-gallery-link\" data-rl_caption=\"\" data-rel=\"lightbox-gallery-1\"><img loading=\"lazy\" decoding=\"async\" src=\"https:\/\/blog.jena.de\/jenakultur\/wp-content\/uploads\/sites\/25\/2023\/03\/jenakultur-jena-kulturarena-kinderjenakultur-hjohn-500x263.jpg\" width=\"500\" height=\"263\" alt=\"Kulturarena Jena, Kinder stehen auf der B\u00fchne, davor ein voller Zuschauerraum Open Air und ein Blick auf den Jentower\" \/><span class=\"rl-gallery-caption\"><span class=\"rl-gallery-item-title\">Kulturarena Jena<\/span><span class=\"rl-gallery-item-caption\">\u00a9Kulturarena Jena, H. John<\/span><\/span><\/a> <\/div> <\/div> <\/div> <div class=\"rl-gallery-description\"><\/div> <\/div><\/div>\n\n\n\n<p>Es gibt auch einzigartige Orte um zu <a rel=\"noreferrer noopener\" href=\"https:\/\/www.jenaconvention.de\/\" target=\"_blank\">Tagen in der Lichtstadt<\/a>, wie zum Beispiel im <strong><a href=\"https:\/\/www.volkshaus-jena.de\/de\/startseite\/694140\" target=\"_blank\" rel=\"noreferrer noopener\">Volkshaus Jena<\/a><\/strong>. Wo gibt es das schon? Ein attraktives Tagungs- und Veranstaltungshaus mit dem souver\u00e4nen Charme aus 120 gelebten Jahren, aufpoliert, verj\u00fcngt und zeitgem\u00e4\u00df \u2013 mitten im Zentrum einer traditionsreichen Universit\u00e4tsstadt.<\/p>\n\n\n\n<p>Und auch vor der Haust\u00fcr von Jena gibt es viel zu erleben. Jena liegt mitten im wundersch\u00f6nen<a href=\"https:\/\/www.saale-unstrut-tourismus.de\/\" target=\"_blank\" rel=\"noreferrer noopener\"> Saale-Unstrut<\/a>. Die Region, welche von Uhlst\u00e4dt-Kirchhasel im n\u00f6rdlichen Th\u00fcringen bis nach Wettin in&nbsp; Sachsen-Anhalt reicht, ist hochmittelalterlich gepr\u00e4gt \u2013 vom Weinbau bis zu den kulturellen Wurzeln. Das weltweit einmalige architektonische Erbe aus \u00fcber 1.000 Jahren europ\u00e4ischer Geschichte in Verbindung mit urspr\u00fcnglichen Flusslandschaften und alten Weinbergen machen die Anziehungskraft der Region aus.<\/p>\n\n\n\n<p>Zu diesen und vielen weiteren Themen kann man im neuen Lichtstadt-Magazin schm\u00f6kern.<br>Haben Sie sich schon ein Exemplar gesichert? Wenn nicht einfach in der Jena Tourist-Information vorbeikommen oder <a href=\"https:\/\/www.visit-jena.de\/reise-planen\/downloads\/\" target=\"_blank\" rel=\"noreferrer noopener\">online unter visit-jena.de im Downloadbereich reinlesen<\/a>.<\/p>\n\n\n\n<p><em>Liebe Leserinnen und Leser, was m\u00f6gen Sie am liebsten an Jena?<\/em> <em>Wie w\u00fcrden Sie Jena jemanden beschreiben, der unsere sch\u00f6ne Stadt noch nicht kennt?<\/em><\/p>\n","protected":false},"excerpt":{"rendered":"<p>Druckfrisch: Neues Visit Jena-Magazin liegt vor Druckfrisch liegt seit Mitte M\u00e4rz das neue Jena-Magazin #Lichtstadt kostenlos zum Mitnehmen in der Jena Tourist-Information bereit,&hellip;<\/p>\n","protected":false},"author":22,"featured_media":8499,"comment_status":"open","ping_status":"closed","sticky":false,"template":"","format":"standard","meta":{"footnotes":""},"categories":[1,14,9,25],"tags":[34,115,896,384,852],"class_list":["post-8492","post","type-post","status-publish","format-standard","has-post-thumbnail","hentry","category-allgemein","category-jena-tourist-information","category-jenakultur","category-tourismus","tag-jena","tag-lichtstadt","tag-magazin","tag-tourismus","tag-visit-jena"],"_links":{"self":[{"href":"https:\/\/blog.jena.de\/jenakultur\/wp-json\/wp\/v2\/posts\/8492","targetHints":{"allow":["GET"]}}],"collection":[{"href":"https:\/\/blog.jena.de\/jenakultur\/wp-json\/wp\/v2\/posts"}],"about":[{"href":"https:\/\/blog.jena.de\/jenakultur\/wp-json\/wp\/v2\/types\/post"}],"author":[{"embeddable":true,"href":"https:\/\/blog.jena.de\/jenakultur\/wp-json\/wp\/v2\/users\/22"}],"replies":[{"embeddable":true,"href":"https:\/\/blog.jena.de\/jenakultur\/wp-json\/wp\/v2\/comments?post=8492"}],"version-history":[{"count":17,"href":"https:\/\/blog.jena.de\/jenakultur\/wp-json\/wp\/v2\/posts\/8492\/revisions"}],"predecessor-version":[{"id":8906,"href":"https:\/\/blog.jena.de\/jenakultur\/wp-json\/wp\/v2\/posts\/8492\/revisions\/8906"}],"wp:featuredmedia":[{"embeddable":true,"href":"https:\/\/blog.jena.de\/jenakultur\/wp-json\/wp\/v2\/media\/8499"}],"wp:attachment":[{"href":"https:\/\/blog.jena.de\/jenakultur\/wp-json\/wp\/v2\/media?parent=8492"}],"wp:term":[{"taxonomy":"category","embeddable":true,"href":"https:\/\/blog.jena.de\/jenakultur\/wp-json\/wp\/v2\/categories?post=8492"},{"taxonomy":"post_tag","embeddable":true,"href":"https:\/\/blog.jena.de\/jenakultur\/wp-json\/wp\/v2\/tags?post=8492"}],"curies":[{"name":"wp","href":"https:\/\/api.w.org\/{rel}","templated":true}]}}