{"id":8434,"date":"2023-03-28T11:00:00","date_gmt":"2023-03-28T09:00:00","guid":{"rendered":"https:\/\/blog.jena.de\/jenakultur\/?p=8434"},"modified":"2023-04-21T08:42:15","modified_gmt":"2023-04-21T06:42:15","slug":"nur-was-sich-aendert-bleibt-bestehen","status":"publish","type":"post","link":"https:\/\/blog.jena.de\/jenakultur\/2023\/03\/28\/nur-was-sich-aendert-bleibt-bestehen\/","title":{"rendered":"Nur was sich \u00e4ndert, bleibt bestehen&#8230;"},"content":{"rendered":"\n<p><strong>Der neue SeitenKlang berichtet vom bewegten Personalkarussell in der <a href=\"https:\/\/www.jenaer-philharmonie.de\/\" target=\"_blank\" rel=\"noopener\">Jenaer Philharmonie<\/a><\/strong><\/p>\n<p>Vor nunmehr fast dreieinhalb Jahren, genauer gesagt am 5. Dezember 2019, hat der Jenaer Stadtrat das Zukunftskonzept der Jenaer Philharmonie zur Kenntnis genommen und schlie\u00dflich im Kontext der Zuschussverhandlungen mit dem Eigenbetrieb <a href=\"https:\/\/www.jenakultur.de\/de\/startseite\/605322\" target=\"_blank\" rel=\"noopener\">JenaKultur<\/a> f\u00fcr den Zeitraum 2022 bis 2024 am 13. Oktober 2021 beschlossen.<\/p>\n<p>Wir haben <a href=\"https:\/\/blog.jena.de\/jenakultur\/2019\/11\/27\/ein-zukunftskonzept-fuer-die-jenaer-philharmonie\/\" target=\"_blank\" rel=\"noopener\">hier<\/a> damals dar\u00fcber berichtet.<\/p>\n<p>Das 72seitige Papier mit 13 umfangreichen Anlagen ist als Handlungsempfehlung gedacht, wie und mit welchen finanziellen Mitteln der Klangk\u00f6rper weiter zu entwickeln sei. Das Papier gleicht dabei zun\u00e4chst in unterschiedlichen Feldern Ist- mit erstrebenswerten Sollzust\u00e4nden ab und legt von dort kommend einen wichtigen Akzent auf inhaltliche Potentiale: neu zu entwickelnde Formate, bessere Kundenbindungsinstrumente, M\u00f6glichkeiten der weiteren Vernetzung, Education-Programme usw. Daneben geraten organisatorische und bauliche Desiderata in den Blick. Und ganz klar herausgestellt wird, dass es eben auch eine ausk\u00f6mmliche personelle Ausstattung besonders im Verwaltungsbereich der Philharmonie braucht, passiert hier doch die wichtige, vor allem kontinuierliche Hintergrundarbeit, die f\u00fcr den \u2013 m\u00f6glichst \u00fcberregionalen \u2013 k\u00fcnstlerischen Wirkungsgrad existentiell ist.<\/p>\n<p>Vieles, was diesbez\u00fcglich damals als Sollgr\u00f6\u00dfe markiert wurde, ist unterdessen erfreulicherweise auf den Weg gebracht: manche Stelle wurde neu geschaffen oder verstetigt und ist unterdessen besetzt: etwa die f\u00fcr die Chorverwaltung, f\u00fcr die Orchesterakademie, ein Veranstaltungsmeister wurde installiert, es gibt eine neue Stelle f\u00fcr Musikvermittlung als Bindeglied besonders zur Musik- und Kunstschule Jena und noch so manches mehr.<\/p>\n<p>Gleichwohl bleibt nat\u00fcrlich ein so gro\u00dfer Organismus wie ein Orchester immer in Bewegung. Leute kommen und gehen. Im neuen SeitenKlang geht es deshalb diesmal schwerpunktm\u00e4\u00dfig um Personalfragen. Der langj\u00e4hrige Orchesterwart Detlef Rutenberg geht zum Ende der Spielzeit in den wohlverdienten Ruhestand. Er war und ist ein Gl\u00fccksfall f\u00fcr die Jenaer Philharmonie. Selber Musiker, Solo-Oboist, der seine Stelle in der Landeskapelle Eisenach nach der Wende von 1989\/90 verlor, konnte er stets so viel mehr sein als \u201enur\u201c ein pfiffiger, umsichtiger Handwerker, der sich um die Auf- und Umbauten auf der B\u00fchne k\u00fcmmert. Er hat logischerweise auch einschl\u00e4gige Notenkenntnisse, die ihm bei der Ordnung, Bewahrung, Verwaltung und auch Restaurierung des musikalischen Materials unglaubliche Dienste leisteten. Lesen Sie das interessante ausf\u00fchrliche Interview mit ihm!<\/p>\n<figure id=\"attachment_8463\" aria-describedby=\"caption-attachment-8463\" style=\"width: 900px\" class=\"wp-caption aligncenter\"><img loading=\"lazy\" decoding=\"async\" class=\"wp-image-8463 size-large\" src=\"https:\/\/blog.jena.de\/jenakultur\/wp-content\/uploads\/sites\/25\/2023\/03\/jenakultur-nur-was-sich-aendert-bleibt-bestehen-titelseite-seitenklang-27-mailversion-1000x525.jpg\" alt=\"SeitenKlang 27\" width=\"900\" height=\"473\" srcset=\"https:\/\/blog.jena.de\/jenakultur\/wp-content\/uploads\/sites\/25\/2023\/03\/jenakultur-nur-was-sich-aendert-bleibt-bestehen-titelseite-seitenklang-27-mailversion-1000x525.jpg 1000w, https:\/\/blog.jena.de\/jenakultur\/wp-content\/uploads\/sites\/25\/2023\/03\/jenakultur-nur-was-sich-aendert-bleibt-bestehen-titelseite-seitenklang-27-mailversion-500x263.jpg 500w, https:\/\/blog.jena.de\/jenakultur\/wp-content\/uploads\/sites\/25\/2023\/03\/jenakultur-nur-was-sich-aendert-bleibt-bestehen-titelseite-seitenklang-27-mailversion-768x403.jpg 768w, https:\/\/blog.jena.de\/jenakultur\/wp-content\/uploads\/sites\/25\/2023\/03\/jenakultur-nur-was-sich-aendert-bleibt-bestehen-titelseite-seitenklang-27-mailversion.jpg 1200w\" sizes=\"auto, (max-width: 900px) 100vw, 900px\" \/><figcaption id=\"caption-attachment-8463\" class=\"wp-caption-text\">Die aktuelle Ausgabe: SeitenKlang 27<\/figcaption><\/figure>\n<p>Neben ihm kommt auch die neue zweite Geigerin Sophia Rasche zu Wort. Und Gesita Seeliger berichtet \u00fcber die <a href=\"https:\/\/www.jenaer-philharmonie.de\/orchesterakademie.html\" target=\"_blank\" rel=\"noopener\">Duale Orchesterakademie Th\u00fcringen<\/a>. \u201eHierbei handelt es sich um ein Kooperationsprojekt der Jenaer Philharmonie und des Theaters Altenburg Gera. Alle Stipendiatinnen und Stipendiaten bekommen die M\u00f6glichkeit, sich optimal auf den Beruf eines professionellen Orchestermusikers vorzubereiten, indem sie sowohl in den Konzert-, als auch in den Musiktheaterbetrieb der beiden Orchester integriert werden. Dadurch k\u00f6nnen sie zwei Berufsperspektiven in der Praxis kennenlernen \u2013 ein Alleinstellungsmerkmal der Akademie\u201c, so ist dieses einzigartige Weiterbildungsangebot auf der Webseite der Jenaer Philharmonie beschrieben.<\/p>\n<p>Es gibt im neuen SeitenKlang auch wieder eine neue Quizfrage und einen Hinweis auf die neu produzierte, eben erschienene CD der Jenaer Philharmonie zum Mahler-Scartazzini-Zyklus, die man \u00fcbrigens mit etwas Gl\u00fcck gewinnen kann und die ein beredtes Beispiel f\u00fcr die au\u00dfergew\u00f6hnliche qualitative Entwicklung des Orchesters in den letzten Jahren ist.<\/p>\n<p>Interessieren Sie sich also daf\u00fcr, was hinter den Kulissen der Jenaer Philharmonie alles passiert, dann verpassen Sie keinen SeitenKlang mehr. Dieses Magazin, das quartalsweise erscheint und von einem Redaktionsteam aus Musiker:innen unter der Leitung der Bratschistin Monika Steinh\u00f6fel ehrenamtlich erarbeitet wird und zu einem Kundenbindungsinstrument par excellence avanciert, ist stets am musikalischen Puls des Geschehens. Wir werden es k\u00fcnftig wie angek\u00fcndigt regelm\u00e4\u00dfig hier in den Blick nehmen, ebenso wie die weiteren Zukunftsschritte unseres Orchesters. Hier k\u00f6nnen Sie den SeitenKlang auch herunterladen:<\/p>\n\n\n\n<div class=\"wp-block-file\"><a id=\"wp-block-file--media-b3e55a85-fea8-4a7e-b46e-b4cd354a8b1f\" href=\"https:\/\/blog.jena.de\/jenakultur\/wp-content\/uploads\/sites\/25\/2023\/03\/jenakultur-strongnur-was-sich-aendert-bleibt-bestehenstrong-seitenklang-27-mailversion.pdf\" target=\"_blank\" rel=\"noreferrer noopener\">SeitenKlang 27 <\/a><a href=\"https:\/\/blog.jena.de\/jenakultur\/wp-content\/uploads\/sites\/25\/2023\/03\/jenakultur-strongnur-was-sich-aendert-bleibt-bestehenstrong-seitenklang-27-mailversion.pdf\" class=\"wp-block-file__button wp-element-button\" download aria-describedby=\"wp-block-file--media-b3e55a85-fea8-4a7e-b46e-b4cd354a8b1f\">Herunterladen<\/a><\/div>\n\n\n\n<div data-wp-interactive=\"core\/file\" class=\"wp-block-file\"><object data-wp-bind--hidden=\"!state.hasPdfPreview\" hidden class=\"wp-block-file__embed\" data=\"https:\/\/blog.jena.de\/jenakultur\/wp-content\/uploads\/sites\/25\/2023\/03\/jenakultur-strongnur-was-sich-aendert-bleibt-bestehenstrong-seitenklang-27-mailversion.pdf\" type=\"application\/pdf\" style=\"width:100%;height:999px\" aria-label=\"Einbettung von Seitenklag27.\"><\/object><a id=\"wp-block-file--media-78196d95-8b1f-4416-8c78-2049eb7e92f7\" href=\"https:\/\/blog.jena.de\/jenakultur\/wp-content\/uploads\/sites\/25\/2023\/03\/jenakultur-strongnur-was-sich-aendert-bleibt-bestehenstrong-seitenklang-27-mailversion.pdf\" target=\"_blank\" rel=\"noreferrer noopener\">Seitenklag27<\/a><a href=\"https:\/\/blog.jena.de\/jenakultur\/wp-content\/uploads\/sites\/25\/2023\/03\/jenakultur-strongnur-was-sich-aendert-bleibt-bestehenstrong-seitenklang-27-mailversion.pdf\" class=\"wp-block-file__button wp-element-button\" download aria-describedby=\"wp-block-file--media-78196d95-8b1f-4416-8c78-2049eb7e92f7\">Download<\/a><\/div>\n\n\n\n<p><em>Alle bereits erschienenen Ausgaben finden Sie au\u00dferdem <a href=\"https:\/\/www.jenaer-philharmonie.de\/magazin-seitenklang.html\" target=\"_blank\" rel=\"noopener\">hier<\/a>. Viel Spa\u00df beim Lesen! Und nat\u00fcrlich freuen wir uns \u00fcber Ihre Fragen, Meinungen, Anmerkungen und Hinweise!<\/em><\/p>\n<p>Und last but not least noch zwei aktuelle Konzertempfehlungen: am Donnerstag, 30. M\u00e4rz 2023, 18:15 Uhr k\u00f6nnen Sie im 360\u00b0-Format die 9. Sinfonie Es-Dur op. 70 von Dmitri Schostakowitsch erleben; am Tag darauf, am 31. M\u00e4rz 2023, wird diese im Freitagskonzert erg\u00e4nzt mit Gy\u00f6rgy Ligeti Po\u00e8me symphonique f\u00fcr 100 Metronome und Joseph Haydns Sinfonie Nr. 90 C-Dur. Beide Konzerte unter der Leitung von Generalmusikdirektor Simon Gaudenz finden im Ernst-Abbe-Saal im <a href=\"https:\/\/www.volkshaus-jena.de\/de\/startseite\/694140\" target=\"_blank\" rel=\"noopener\">Volkshaus Jena <\/a>statt.<\/p>\n","protected":false},"excerpt":{"rendered":"<p>Interessieren Sie sich daf\u00fcr, was hinter den Kulissen der Jenaer Philharmonie passiert? Dann verpassen Sie keine Ausgabe des Magazins SeitenKlang mehr, das ein ehrenamtliches Redaktionskollegium aus Musiker:innen quartalsweise f\u00fcr das Publikum erstellt, um spannende Einblicke in den Organismus eines Orchesters zu gew\u00e4hren.<\/p>\n","protected":false},"author":22,"featured_media":8451,"comment_status":"open","ping_status":"closed","sticky":false,"template":"","format":"standard","meta":{"footnotes":""},"categories":[1,13,9],"tags":[955,956,127,926,954,953,811],"class_list":["post-8434","post","type-post","status-publish","format-standard","has-post-thumbnail","hentry","category-allgemein","category-jenaer-philharmonie","category-jenakultur","tag-duale-orchesterakademie","tag-geigerin","tag-konzerte","tag-magazin-seitenklang","tag-orchesterwart","tag-personalfragen","tag-seitenklang"],"_links":{"self":[{"href":"https:\/\/blog.jena.de\/jenakultur\/wp-json\/wp\/v2\/posts\/8434","targetHints":{"allow":["GET"]}}],"collection":[{"href":"https:\/\/blog.jena.de\/jenakultur\/wp-json\/wp\/v2\/posts"}],"about":[{"href":"https:\/\/blog.jena.de\/jenakultur\/wp-json\/wp\/v2\/types\/post"}],"author":[{"embeddable":true,"href":"https:\/\/blog.jena.de\/jenakultur\/wp-json\/wp\/v2\/users\/22"}],"replies":[{"embeddable":true,"href":"https:\/\/blog.jena.de\/jenakultur\/wp-json\/wp\/v2\/comments?post=8434"}],"version-history":[{"count":31,"href":"https:\/\/blog.jena.de\/jenakultur\/wp-json\/wp\/v2\/posts\/8434\/revisions"}],"predecessor-version":[{"id":8752,"href":"https:\/\/blog.jena.de\/jenakultur\/wp-json\/wp\/v2\/posts\/8434\/revisions\/8752"}],"wp:featuredmedia":[{"embeddable":true,"href":"https:\/\/blog.jena.de\/jenakultur\/wp-json\/wp\/v2\/media\/8451"}],"wp:attachment":[{"href":"https:\/\/blog.jena.de\/jenakultur\/wp-json\/wp\/v2\/media?parent=8434"}],"wp:term":[{"taxonomy":"category","embeddable":true,"href":"https:\/\/blog.jena.de\/jenakultur\/wp-json\/wp\/v2\/categories?post=8434"},{"taxonomy":"post_tag","embeddable":true,"href":"https:\/\/blog.jena.de\/jenakultur\/wp-json\/wp\/v2\/tags?post=8434"}],"curies":[{"name":"wp","href":"https:\/\/api.w.org\/{rel}","templated":true}]}}