{"id":8218,"date":"2023-02-17T07:24:00","date_gmt":"2023-02-17T06:24:00","guid":{"rendered":"https:\/\/blog.jena.de\/jenakultur\/?p=8218"},"modified":"2023-02-16T10:36:21","modified_gmt":"2023-02-16T09:36:21","slug":"ausbildung-jetzt-bewerben-bei-jenakultur","status":"publish","type":"post","link":"https:\/\/blog.jena.de\/jenakultur\/2023\/02\/17\/ausbildung-jetzt-bewerben-bei-jenakultur\/","title":{"rendered":"Ausbildung? Jetzt bewerben bei JenaKultur!"},"content":{"rendered":"\n<p><em>Spannende Aufgaben, Eigenverantwortung und ein tolles Teamklima \u2013 das loben unsere Auszubildenden besonders, wenn wir sie fragen, was ihnen bei uns so gut gef\u00e4llt. Nun sind wir wieder auf der Suche nach zwei neuen Teammitgliedern, denn ab September startet unsere Ausbildung f\u00fcr die beiden Berufe <strong>Veranstaltungskauffrau\/-mann und Fachkraft f\u00fcr Veranstaltungstechnik<\/strong>.<\/em><\/p>\n\n\n\n<p>Veranstaltungen erfolgreich planen und durchf\u00fchren und mit passender Bestuhlung sowie Licht-, Ton- und Videotechnik ma\u00dfgeblich zu ihrem Gelingen beitragen \u2013 das sind die Kerninhalte der beiden Ausbildungsrichtungen. Wer wissen will, was noch dazu geh\u00f6rt, sollte gleich ins heutige Video schauen: Denn zwei unserer (ehemaligen) Auszubildenden stellen sich diesmal pers\u00f6nlich vor und erz\u00e4hlen, was die Ausbildung bei <a href=\"https:\/\/www.jenakultur.de\/de\/startseite\/605322\" target=\"_blank\" rel=\"noopener\">JenaKultur<\/a> ausmacht und was sie daran besonders sch\u00e4tzen.<\/p>\n\n\n\n<figure class=\"wp-block-embed is-type-video is-provider-youtube wp-block-embed-youtube wp-embed-aspect-16-9 wp-has-aspect-ratio\"><div class=\"wp-block-embed__wrapper\">\n<iframe loading=\"lazy\" title=\"Vorgestellt: Ausbildung bei JenaKultur\" width=\"900\" height=\"506\" src=\"https:\/\/www.youtube.com\/embed\/C0QYD1rHICM?feature=oembed\" frameborder=\"0\" allow=\"accelerometer; autoplay; clipboard-write; encrypted-media; gyroscope; picture-in-picture; web-share\" allowfullscreen><\/iframe>\n<\/div><\/figure>\n\n\n\n<h3>Was erwartet mich w\u00e4hrend einer Ausbildung bei JenaKultur?<\/h3>\n<ul>\n<li>eine qualitativ hochwertige Ausbildung in einem vielseitigen st\u00e4dtischen Unternehmen<\/li>\n<li>engagierte und kompetente Ausbilder und Ausbilderinnen in den Einrichtungen<\/li>\n<li>30 Tage Urlaub und eine attraktive Ausbildungsverg\u00fctung nach Tarifvertrag TVA\u00f6D<\/li>\n<li>die M\u00f6glichkeit eines Gast- bzw. Auslandspraktikums<\/li>\n<li>vorerst \u00dcbernahme f\u00fcr ein halbes Jahr nach erfolgreicher Ausbildung, sowie dann ggf. die Pr\u00fcfung von Einsatzm\u00f6glichkeiten innerhalb von JenaKultur und der Stadt Jena<\/li>\n<li>und mehr<\/li>\n<\/ul>\n<h3><br>Wie kann ich mich bewerben?<\/h3>\n<ul>\n<li>bis 23.03.2023<\/li>\n<li>bevorzugt <a href=\"https:\/\/www.jenakultur.de\/de\/wir_ueber_uns\/karriere\/ausbildung\/636443\" target=\"_blank\" rel=\"noopener\">online<\/a><\/li>\n<li>alternativ per E-Mail an <a href=\"mailto:jenakultur-bewerbungen@jena.de\" target=\"_blank\" rel=\"noopener\">jenakultur-bewerbungen@jena.de<\/a> oder auf klassischem Weg per Post<\/li>\n<\/ul>\n<h3><br>Was wird von mir erwartet?<\/h3>\n<ul>\n<li>ein guter Realschulabschluss<\/li>\n<li>die Bereitschaft f\u00fcr Schicht-, Abend- und Wochenenddienst<\/li>\n<li>gute Englischkenntnisse (f\u00fcr Veranstaltungskaufleute)<\/li>\n<li>freundliches Auftreten, Teamf\u00e4higkeit und Kommunikationsfreude<\/li>\n<\/ul>\n\n\n\n<p>Viele unsere Auszubildenden in ganz verschiedenen Richtungen sind inzwischen ein fester Teil unseres Teams und tragen mit ihrer t\u00e4glichen Arbeit zur Zufriedenheit unserer G\u00e4ste bei. Wir freuen uns auf viele weitere Projekte und Veranstaltungen und sind gespannt, wer uns ab September tatkr\u00e4ftig dabei unterst\u00fctzen und vor allem jede Menge lernen wird!<\/p>\n\n\n\n<p><code class=\"rl-shortcode\" data-number=\"0\"><div class=\"rl-gallery-container rl-loading\" id=\"rl-gallery-container-1\" data-gallery_id=\"8216\"> <div class=\"rl-gallery rl-basicmasonry-gallery rl-hover-effect-3 rl-hover-icon-2\" id=\"rl-gallery-1\" data-gallery_no=\"1\"> <div class=\"rl-gutter-sizer\"><\/div><div class=\"rl-grid-sizer\"><\/div> <div class=\"rl-gallery-item rl-gallery-item-width-4\" > <div class=\"rl-gallery-item-content\"> <a href=\"https:\/\/blog.jena.de\/jenakultur\/wp-content\/uploads\/sites\/25\/2023\/02\/jenakultur-afuhlbrueggejenakultur-cworsch.jpg\" title=\"\u00a9JenaKultur, C. Worsch\" data-rl_title=\"\u00a9JenaKultur, C. Worsch\" class=\"rl-gallery-link\" data-rl_caption=\"\" data-rel=\"lightbox-gallery-1\"><img loading=\"lazy\" decoding=\"async\" src=\"https:\/\/blog.jena.de\/jenakultur\/wp-content\/uploads\/sites\/25\/2023\/02\/jenakultur-afuhlbrueggejenakultur-cworsch-500x263.jpg\" width=\"500\" height=\"263\" alt=\"Anna Fuhlbr\u00fcgge, ehemalige Auszubildende zur Veranstaltungskauffrau und heute bei JenaKultur zust\u00e4ndig f\u00fcr die Kulturarena, Dein Tag im Paradies, die Lange Nacht der Wissenschaften und viele weitere Projekte\" \/><span class=\"rl-gallery-caption\"><span class=\"rl-gallery-item-title\">Anna Fuhlbr\u00fcgge, ehemalige Auszubildende zur Veranstaltungskauffrau und heute bei JenaKultur zust\u00e4ndig f\u00fcr die Kulturarena, Dein Tag im Paradies, die Lange Nacht der Wissenschaften und viele weitere Projekte<\/span><span class=\"rl-gallery-item-caption\">\u00a9JenaKultur, C. Worsch<\/span><\/span><\/a> <\/div> <\/div> <div class=\"rl-gallery-item\" > <div class=\"rl-gallery-item-content\"> <a href=\"https:\/\/blog.jena.de\/jenakultur\/wp-content\/uploads\/sites\/25\/2023\/02\/jenakultur-sgehaufjenakultur-cworsch.jpg\" title=\"\u00a9JenaKultur, C. Worsch\" data-rl_title=\"\u00a9JenaKultur, C. Worsch\" class=\"rl-gallery-link\" data-rl_caption=\"\" data-rel=\"lightbox-gallery-1\"><img loading=\"lazy\" decoding=\"async\" src=\"https:\/\/blog.jena.de\/jenakultur\/wp-content\/uploads\/sites\/25\/2023\/02\/jenakultur-sgehaufjenakultur-cworsch-500x263.jpg\" width=\"500\" height=\"263\" alt=\"Sarah Gehauf, ehemalige Auszubildende zur Veranstaltungskauffrau und heute Leiterin des Teams Veranstaltungsr\u00e4ume bei JenaKultur\" \/><span class=\"rl-gallery-caption\"><span class=\"rl-gallery-item-title\">Sarah Gehauf, ehemalige Auszubildende zur Veranstaltungskauffrau und heute Leiterin des Teams Veranstaltungsr\u00e4ume bei JenaKultur<\/span><span class=\"rl-gallery-item-caption\">\u00a9JenaKultur, C. Worsch<\/span><\/span><\/a> <\/div> <\/div> <div class=\"rl-gallery-item\" > <div class=\"rl-gallery-item-content\"> <a href=\"https:\/\/blog.jena.de\/jenakultur\/wp-content\/uploads\/sites\/25\/2023\/02\/jenakultur-eab-teamjenakultur.jpg\" title=\"\u00a9JenaKultur\" data-rl_title=\"\u00a9JenaKultur\" class=\"rl-gallery-link\" data-rl_caption=\"\" data-rel=\"lightbox-gallery-1\"><img loading=\"lazy\" decoding=\"async\" src=\"https:\/\/blog.jena.de\/jenakultur\/wp-content\/uploads\/sites\/25\/2023\/02\/jenakultur-eab-teamjenakultur-500x263.jpg\" width=\"500\" height=\"263\" alt=\"Arno Waedtleges, Jennifer Tews und Wiebke John, bei JenaKultur ausgebildet als Fachkr\u00e4fte f\u00fcr Medien- und Informationsdienste und inzwischen fester Bestandteil des Teams der Ernst-Abbe-B\u00fccherei Jena\" \/><span class=\"rl-gallery-caption\"><span class=\"rl-gallery-item-title\">Arno Waedtleges, Jennifer Tews und Wiebke John, bei JenaKultur ausgebildet als Fachkr\u00e4fte f\u00fcr Medien- und Informationsdienste und inzwischen fester Bestandteil des Teams der Ernst-Abbe-B\u00fccherei Jena<\/span><span class=\"rl-gallery-item-caption\">\u00a9JenaKultur<\/span><\/span><\/a> <\/div> <\/div> <div class=\"rl-gallery-item\" > <div class=\"rl-gallery-item-content\"> <a href=\"https:\/\/blog.jena.de\/jenakultur\/wp-content\/uploads\/sites\/25\/2023\/02\/jenakultur-berit-bodenmueller-rebecca-reliusjenakultur.jpg\" title=\"\u00a9JenaKultur\" data-rl_title=\"\u00a9JenaKultur\" class=\"rl-gallery-link\" data-rl_caption=\"\" data-rel=\"lightbox-gallery-1\"><img loading=\"lazy\" decoding=\"async\" src=\"https:\/\/blog.jena.de\/jenakultur\/wp-content\/uploads\/sites\/25\/2023\/02\/jenakultur-berit-bodenmueller-rebecca-reliusjenakultur-500x263.jpg\" width=\"500\" height=\"263\" alt=\"Berit Bodenm\u00fcller (links, im Team der Jena Tourist-Information) und Rebecca Relius (rechts, nach der Ausbildung als Elternzeitvertretung im Team Marketing eingesetzt und inzwischen Studentin in Merseburg), jeweils ausgebildet zur Kauffrau f\u00fcr Tourismus und Freizeit\" \/><span class=\"rl-gallery-caption\"><span class=\"rl-gallery-item-title\">Berit Bodenm\u00fcller (links, im Team der Jena Tourist-Information) und Rebecca Relius (rechts, nach der Ausbildung als Elternzeitvertretung im Team Marketing eingesetzt und inzwischen Studentin in Merseburg), jeweils ausgebildet zur Kauffrau f\u00fcr Tourismus und Freizeit<\/span><span class=\"rl-gallery-item-caption\">\u00a9JenaKultur<\/span><\/span><\/a> <\/div> <\/div> <div class=\"rl-gallery-item\" > <div class=\"rl-gallery-item-content\"> <a href=\"https:\/\/blog.jena.de\/jenakultur\/wp-content\/uploads\/sites\/25\/2023\/02\/jenakultur-sebastian-sonntag-justin-wehrjenakultur-cworsch.jpg\" title=\"\u00a9JenaKultur, C. Worsch\" data-rl_title=\"\u00a9JenaKultur, C. Worsch\" class=\"rl-gallery-link\" data-rl_caption=\"\" data-rel=\"lightbox-gallery-1\"><img loading=\"lazy\" decoding=\"async\" src=\"https:\/\/blog.jena.de\/jenakultur\/wp-content\/uploads\/sites\/25\/2023\/02\/jenakultur-sebastian-sonntag-justin-wehrjenakultur-cworsch-500x263.jpg\" width=\"500\" height=\"263\" alt=\"Sebastian Sonntag (links) und Justin Wehr, ehemalige Auszubildende zur Fachkraft f\u00fcr Veranstaltungstechnik und mittlerweile feste Unterst\u00fctzung f\u00fcr unsere Veranstaltungsh\u00e4user und -projekte\" \/><span class=\"rl-gallery-caption\"><span class=\"rl-gallery-item-title\">Sebastian Sonntag (links) und Justin Wehr, ehemalige Auszubildende zur Fachkraft f\u00fcr Veranstaltungstechnik und mittlerweile feste Unterst\u00fctzung f\u00fcr unsere Veranstaltungsh\u00e4user und -projekte<\/span><span class=\"rl-gallery-item-caption\">\u00a9JenaKultur, C. Worsch<\/span><\/span><\/a> <\/div> <\/div> <\/div> <\/div><\/code><\/p>\n\n\n\n<p><em>Und Sie, liebe Leser:innen? Haben Sie selbst eine Berufsausbildung absolviert, vielleicht sogar im kulturellen Bereich? Vielleicht kennen Sie jemanden, f\u00fcr den unser Ausbildungsangebot interessant sein k\u00f6nnte? Wir freuen uns \u00fcber zahlreiche Bewerbungen \u2013 also: Weitersagen!<\/em><\/p>\n","protected":false},"excerpt":{"rendered":"<p>Wer auf der Suche nach einer Ausbildung in der Kultur ist, ist bei JenaKultur genau richtig. Heute kommen zwei unserer (ehemaligen) Auszubildenden zu Wort und berichten, was sie an der Arbeit bei JenaKultur sch\u00e4tzen.<\/p>\n","protected":false},"author":22,"featured_media":8223,"comment_status":"open","ping_status":"closed","sticky":false,"template":"","format":"video","meta":{"footnotes":""},"categories":[1,9],"tags":[47,48,34,6,559,73,234],"class_list":["post-8218","post","type-post","status-publish","format-video","has-post-thumbnail","hentry","category-allgemein","category-jenakultur","tag-ausbildung","tag-auszubildende","tag-jena","tag-jenakultur","tag-karriere","tag-mitarbeiter","tag-veranstaltungen","post_format-post-format-video"],"_links":{"self":[{"href":"https:\/\/blog.jena.de\/jenakultur\/wp-json\/wp\/v2\/posts\/8218","targetHints":{"allow":["GET"]}}],"collection":[{"href":"https:\/\/blog.jena.de\/jenakultur\/wp-json\/wp\/v2\/posts"}],"about":[{"href":"https:\/\/blog.jena.de\/jenakultur\/wp-json\/wp\/v2\/types\/post"}],"author":[{"embeddable":true,"href":"https:\/\/blog.jena.de\/jenakultur\/wp-json\/wp\/v2\/users\/22"}],"replies":[{"embeddable":true,"href":"https:\/\/blog.jena.de\/jenakultur\/wp-json\/wp\/v2\/comments?post=8218"}],"version-history":[{"count":22,"href":"https:\/\/blog.jena.de\/jenakultur\/wp-json\/wp\/v2\/posts\/8218\/revisions"}],"predecessor-version":[{"id":8244,"href":"https:\/\/blog.jena.de\/jenakultur\/wp-json\/wp\/v2\/posts\/8218\/revisions\/8244"}],"wp:featuredmedia":[{"embeddable":true,"href":"https:\/\/blog.jena.de\/jenakultur\/wp-json\/wp\/v2\/media\/8223"}],"wp:attachment":[{"href":"https:\/\/blog.jena.de\/jenakultur\/wp-json\/wp\/v2\/media?parent=8218"}],"wp:term":[{"taxonomy":"category","embeddable":true,"href":"https:\/\/blog.jena.de\/jenakultur\/wp-json\/wp\/v2\/categories?post=8218"},{"taxonomy":"post_tag","embeddable":true,"href":"https:\/\/blog.jena.de\/jenakultur\/wp-json\/wp\/v2\/tags?post=8218"}],"curies":[{"name":"wp","href":"https:\/\/api.w.org\/{rel}","templated":true}]}}