{"id":8081,"date":"2023-02-03T07:20:00","date_gmt":"2023-02-03T06:20:00","guid":{"rendered":"https:\/\/blog.jena.de\/jenakultur\/?p=8081"},"modified":"2023-02-02T17:24:54","modified_gmt":"2023-02-02T16:24:54","slug":"winterferien-bei-jenakultur","status":"publish","type":"post","link":"https:\/\/blog.jena.de\/jenakultur\/2023\/02\/03\/winterferien-bei-jenakultur\/","title":{"rendered":"Winterferien bei JenaKultur"},"content":{"rendered":"\n<div class=\"padding-infotext\">\n<p>Vom 13. bis 17. Februar 2023 sind in Th\u00fcringen Winterferien und sicher \u00fcberlegen auch Sie schon, was Sie mit Ihren Kindern unternehmen k\u00f6nnen. Die JenaKultur-Einrichtungen haben sich ein buntes Angebot \u00fcberlegt, da ist f\u00fcr alle etwas dabei \u2013 Kreative, Wissbegierige, Musikfans&#8230;<\/p>\n<p>Wir w\u00fcnschen allen Familien in Jena und Th\u00fcringen sch\u00f6ne und erlebnisreiche Ferien!<\/p>\n<p>&nbsp;<\/p>\n<\/div>\n\n\n\n<h2 class=\"wp-block-heading\" style=\"text-transform:uppercase\">Ernst-Abbe-B\u00fccherei Jena<\/h2>\n\n\n\n<h3>Buchkino mit &#8222;R\u00e4uber Hotzenplotz und die Mondrakete&#8220;<\/h3>\n<p><em>Dienstag, 14.02. und Donnerstag, 16.02.2023, jeweils 10 Uhr | EAB Stadtmitte<\/em><br \/>\u00a0<br \/>Kinder ab 5 Jahren machen es sich gem\u00fctlich und lassen sich auf dem Smartboard die Geschichte vom R\u00e4uber Hotzenplotz und der Mondrakete zeigen!<\/p>\n<p>Weitere Infos: <a title=\"Zur EAB-Webseite\" href=\"https:\/\/www.stadtbibliothek-jena.de\/de\/aktuelles\/976703\" target=\"_blank\" rel=\"noopener\">www.stadtbibliothek-jena.de<\/a><\/p>\n<h3>FIRST LEGO League Explore<\/h3>\n<p><em>Montag, 13.02. bis Freitag, 17.02.2023, jeweils 10 \u2013 13 Uhr | EAB Stadtmitte<\/em><\/p>\n<p>Gemeinsam mit WITELO e. V. k\u00f6nnen Kinder ab 7 Jahren an LEGO-Projekten basteln und dabei spielerisch programmieren lernen.<br \/><b>Das Angebot ist leider bereits ausgebucht!<br \/><\/b>Aber die Ernst-Abbe-B\u00fccherei Jena bietet noch weitere tolle, regelm\u00e4\u00dfige Veranstaltungen an, wie den <b>MINTwoch<\/b>, <b>Schach-Mates<\/b>, &#8222;<b>Game it!&#8220;<\/b> oder den <b>T\u00fcftelsamstag<\/b>. Alle Infos dazu gibt es <a title=\"Veranstaltungen der EAB\" href=\"https:\/\/www.stadtbibliothek-jena.de\/de\/veranstaltungen\/700656\" target=\"_blank\" rel=\"noopener\">hier<\/a>.<\/p>\n\n\n\n<h2 class=\"wp-block-heading\" style=\"text-transform:uppercase\">Kunstsammlung Jena<\/h2>\n\n\n\n<h3>DJ-Workshop<\/h3>\n<p><b>Workshop: 33\/45rpm. Das klassische Handwerk des Schallplattenunterhalters<\/b><\/p>\n<p><em>Dienstag, 14.02.2023 bzw. Mittwoch, 15.02.2023, jeweils 10 \u2013 16 Uhr (mit Pause 12 \u2013 13 Uhr)<\/em><\/p>\n<p>Mit dem Dozenten S\u00f6hnke Sofar erhalten die Teilnehmenden einen Einblick in die Welt des Plattenauflegens: Vom Verkabeln und dem technischen Verstehen, \u00fcber das Bedienen von Mixer und Plattenspieler, bis hin zur Auswahl der richtigen Platten. Nicht fehlen darf dabei das aktive Mitmachen an den Plattentellern, wenn es darum geht, Stimmungen wahrzunehmen, den Takt zu erkennen, Geschwindigkeiten anzugleichen sowie den passenden Mix im klassischen 2-Plattenspieler-1-Mixer Setup zu finden.<br \/>Ab 10 Jahren \/\/ 5 Teilnehmer<\/p>\n<p>Anmeldung unter Angebe des gew\u00fcnschten Workshop-Tages bitte unter: +49 3641 49-8250 oder <a title=\"bildung-kunstsammlung@jena.de\" href=\"mailto:bildung-kunstsammlung@jena.de\">bildung-kunstsammlung@jena.de<\/a><\/p>\n<p>Weitere Infos: <a title=\"Zur Webseite\" href=\"https:\/\/www.kunstsammlung-jena.de\/de\/startseite\/678376\" target=\"_blank\" rel=\"noopener\">www.kunstsammlung-jena.de<\/a><\/p>\n<h3>Familiensonntag<\/h3>\n<p><b>Style your Vinyl<\/b><\/p>\n<p><em>Sonntag, 19.02.2023, 14 \u2013 16 Uhr<\/em><\/p>\n<p>Kinder gestalten ihr eigenes Plattencover zu ihrer Lieblingsmusik!<br \/>Mit dem Dozenten Alexander Neugebauer erschaffen sie ein Plattencover zu ihrer Musik. In einem kurzen Rundgang durch die Ausstellung &#8222;Vinyl-Ikonen&#8220; werden Schallplattencover der letzten 60 Jahre erkundet. Anschlie\u00dfend wird der Fantasie mit Tusche, Buntstift, Acrylstiften und Buntpapier auf leeren Plattenh\u00fcllen freien Lauf gelassen!<\/p>\n<p>Weitere Infos: <a title=\"Zur Webseite\" href=\"https:\/\/www.kunstsammlung-jena.de\/de\/veranstaltungen\/973946?template_id=6068\" target=\"_blank\" rel=\"noopener\">www.kunstsammlung-jena.de<\/a><\/p>\n\n\n\n<figure class=\"wp-block-image size-large\"><img loading=\"lazy\" decoding=\"async\" width=\"1000\" height=\"525\" src=\"https:\/\/blog.jena.de\/jenakultur\/wp-content\/uploads\/sites\/25\/2023\/02\/jenakultur-adam-eva-winter-1000x525.png\" alt=\"Paradiesv\u00f6gel Adam und Eva spielen im Schnee\" class=\"wp-image-8094\" srcset=\"https:\/\/blog.jena.de\/jenakultur\/wp-content\/uploads\/sites\/25\/2023\/02\/jenakultur-adam-eva-winter-1000x525.png 1000w, https:\/\/blog.jena.de\/jenakultur\/wp-content\/uploads\/sites\/25\/2023\/02\/jenakultur-adam-eva-winter-500x263.png 500w, https:\/\/blog.jena.de\/jenakultur\/wp-content\/uploads\/sites\/25\/2023\/02\/jenakultur-adam-eva-winter-768x403.png 768w, https:\/\/blog.jena.de\/jenakultur\/wp-content\/uploads\/sites\/25\/2023\/02\/jenakultur-adam-eva-winter.png 1200w\" sizes=\"auto, (max-width: 1000px) 100vw, 1000px\" \/><figcaption class=\"wp-element-caption\">\u00a9JenaKultur, Gottweiss Kommunikation<\/figcaption><\/figure>\n\n\n\n<h2 class=\"wp-block-heading\" style=\"text-transform:uppercase\">Musik- und Kunstschule Jena<\/h2>\n\n\n\n<h3>Einf\u00fchrungskurs Aquarellmalerei<\/h3>\n<p><em>Montag, 13.02. bis Freitag, 17.02.2023, jeweils 10 \u2013 13 Uhr<\/em><\/p>\n<p>In diesem Kurs k\u00f6nnen Kinder und Jugendliche ab 8 Jahren an der Musik- und Kunstschule Jena Grundtechniken der Aquarellmalerei lernen und \u00fcben. Es erwarten sie jede Menge spielerische Experimente mit Farbe und Wasser und hoffentlich viele Inspirationen zum Weitermalen zu Hause.<\/p>\n<p>Weitere Infos: <a title=\"Zur Webseite mit Ferienangeboten\" href=\"https:\/\/www.mks-jena.de\/de\/angebote\/ferienkurse\/585734\" target=\"_blank\" rel=\"noopener\">www.mks-jena.de<\/a><\/p>\n\n\n\n<h2 class=\"wp-block-heading\" style=\"text-transform:uppercase\">Stadtmuseum Jena<\/h2>\n\n\n\n<h3>Als die Sieben Wunder vom Himmel fielen\u2026<\/h3>\n<p><em>Donnerstag, 16.02.2023, 15 \u2013 16:30 Uhr<\/em><\/p>\n<p><b>Feriennachmittag<\/b> zu den Sieben Wundern Jenas mit Kreativwerkstatt f\u00fcr maximal 15 Kinder ab 6 Jahren. Gemeinsam machen sie sich auf die Spur der Geheimnisse der Sieben Wunder Jenas. Was waren die Sieben Wunder noch mal und was macht(e) sie zu Wundern?<\/p>\n<p>Weitere Infos: <a title=\"Zur Webseite\" href=\"https:\/\/www.stadtmuseum-jena.de\/de\/veranstaltungen\/977181?template_id=6059\" target=\"_blank\" rel=\"noopener\">www.stadtmuseum-jena.de<\/a><\/p>\n\n\n\n<h2 class=\"has-white-background-color has-background wp-block-heading\" style=\"text-transform:uppercase\">Und sonst so?<\/h2>\n\n\n\n<h3>Post von den JenaParadiesv\u00f6geln<\/h3>\n<p>Auch au\u00dferhalb der Ferien haben wir nat\u00fcrlich viele sch\u00f6ne Veranstaltungen f\u00fcr Kinder und Familien in petto! Wenn Sie kulturbegeisterte Kids daheim haben, legen wir Ihnen den kostenfreien <a title=\"Zur Webseite\" href=\"https:\/\/www.jenakultur.de\/de\/626312\">JenaKultur-Kindernewsletter<\/a> unserer Paradiesv\u00f6gel Adam &amp; Eva ans Herz: Viermal j\u00e4hrlich erhalten angemeldete Kinder einen richtigen Brief mit vielen kulturellen Tipps und einer kleinen \u00dcberraschung in den Briefkasten. <br>Schicken Sie uns einfach das ausgef\u00fcllte <a title=\"PDF \u00f6ffnen\" href=\"https:\/\/www.jenakultur.de\/fm\/2316\/Anmeldung_Kindernewsletter.pdf\" target=\"_blank\" rel=\"noopener\">Anmeldeformular<\/a> zu und der n\u00e4chste Newsletter flattert in wenigen Wochen auch zu Ihnen nach Hause!<\/p>\n<h3>Veranstaltungen in Jena und Umgebung<\/h3>\n<p>Viele weitere Angebote finden Sie im <a title=\"Zur Webseite\" href=\"https:\/\/www.jena-veranstaltungen.de\/\" target=\"_blank\" rel=\"noopener\">Veranstaltungskalender Jena<\/a> \u2013 klicken Sie doch mal durch die Angebote f\u00fcr <a title=\"Zur Webseite\" href=\"https:\/\/www.jena-veranstaltungen.de\/veranstaltungen\/kinder-familien\" target=\"_blank\" rel=\"noopener\">Kinder und Familien<\/a>!<\/p>\n","protected":false},"excerpt":{"rendered":"<p>Vom 13. bis 17. Februar 2023 sind in Th\u00fcringen Winterferien und sicher \u00fcberlegen auch Sie schon, was Sie mit Ihren Kindern unternehmen k\u00f6nnen.&hellip;<\/p>\n","protected":false},"author":22,"featured_media":8091,"comment_status":"open","ping_status":"closed","sticky":false,"template":"","format":"standard","meta":{"footnotes":""},"categories":[1,12,9,706,18,20,24,22],"tags":[856,934,348,933],"class_list":["post-8081","post","type-post","status-publish","format-standard","has-post-thumbnail","hentry","category-allgemein","category-eab","category-jenakultur","category-kultur-in-jena","category-kunstsammlung","category-mks","category-staedtische-museen","category-stadtmuseum","tag-ferien","tag-kultur-fuer-kinder","tag-kultur-in-jena","tag-winterferien"],"_links":{"self":[{"href":"https:\/\/blog.jena.de\/jenakultur\/wp-json\/wp\/v2\/posts\/8081","targetHints":{"allow":["GET"]}}],"collection":[{"href":"https:\/\/blog.jena.de\/jenakultur\/wp-json\/wp\/v2\/posts"}],"about":[{"href":"https:\/\/blog.jena.de\/jenakultur\/wp-json\/wp\/v2\/types\/post"}],"author":[{"embeddable":true,"href":"https:\/\/blog.jena.de\/jenakultur\/wp-json\/wp\/v2\/users\/22"}],"replies":[{"embeddable":true,"href":"https:\/\/blog.jena.de\/jenakultur\/wp-json\/wp\/v2\/comments?post=8081"}],"version-history":[{"count":12,"href":"https:\/\/blog.jena.de\/jenakultur\/wp-json\/wp\/v2\/posts\/8081\/revisions"}],"predecessor-version":[{"id":8103,"href":"https:\/\/blog.jena.de\/jenakultur\/wp-json\/wp\/v2\/posts\/8081\/revisions\/8103"}],"wp:featuredmedia":[{"embeddable":true,"href":"https:\/\/blog.jena.de\/jenakultur\/wp-json\/wp\/v2\/media\/8091"}],"wp:attachment":[{"href":"https:\/\/blog.jena.de\/jenakultur\/wp-json\/wp\/v2\/media?parent=8081"}],"wp:term":[{"taxonomy":"category","embeddable":true,"href":"https:\/\/blog.jena.de\/jenakultur\/wp-json\/wp\/v2\/categories?post=8081"},{"taxonomy":"post_tag","embeddable":true,"href":"https:\/\/blog.jena.de\/jenakultur\/wp-json\/wp\/v2\/tags?post=8081"}],"curies":[{"name":"wp","href":"https:\/\/api.w.org\/{rel}","templated":true}]}}