{"id":7915,"date":"2022-12-30T07:30:00","date_gmt":"2022-12-30T06:30:00","guid":{"rendered":"https:\/\/blog.jena.de\/jenakultur\/?p=7915"},"modified":"2022-12-23T07:39:04","modified_gmt":"2022-12-23T06:39:04","slug":"nach-dem-seitenklang-heisst-vor-dem-seitenklang","status":"publish","type":"post","link":"https:\/\/blog.jena.de\/jenakultur\/2022\/12\/30\/nach-dem-seitenklang-heisst-vor-dem-seitenklang\/","title":{"rendered":"Nach dem SeitenKlang hei\u00dft vor dem SeitenKlang\u2026"},"content":{"rendered":"\n<h3>Kennen Sie schon das Magazin der Musiker:innen der Jenaer Philharmonie?<\/h3>\n\n\n\n<p><em>Der Beginn eines neuen Jahres markiert auch immer eine Zeit guter Vors\u00e4tze und neuer Vorhaben. Wir m\u00f6chten 2023 gern unsere gr\u00f6\u00dfte Einrichtung \u2013 die <a href=\"https:\/\/www.jenaer-philharmonie.de\/\" target=\"_blank\" rel=\"noopener\">Jenaer Philharmonie<\/a> \u2013 \u00f6fter in unserem Blog thematisieren. So ein Orchester ist ein ganz besonderer Organismus, und von Vielem, was da so hinter den Kulissen passiert, hat man als Laie nur sehr nebul\u00f6se Vorstellungen, obwohl es hochspannend ist.<\/em><\/p>\n<p><em>Nun gibt es seit bereits sechs Jahren eine Zeitschrift f\u00fcr Konzertbesucher:innen und Interessierte, die die Arbeit des Klangk\u00f6rpers auf eine charmante Weise begleitet. Das Besondere: Sie ist 2016 aus dem Orchester heraus entstanden, war also eine Initiative der Musiker:innen selbst. Sie erscheint quartalsweise und tr\u00e4gt den bedeutungsvollen Titel <strong>SeitenKlang<\/strong>.<\/em><\/p>\n<p><em>Vor allem ein Name verkn\u00fcpft sich mit dem Magazin: Monika Steinh\u00f6fel. Die Bratschistin hatte die Idee zum SeitenKlang. Sie fand im Orchester Gleichgesinnte und bildet mit ihnen \u2013 Christiane Backhaus, Katharina Georgiev, Christoph Staemmler \u2013 das ehrenamtliche Redaktionskollegium. Auf unsere Anfrage hin zu Entstehen, Zweck und Inhalt der Zeitschrift hat sie uns folgendes geantwortet:<\/em><\/p>\n\n\n\n<p>&#8222;Der SeitenKlang wurde nach unserem Armenien-Gastspiel ins Leben gerufen. Wir wollten unseren Jenaer Mitmenschen von dieser au\u00dfergew\u00f6hnlichen Reise ausf\u00fchrlich berichten. Nach einem gro\u00dfen Echo darauf entstand Lust auf mehr, denn viele Aktivit\u00e4ten unseres Orchesters sind au\u00dferhalb der B\u00fchne kaum sichtbar. Die Jenaer Philharmonie bietet viel mehr als ihre hochkar\u00e4tigen Sinfoniekonzerte!<\/p>\n\n\n\n<p>Die Publikation entwickelte sich zu einem viertelj\u00e4hrlich erscheinenden Magazin, das von allen nicht auf der Konzertb\u00fchne im Volkshaus h\u00f6r- und sichtbaren Ereignissen erz\u00e4hlt.<\/p>\n\n\n\n<p>So nehmen wir unsere Leserschaft mit auf Reisen, zu unserer Arbeit mit Kindern und Jugendlichen, in die von uns begleiteten Dirigierkurse etc. Wir stellen neue Kolleg:innen vor und verabschieden unsere Senior:innen. Spannend sind die Interviews mit verschiedenen Musiker:innen, mit denen wir zusammenarbeiten. Sowohl welt- und lokalpolitische Entscheidungen als auch die baulichen Entwicklungen im Volkshaus mit ihren Folgen f\u00fcrs Orchesterleben werden betrachtet.<\/p>\n\n\n\n<p>W\u00e4hrend der Pandemie konnte das Magazin eine sehr pers\u00f6nliche und musikalische Br\u00fccke zum Publikum bauen und den Kontakt zu den Abonnent:innen aufrecht halten.<\/p>\n\n\n\n<p>Eine Spezialit\u00e4t am Rande ist das SeitenKlang-R\u00e4tsel, die Gewinner:innen k\u00f6nnen sich an einer breiten Palette von Preisen freuen, die von \u201aPrivatkonzerten\u2018 bis zu CDs und Konzertkarten reichen.<\/p>\n\n\n\n<p>Die Themen gehen nie aus\u2026<\/p>\n\n\n\n<p>Alle Arbeit am SeitenKlang findet ehrenamtlich statt \u2013 vom Zusammenstellen des Inhalts, dem begleitenden Fotografieren samt Bildbearbeitung, \u00fcber das Layout bis zur Verteilung ans Publikum \u2013 und liegt vollverantwortlich in unseren H\u00e4nden. Viele Jenaer Philharmoniker:innen beteiligen sich daran.<\/p>\n\n\n\n<p>Feste Erscheinungstermine gibt es nicht, wir schauen immer, dass das jeweils neue Heft im Vierteljahresrhythmus zu einem gro\u00dfen Sinfoniekonzert in Jena herauskommt.<\/p>\n\n\n\n<p>Zur Korrespondenz mit den Lesern unterhalten wir eine eigene E-Mail-Adresse, <a href=\"mailto:seitenklang@mail.de\" target=\"_blank\" rel=\"noreferrer noopener\">seitenklang@mail.<\/a><a href=\"mailto:seitenklang@mail.de\">de<\/a>, jede E-Mail wird garantiert von uns Musiker:innen pers\u00f6nlich beantwortet.<\/p>\n\n\n\n<p>F\u00fcr unsere Arbeit hegen wir derzeit einen Wunsch: einen orchestereigenen Fotoapparat. Damit wollen wir zum einen Bilder in bester Qualit\u00e4t liefern k\u00f6nnen und alle Fotograf:innen aus den Orchesterreihen davon entbinden, ihre eigene meist sehr teure und hochwertige Ausr\u00fcstung auf unsere Orchesterunternehmungen mitnehmen zu m\u00fcssen. Wir freuen uns \u00fcber jedes weitere Sponsoring, denn davon finanziert sich nicht nur der Druck des SeitenKlangs, sondern eben auch solche Arbeitsmittel.\u201c<\/p>\n\n\n\n<p><em>Im Download finden Sie nun erstmalig in unserem Blog die aktuelle Ausgabe des SeitenKlangs. Alle vorangegangenen sind auf der <a rel=\"noreferrer noopener\" href=\"https:\/\/www.jenaer-philharmonie.de\/magazin-seitenklang.html\" target=\"_blank\">Webseite der Jenaer Philharmonie<\/a> zu finden. Vielleicht inspiriert Sie die Lekt\u00fcre ja, im neuen Jahr mal wieder in ein klassisches Konzert im <a rel=\"noreferrer noopener\" href=\"https:\/\/www.volkshaus-jena.de\/de\/startseite\/694140\" target=\"_blank\">Volkshaus Jena<\/a> zu gehen? Gleich \u00fcbermorgen findet das beliebte <a rel=\"noreferrer noopener\" href=\"https:\/\/www.jenaer-philharmonie.de\/konzert\/neujahrskonzert-3.html\" target=\"_blank\">Neujahrskonzert<\/a> statt, und es folgen in den n\u00e4chsten Wochen zahlreiche interessante Projekte.<\/em><\/p>\n\n\n\n<p><em>Auf jeden Fall w\u00fcnschen wir Ihnen allen einen guten Start ins neue Jahr mit vielen musikalischen (Wieder-)Entdeckungen im JenaKulturParadies. Bleiben Sie gesund und zuversichtlich. Wir freuen uns auf ein Wiedersehen!<\/em><\/p>\n\n\n\n<p>Den aktuellen SeitenKlang als Download und zum Durchbl\u00e4ttern finden Sie hier:<\/p>\n\n\n\n<div class=\"wp-block-file aligncenter\"><a id=\"wp-block-file--media-6da57d12-47c2-4cc7-ae46-cf40b04a43f1\" href=\"https:\/\/blog.jena.de\/jenakultur\/wp-content\/uploads\/sites\/25\/2022\/12\/jenakultur-strongnach-dem-seitenklang-heisst-vor-dem-seitenklangstrong-seitenklang-26-mailversion.pdf\">SEITENKLANG 26 Mailversion<\/a><a href=\"https:\/\/blog.jena.de\/jenakultur\/wp-content\/uploads\/sites\/25\/2022\/12\/jenakultur-strongnach-dem-seitenklang-heisst-vor-dem-seitenklangstrong-seitenklang-26-mailversion.pdf\" class=\"wp-block-file__button wp-element-button\" download aria-describedby=\"wp-block-file--media-6da57d12-47c2-4cc7-ae46-cf40b04a43f1\">Herunterladen<\/a><\/div>\n\n\n\n<figure class=\"wp-block-embed is-type-rich is-provider-issuu wp-block-embed-issuu\"><div class=\"wp-block-embed__wrapper\">\n<div data-url=\"https:\/\/issuu.com\/jenakultur\/docs\/seitenklang_26_mailversion_cfff1933c546d0\" style=\"width: 900px; height: 637px;\" class=\"issuuembed\"><\/div><script type=\"text\/javascript\" src=\"\/\/e.issuu.com\/embed.js\" async=\"true\"><\/script>\n<\/div><\/figure>\n","protected":false},"excerpt":{"rendered":"<p>Kennen Sie schon das Magazin der Jenaer Philharmonie &#8222;SeitenKlang&#8220;? Es erscheint seit mehr als sechs Jahren. Das Besondere: Musiker:innen berichten \u00fcber all das, was den sensiblen Organismus Orchester ausmacht und umtreibt. <\/p>\n","protected":false},"author":22,"featured_media":7959,"comment_status":"open","ping_status":"closed","sticky":false,"template":"","format":"standard","meta":{"footnotes":""},"categories":[1,13,9,706],"tags":[124,927,926,928,811],"class_list":["post-7915","post","type-post","status-publish","format-standard","has-post-thumbnail","hentry","category-allgemein","category-jenaer-philharmonie","category-jenakultur","category-kultur-in-jena","tag-jenaer-philharmonie","tag-magazin-der-jenaer-philharmonie","tag-magazin-seitenklang","tag-monika-steinhoefel","tag-seitenklang"],"_links":{"self":[{"href":"https:\/\/blog.jena.de\/jenakultur\/wp-json\/wp\/v2\/posts\/7915","targetHints":{"allow":["GET"]}}],"collection":[{"href":"https:\/\/blog.jena.de\/jenakultur\/wp-json\/wp\/v2\/posts"}],"about":[{"href":"https:\/\/blog.jena.de\/jenakultur\/wp-json\/wp\/v2\/types\/post"}],"author":[{"embeddable":true,"href":"https:\/\/blog.jena.de\/jenakultur\/wp-json\/wp\/v2\/users\/22"}],"replies":[{"embeddable":true,"href":"https:\/\/blog.jena.de\/jenakultur\/wp-json\/wp\/v2\/comments?post=7915"}],"version-history":[{"count":31,"href":"https:\/\/blog.jena.de\/jenakultur\/wp-json\/wp\/v2\/posts\/7915\/revisions"}],"predecessor-version":[{"id":7991,"href":"https:\/\/blog.jena.de\/jenakultur\/wp-json\/wp\/v2\/posts\/7915\/revisions\/7991"}],"wp:featuredmedia":[{"embeddable":true,"href":"https:\/\/blog.jena.de\/jenakultur\/wp-json\/wp\/v2\/media\/7959"}],"wp:attachment":[{"href":"https:\/\/blog.jena.de\/jenakultur\/wp-json\/wp\/v2\/media?parent=7915"}],"wp:term":[{"taxonomy":"category","embeddable":true,"href":"https:\/\/blog.jena.de\/jenakultur\/wp-json\/wp\/v2\/categories?post=7915"},{"taxonomy":"post_tag","embeddable":true,"href":"https:\/\/blog.jena.de\/jenakultur\/wp-json\/wp\/v2\/tags?post=7915"}],"curies":[{"name":"wp","href":"https:\/\/api.w.org\/{rel}","templated":true}]}}