{"id":7864,"date":"2022-12-23T07:30:00","date_gmt":"2022-12-23T06:30:00","guid":{"rendered":"https:\/\/blog.jena.de\/jenakultur\/?p=7864"},"modified":"2022-12-23T07:42:01","modified_gmt":"2022-12-23T06:42:01","slug":"neustart-ins-jenakulturparadies","status":"publish","type":"post","link":"https:\/\/blog.jena.de\/jenakultur\/2022\/12\/23\/neustart-ins-jenakulturparadies\/","title":{"rendered":"Neustart ins JenaKulturParadies."},"content":{"rendered":"\n<p>Liebe JenaKulturParadiesFreund:innen,<\/p>\n<p>und wieder hoffen wir, dass das neue mal wieder &#8222;einfach&#8220; ein ganz normales Jahr wird. Ohne Pandemie! Ohne Krieg! Ohne Krisen!<\/p>\n<p>Und wieder sind wir auch stolz darauf, dass wir 2022 so gut gemeistert haben. Trotz Pandemie. Trotz Krieg. Trotz Krisen.<\/p>\n<p>Besucher:innen, Nutzer:innen, Kund:innen, K\u00fcnstler:innen und G\u00e4ste kommen langsam zu unseren Angeboten zur\u00fcck. Das freut uns riesig. Dinge haben ein gutes Ende gefunden, allen voran die Neuprofilierung des <a href=\"https:\/\/www.volkshaus-jena.de\/de\/startseite\/694140\" target=\"_blank\" rel=\"noopener\">Volkshauses<\/a> zum modernen Kultur- und Kongresszentrum mit altehrw\u00fcrdigem Charme. Wir konnten neben dem Tagesgesch\u00e4ft zahlreiche Veranstaltungsh\u00f6hepunkte bieten: die <a href=\"https:\/\/www.kulturarena.de\/30-jahre-kulturarena.html\" target=\"_blank\" rel=\"noopener\">Jubil\u00e4umskulturarena<\/a>, <a href=\"https:\/\/www.jenakultur.de\/de\/projekte_und_festivals\/lange_nacht_der_museen\/605550\" target=\"_blank\" rel=\"noopener\">Lange N\u00e4chte der Museen<\/a> und der <a href=\"https:\/\/www.lndw-jena.de\/\" target=\"_blank\" rel=\"noopener\">Wissenschaften<\/a>, <a href=\"https:\/\/www.jenakultur.de\/de\/projekte_und_festivals\/lesemarathon\/605551\" target=\"_blank\" rel=\"noopener\">Lesemarathon<\/a>, <a href=\"https:\/\/www.jenakultur.de\/de\/maerkte_und_stadtfeste\/605333\" target=\"_blank\" rel=\"noopener\">M\u00e4rkte und Stadtfeste<\/a>, Konzerte, Ausstellungen, Kurse und Weiterbildungen\u2026 Vieles Gute ist au\u00dferdem auf dem Weg.<\/p>\n<p>So geht der Blick nach vorn. Wir freuen uns ganz besonders auf die Er\u00f6ffnung der neuen Bibliothek am Engelplatz im Herbst. Dazwischen locken viele kleinere und gr\u00f6\u00dfere Highlights, von denen wir am Beginn des neuen Jahres einen ersten Eindruck zum Vormerken vermitteln wollen.<\/p>\n<p>Wir w\u00fcnschen \u2013 verbunden mit einem herzlichem Dankesch\u00f6n f\u00fcr Ihre konstruktive Begleitung unseres Eigenbetriebs und in der Hoffnung, dass Sie uns treu bleiben \u2013 ein sch\u00f6nes Weihnachtsfest und einen guten Start ins neue Jahr, das uns alle in ruhigeres Fahrwasser bringen m\u00f6ge.<\/p>\n<p>Im Namen aller Einrichtungen, Bereiche und der gesamten Belegschaft von <a href=\"https:\/\/www.jenakultur.de\/de\/startseite\/605322\" target=\"_blank\" rel=\"noopener\">JenaKultur<\/a><\/p>\n<p>Carsten M\u00fcller | Jana Gr\u00fcndig<br>Werkleitung<\/p>\n\n\n\n<div class=\"wp-block-cover\"><span aria-hidden=\"true\" class=\"wp-block-cover__background has-background-dim\"><\/span><img loading=\"lazy\" decoding=\"async\" width=\"1000\" height=\"525\" class=\"wp-block-cover__image-background wp-image-7867\" alt=\"\" src=\"https:\/\/blog.jena.de\/jenakultur\/wp-content\/uploads\/sites\/25\/2022\/12\/jenakultur-neustart-ins-jenakulturparadies-footer-weihnachtsgruessegottweissdesign-1000x525.jpg\" data-object-fit=\"cover\" srcset=\"https:\/\/blog.jena.de\/jenakultur\/wp-content\/uploads\/sites\/25\/2022\/12\/jenakultur-neustart-ins-jenakulturparadies-footer-weihnachtsgruessegottweissdesign-1000x525.jpg 1000w, https:\/\/blog.jena.de\/jenakultur\/wp-content\/uploads\/sites\/25\/2022\/12\/jenakultur-neustart-ins-jenakulturparadies-footer-weihnachtsgruessegottweissdesign-500x263.jpg 500w, https:\/\/blog.jena.de\/jenakultur\/wp-content\/uploads\/sites\/25\/2022\/12\/jenakultur-neustart-ins-jenakulturparadies-footer-weihnachtsgruessegottweissdesign-768x403.jpg 768w, https:\/\/blog.jena.de\/jenakultur\/wp-content\/uploads\/sites\/25\/2022\/12\/jenakultur-neustart-ins-jenakulturparadies-footer-weihnachtsgruessegottweissdesign.jpg 1200w\" sizes=\"auto, (max-width: 1000px) 100vw, 1000px\" \/><div class=\"wp-block-cover__inner-container is-layout-flow wp-block-cover-is-layout-flow\">\n<p><strong>JenaKultur. Ein Unternehmen der Lichtstadt Jena.<\/strong><br>Denkmale\/Kunst im \u00f6ffentlichen Raum | Ernst-Abbe-B\u00fccherei | Jenaer Philharmonie | Kulturarena | Kulturf\u00f6rderung | Kulturpreise und Stipendien | Kunstsammlung Jena | M\u00e4rkte und Stadtfeste | Musik- und Kunstschule Jena | Romantikerhaus | Stadtgeschichtsforschung | Stadtmuseum Jena | Stadtteilzentrum LISA | Tourismus-Convention | Villa Rosenthal | Volksbad Jena | Volkshaus Jena | Volkshochschule Jena |<em> www.jenakultur.de<\/em><\/p>\n<\/div><\/div>\n","protected":false},"excerpt":{"rendered":"<p>Wir w\u00fcnschen allen JenaKulturParadiesFreund:innen ein sch\u00f6nes Weihnachtsfest und einen guten Start ins neue Jahr. Gern sind wir wieder mit zahlreichen Angeboten f\u00fcr Sie dabei und hoffen sehr, dass Sie diese rege nutzen werden. <\/p>\n","protected":false},"author":22,"featured_media":7866,"comment_status":"open","ping_status":"closed","sticky":false,"template":"","format":"standard","meta":{"footnotes":""},"categories":[33,1,323,11,12,14,13,9,706,15,16,10,17,18,19,20,21,30,358,24,22,23,25,26,27,28,29],"tags":[924,34,416,923],"class_list":["post-7864","post","type-post","status-publish","format-standard","has-post-thumbnail","hentry","category-72-hua","category-allgemein","category-mice","category-denkmale","category-eab","category-jena-tourist-information","category-jenaer-philharmonie","category-jenakultur","category-kultur-in-jena","category-kulturarena","category-kulturfoerderung","category-kulturpolitik","category-kulturpreise-stipendien","category-kunstsammlung","category-maerkte-stadtfeste","category-mks","category-romantikerhaus","category-sonderprojekte","category-stadtgeschichtsforschung","category-staedtische-museen","category-stadtmuseum","category-stadtteilzentrum","category-tourismus","category-villa-rosenthal","category-volksbad","category-volkshaus","category-vhs","tag-frohes-fest","tag-jena","tag-weihnachten","tag-weihnachtsgruesse"],"_links":{"self":[{"href":"https:\/\/blog.jena.de\/jenakultur\/wp-json\/wp\/v2\/posts\/7864","targetHints":{"allow":["GET"]}}],"collection":[{"href":"https:\/\/blog.jena.de\/jenakultur\/wp-json\/wp\/v2\/posts"}],"about":[{"href":"https:\/\/blog.jena.de\/jenakultur\/wp-json\/wp\/v2\/types\/post"}],"author":[{"embeddable":true,"href":"https:\/\/blog.jena.de\/jenakultur\/wp-json\/wp\/v2\/users\/22"}],"replies":[{"embeddable":true,"href":"https:\/\/blog.jena.de\/jenakultur\/wp-json\/wp\/v2\/comments?post=7864"}],"version-history":[{"count":14,"href":"https:\/\/blog.jena.de\/jenakultur\/wp-json\/wp\/v2\/posts\/7864\/revisions"}],"predecessor-version":[{"id":7993,"href":"https:\/\/blog.jena.de\/jenakultur\/wp-json\/wp\/v2\/posts\/7864\/revisions\/7993"}],"wp:featuredmedia":[{"embeddable":true,"href":"https:\/\/blog.jena.de\/jenakultur\/wp-json\/wp\/v2\/media\/7866"}],"wp:attachment":[{"href":"https:\/\/blog.jena.de\/jenakultur\/wp-json\/wp\/v2\/media?parent=7864"}],"wp:term":[{"taxonomy":"category","embeddable":true,"href":"https:\/\/blog.jena.de\/jenakultur\/wp-json\/wp\/v2\/categories?post=7864"},{"taxonomy":"post_tag","embeddable":true,"href":"https:\/\/blog.jena.de\/jenakultur\/wp-json\/wp\/v2\/tags?post=7864"}],"curies":[{"name":"wp","href":"https:\/\/api.w.org\/{rel}","templated":true}]}}