{"id":7731,"date":"2022-11-11T07:22:00","date_gmt":"2022-11-11T06:22:00","guid":{"rendered":"https:\/\/blog.jena.de\/jenakultur\/?p=7731"},"modified":"2022-11-07T12:42:13","modified_gmt":"2022-11-07T11:42:13","slug":"technikbildung-in-der-ernst-abbe-buecherei-jena","status":"publish","type":"post","link":"https:\/\/blog.jena.de\/jenakultur\/2022\/11\/11\/technikbildung-in-der-ernst-abbe-buecherei-jena\/","title":{"rendered":"Technikbildung in der Ernst-Abbe-B\u00fccherei Jena"},"content":{"rendered":"\n<p><em>Dass es in Bibliotheken schon l\u00e4ngst nicht mehr nur B\u00fccher gibt, sollte sich inzwischen herumgesprochen haben. Unsere <a href=\"https:\/\/www.stadtbibliothek-jena.de\/de\/startseite\/700073\" target=\"_blank\" rel=\"noopener\">Ernst-Abbe-B\u00fccherei Jena<\/a> arbeitet ebenfalls kontinuierlich an der Bereitstellung neuer Medien und entwickelt kreative Angebote f\u00fcr verschiedene Zielgruppen \u2013 und im Neubau am Jenaer Engelplatz wird es daf\u00fcr noch deutlich mehr Potenzial geben.<\/em><\/p>\n\n\n\n<p>In verschiedenen Videodokumentationen haben wir in unserem Blog bereits \u00fcber den Baufortschritt des <a href=\"https:\/\/engelplatz.jena.de\/de\/startseite\/809530\" target=\"_blank\" rel=\"noopener\">Neubaus f\u00fcr den B\u00fcrger- und Familienservice und die Ernst-Abbe-B\u00fccherei<\/a> berichtet. Im Herbst 2023 ist die Er\u00f6ffnung des neuen, modernen Bibliotheksgeb\u00e4udes geplant, und auch wenn bis dahin noch viel zu tun ist, steht schon genau fest, dass es sich auch hier ganz bestimmt nicht nur ums Lesen drehen wird.<\/p>\n<p>Im heutigen Video geben Katja M\u00fcller und Katja Mau\u00df von der Ernst-Abbe-B\u00fccherei Jena einen Einblick in den geplanten Werkstattbereich, wo es nicht nur unterschiedliche Angebote zum Thema Technik- und Nachhaltigkeitsbildung, sondern auch zum T\u00fcfteln, Experimentieren und Ausprobieren geben wird \u2013 und das f\u00fcr jedes Alter und sowohl digital als auch analog.<\/p>\n\n\n\n<figure class=\"wp-block-embed is-type-video is-provider-youtube wp-block-embed-youtube wp-embed-aspect-16-9 wp-has-aspect-ratio\"><div class=\"wp-block-embed__wrapper\">\n<iframe loading=\"lazy\" title=\"Technikbildung in der Ernst-Abbe-B\u00fccherei Jena\" width=\"900\" height=\"506\" src=\"https:\/\/www.youtube.com\/embed\/3jk7mN7CGrI?feature=oembed\" frameborder=\"0\" allow=\"accelerometer; autoplay; clipboard-write; encrypted-media; gyroscope; picture-in-picture\" allowfullscreen><\/iframe>\n<\/div><\/figure>\n\n\n\n<p><em>Kennen Sie die bestehenden Technikangebote der EAB bereits? Welche Formate w\u00fcrden Sie sich w\u00fcnschen? Oder kennen Sie einen Verein oder eine Institution, f\u00fcr die eine Zusammenarbeit mit unserer B\u00fccherei interessant sein k\u00f6nnte? Wir freuen uns auf Ihre R\u00fcckmeldung!<\/em><\/p>\n","protected":false},"excerpt":{"rendered":"<p>Dass es in Bibliotheken schon l\u00e4ngst nicht mehr nur B\u00fccher gibt, sollte sich inzwischen herumgesprochen haben. Unsere Ernst-Abbe-B\u00fccherei Jena arbeitet ebenfalls kontinuierlich an&hellip;<\/p>\n","protected":false},"author":22,"featured_media":7733,"comment_status":"open","ping_status":"closed","sticky":false,"template":"","format":"video","meta":{"footnotes":""},"categories":[1,12],"tags":[55,34,6,918,208,783,54,405],"class_list":["post-7731","post","type-post","status-publish","format-video","has-post-thumbnail","hentry","category-allgemein","category-eab","tag-eab","tag-jena","tag-jenakultur","tag-mint","tag-nachhaltigkeit","tag-neubau","tag-neubau-eab","tag-technik","post_format-post-format-video"],"_links":{"self":[{"href":"https:\/\/blog.jena.de\/jenakultur\/wp-json\/wp\/v2\/posts\/7731","targetHints":{"allow":["GET"]}}],"collection":[{"href":"https:\/\/blog.jena.de\/jenakultur\/wp-json\/wp\/v2\/posts"}],"about":[{"href":"https:\/\/blog.jena.de\/jenakultur\/wp-json\/wp\/v2\/types\/post"}],"author":[{"embeddable":true,"href":"https:\/\/blog.jena.de\/jenakultur\/wp-json\/wp\/v2\/users\/22"}],"replies":[{"embeddable":true,"href":"https:\/\/blog.jena.de\/jenakultur\/wp-json\/wp\/v2\/comments?post=7731"}],"version-history":[{"count":3,"href":"https:\/\/blog.jena.de\/jenakultur\/wp-json\/wp\/v2\/posts\/7731\/revisions"}],"predecessor-version":[{"id":7735,"href":"https:\/\/blog.jena.de\/jenakultur\/wp-json\/wp\/v2\/posts\/7731\/revisions\/7735"}],"wp:featuredmedia":[{"embeddable":true,"href":"https:\/\/blog.jena.de\/jenakultur\/wp-json\/wp\/v2\/media\/7733"}],"wp:attachment":[{"href":"https:\/\/blog.jena.de\/jenakultur\/wp-json\/wp\/v2\/media?parent=7731"}],"wp:term":[{"taxonomy":"category","embeddable":true,"href":"https:\/\/blog.jena.de\/jenakultur\/wp-json\/wp\/v2\/categories?post=7731"},{"taxonomy":"post_tag","embeddable":true,"href":"https:\/\/blog.jena.de\/jenakultur\/wp-json\/wp\/v2\/tags?post=7731"}],"curies":[{"name":"wp","href":"https:\/\/api.w.org\/{rel}","templated":true}]}}