{"id":763,"date":"2019-06-28T07:43:54","date_gmt":"2019-06-28T05:43:54","guid":{"rendered":"https:\/\/blog.jena.de\/jenakultur\/?p=763"},"modified":"2019-06-27T15:19:32","modified_gmt":"2019-06-27T13:19:32","slug":"mitarbeiterinnen-von-jenakultur-vorgestellt-heute-christian-moeller","status":"publish","type":"post","link":"https:\/\/blog.jena.de\/jenakultur\/2019\/06\/28\/mitarbeiterinnen-von-jenakultur-vorgestellt-heute-christian-moeller\/","title":{"rendered":"MitarbeiterInnen von JenaKultur vorgestellt | Heute: Christian M\u00f6ller"},"content":{"rendered":"\n<p>Erstkontakt und mehr \u2013 Museumskasse und die Anforderungen der Dienstleistungsgesellschaft<\/p>\n\n\n\n<p>\u201eSind wir uns schon einmal begegnet? Das ist leicht m\u00f6glich, denn seit reichlich einem halben Jahr arbeite ich, Christian M\u00f6ller, als Kassenkraft bei den <a href=\"https:\/\/www.museen-jena.de\" target=\"_blank\" rel=\"noopener noreferrer\">St\u00e4dtischen Museen<\/a>. Sie treffen mich im Museumsgeb\u00e4ude Markt 7, also in der altehrw\u00fcrdigen \u201eG\u00f6hre\u201c. Hier bin ich zusammen mit einem kleinen Team Ihr Ansprechpartner f\u00fcr gleich zwei Museen \u2013 f\u00fcr das Stadtmuseum und die Kunstsammlung, die beide in diesem Geb\u00e4ude ihre Ausstellungen zeigen. K\u00fcnftig werde ich auch helfen, im Vertretungsfall die \u00d6ffnungszeiten des Romantikerhauses abzusichern. Wir k\u00f6nnen uns also gelegentlich auch dort begegnen.<\/p>\n\n\n\n<h2><strong>Ticketkauf als Anfang des Museumserlebnisses<\/strong><\/h2>\n\n\n\n<p>Der Verkauf einer Eintrittskarte ist f\u00fcr mich mehr als der Ausdruck des Tickets und die Bedienung der Kasse. Es geh\u00f6rt zu den Besonderheiten eines Museumsbesuchs, dass Besucher gern wissen wollen, was sie im Haus erwartet, wie man einen Rundgang beginnen sollte oder auf welcher Etage eine gesuchte Sonderausstellung zu finden ist. Verkaufsgespr\u00e4ch ist hier Service und anders als im Einzelhandel nicht ausschlie\u00dflich umsatzorientiert. Das Begr\u00fc\u00dfungsgespr\u00e4ch im Museum ist der Beginn des Museumsbesuchs und damit Teil des Kultur- und Bildungserlebnisses. F\u00fcr mich war dies ebenso neu wie faszinierend. Die Besch\u00e4ftigung mit den neuen Ausstellungsangeboten ist f\u00fcr die fachkundige Betreuung unserer G\u00e4ste unerl\u00e4sslich. Der gef\u00fchrte Ausstellungsrundgang und die Lekt\u00fcre der Begleitpublikationen geh\u00f6ren f\u00fcr mich zur Vorbereitung auf jede neue Ausstellung. <\/p>\n\n\n\n<figure class=\"wp-block-image\"><img loading=\"lazy\" decoding=\"async\" width=\"1000\" height=\"525\" src=\"https:\/\/blog.jena.de\/jenakultur\/wp-content\/uploads\/sites\/25\/2019\/06\/2-M\u00f6ller-Postkarten\u00a9JenaKultur-1000x525.jpg\" alt=\"\" class=\"wp-image-765\" srcset=\"https:\/\/blog.jena.de\/jenakultur\/wp-content\/uploads\/sites\/25\/2019\/06\/2-M\u00f6ller-Postkarten\u00a9JenaKultur-1000x525.jpg 1000w, https:\/\/blog.jena.de\/jenakultur\/wp-content\/uploads\/sites\/25\/2019\/06\/2-M\u00f6ller-Postkarten\u00a9JenaKultur-500x263.jpg 500w, https:\/\/blog.jena.de\/jenakultur\/wp-content\/uploads\/sites\/25\/2019\/06\/2-M\u00f6ller-Postkarten\u00a9JenaKultur-768x403.jpg 768w, https:\/\/blog.jena.de\/jenakultur\/wp-content\/uploads\/sites\/25\/2019\/06\/2-M\u00f6ller-Postkarten\u00a9JenaKultur.jpg 1200w\" sizes=\"auto, (max-width: 1000px) 100vw, 1000px\" \/><figcaption>Christian M\u00f6ller vor dem Postkartenregal des Museumshops \u00a9 JenaKultur<\/figcaption><\/figure>\n\n\n\n<h2><strong>Museum zum Mitnehmen: Das Shopangebot<\/strong><\/h2>\n\n\n\n<p>Das Museumsfoyer hat bei uns nicht nur die Funktion der \u201eWelcome area\u201c, ist nicht nur Besuchertreffpunkt, Orientierungsraum und Ticketingbereich, sondern hier befindet sich auch der Museumsshop. Hier ist es wie beim Verkauf der Eintrittskarten: Das Kundengespr\u00e4ch liefert Orientierung f\u00fcr Suchende, muss auch fachliche Ausk\u00fcnfte geben k\u00f6nnen und Empfehlungen bereithalten. Der Verkauf eines Kataloges oder einer Postkarte tr\u00e4gt damit nicht nur zum Umsatz und der Bilanz von JenaKultur bei, sondern ist Teil des Museumserlebnisses \u2013 alle Produkte stehen im Zusammenhang mit den Angeboten der Ausstellungsr\u00e4ume und dienen den G\u00e4sten dazu, den Museumsbesuch zu vertiefen, nachzulesen oder f\u00fcr sich und andere eine kleine Erinnerung mitzunehmen.<\/p>\n\n\n\n<p>Dar\u00fcber hinaus sind bei uns auch deutlich die \u00d6ffnungszeiten der Jena Tourist-Information zu bemerken. So bald dort geschlossen ist, kommt es bei uns zu vermehrten Auskunftsersuchen, die nichts mit den Museen zu tun haben \u2013 da ist es gut, wenn man sich in Jena auskennt!<\/p>\n\n\n\n<h2><strong>Auch das: Konfliktmanagement<\/strong><\/h2>\n\n\n\n<p>\u00dcberall,\nwo es Kundenkontakt gibt, kann es unzufriedene Kunden geben. Das ist auch bei\nuns nicht zu vermeiden. Zu den Herausforderungen meiner Stelle geh\u00f6rt es,\nKritik von Besuchern produktiv aufzunehmen, die Ursachen zu ergr\u00fcnden und f\u00fcr\neine Weitergabe der Informationen zu sorgen. Nur wenn Direktion, Verwaltung,\nKuratoren und Museumsp\u00e4dagogen \u00fcber Vorkommnisse und deren rationalen Kern\ninformiert werden, lassen sich Ursachen berechtigter Beschwerden vermeiden.\nHier sehe ich die M\u00f6glichkeit, auch an der k\u00fcnftigen Au\u00dfenwirkung der Museen\nmitzuarbeiten.<\/p>\n\n\n\n<p>Aber auch\nLob nehme ich gern entgegen! Ich freue mich auf Ihre Besuche!<\/p>\n\n\n\n<p>Ihr\nChristian M\u00f6ller<\/p>\n\n\n\n<figure class=\"wp-block-image\"><img loading=\"lazy\" decoding=\"async\" width=\"1000\" height=\"525\" src=\"https:\/\/blog.jena.de\/jenakultur\/wp-content\/uploads\/sites\/25\/2019\/06\/3-M\u00f6ller-Portr\u00e4t\u00a9JenaKultur-1000x525.jpg\" alt=\"Christian M\u00f6ller \u2013 Portr\u00e4t\" class=\"wp-image-766\" srcset=\"https:\/\/blog.jena.de\/jenakultur\/wp-content\/uploads\/sites\/25\/2019\/06\/3-M\u00f6ller-Portr\u00e4t\u00a9JenaKultur-1000x525.jpg 1000w, https:\/\/blog.jena.de\/jenakultur\/wp-content\/uploads\/sites\/25\/2019\/06\/3-M\u00f6ller-Portr\u00e4t\u00a9JenaKultur-500x263.jpg 500w, https:\/\/blog.jena.de\/jenakultur\/wp-content\/uploads\/sites\/25\/2019\/06\/3-M\u00f6ller-Portr\u00e4t\u00a9JenaKultur-768x403.jpg 768w, https:\/\/blog.jena.de\/jenakultur\/wp-content\/uploads\/sites\/25\/2019\/06\/3-M\u00f6ller-Portr\u00e4t\u00a9JenaKultur.jpg 1200w\" sizes=\"auto, (max-width: 1000px) 100vw, 1000px\" \/><figcaption>Christian M\u00f6ller \u00a9 JenaKultur<\/figcaption><\/figure>\n\n\n","protected":false},"excerpt":{"rendered":"<p>Erstkontakt und mehr \u2013 Museumskasse und die Anforderungen der Dienstleistungsgesellschaft \u201eSind wir uns schon einmal begegnet? Das ist leicht m\u00f6glich, denn seit reichlich&hellip;<\/p>\n","protected":false},"author":22,"featured_media":764,"comment_status":"open","ping_status":"closed","sticky":false,"template":"","format":"standard","meta":{"footnotes":""},"categories":[1,9,18,21,24,22],"tags":[194,193,140,73,120,192,72,137,196,195,139],"class_list":["post-763","post","type-post","status-publish","format-standard","has-post-thumbnail","hentry","category-allgemein","category-jenakultur","category-kunstsammlung","category-romantikerhaus","category-staedtische-museen","category-stadtmuseum","tag-christian-moeller","tag-kassenkraft","tag-kunstsammlung","tag-mitarbeiter","tag-museum","tag-museumskasse","tag-neu-bei-jenakultur","tag-romantikerhaus","tag-service","tag-staedtische-museen","tag-stadtmuseum"],"_links":{"self":[{"href":"https:\/\/blog.jena.de\/jenakultur\/wp-json\/wp\/v2\/posts\/763","targetHints":{"allow":["GET"]}}],"collection":[{"href":"https:\/\/blog.jena.de\/jenakultur\/wp-json\/wp\/v2\/posts"}],"about":[{"href":"https:\/\/blog.jena.de\/jenakultur\/wp-json\/wp\/v2\/types\/post"}],"author":[{"embeddable":true,"href":"https:\/\/blog.jena.de\/jenakultur\/wp-json\/wp\/v2\/users\/22"}],"replies":[{"embeddable":true,"href":"https:\/\/blog.jena.de\/jenakultur\/wp-json\/wp\/v2\/comments?post=763"}],"version-history":[{"count":10,"href":"https:\/\/blog.jena.de\/jenakultur\/wp-json\/wp\/v2\/posts\/763\/revisions"}],"predecessor-version":[{"id":1376,"href":"https:\/\/blog.jena.de\/jenakultur\/wp-json\/wp\/v2\/posts\/763\/revisions\/1376"}],"wp:featuredmedia":[{"embeddable":true,"href":"https:\/\/blog.jena.de\/jenakultur\/wp-json\/wp\/v2\/media\/764"}],"wp:attachment":[{"href":"https:\/\/blog.jena.de\/jenakultur\/wp-json\/wp\/v2\/media?parent=763"}],"wp:term":[{"taxonomy":"category","embeddable":true,"href":"https:\/\/blog.jena.de\/jenakultur\/wp-json\/wp\/v2\/categories?post=763"},{"taxonomy":"post_tag","embeddable":true,"href":"https:\/\/blog.jena.de\/jenakultur\/wp-json\/wp\/v2\/tags?post=763"}],"curies":[{"name":"wp","href":"https:\/\/api.w.org\/{rel}","templated":true}]}}