{"id":717,"date":"2019-06-07T07:22:12","date_gmt":"2019-06-07T05:22:12","guid":{"rendered":"https:\/\/blog.jena.de\/jenakultur\/?p=717"},"modified":"2019-06-06T08:24:21","modified_gmt":"2019-06-06T06:24:21","slug":"vorgestellt-die-drei-choere-der-jenaer-philharmonie","status":"publish","type":"post","link":"https:\/\/blog.jena.de\/jenakultur\/2019\/06\/07\/vorgestellt-die-drei-choere-der-jenaer-philharmonie\/","title":{"rendered":"Vorgestellt: Die drei Ch\u00f6re der Jenaer Philharmonie"},"content":{"rendered":"\n<p>Wenn man an die <a href=\"https:\/\/www.jenaer-philharmonie.de\/\" target=\"_blank\" rel=\"noopener noreferrer\">Jenaer Philharmonie<\/a> denkt, denkt man sicherlich zuerst an das herausragende Philharmonische Orchester unserer Stadt. Und das kann man gerne und oft tun, denn es lohnt sich! Oft wird dabei aber vergessen, dass die Philharmonie nicht nur das Orchester, sondern auch drei Ch\u00f6re beheimatet: Den Philharmonischen Chor, den Knabenchor und den Madrigalkreis.<\/p>\n\n\n\n<h2><strong>Aber was machen die Ch\u00f6re, was unterscheidet sie und wozu braucht man sie \u00fcberhaupt? <\/strong><\/h2>\n\n\n\n<p>Der <strong><a href=\"https:\/\/www.jenaer-philharmonie.de\/philharmonischer-chor.html\" target=\"_blank\" rel=\"noopener noreferrer\">Philharmonische Chor<\/a><\/strong> gr\u00fcndete sich 1970 unter der Leitung des damaligen Orchesterdirigenten Gunther Blumenhagen und besteht heute aus ca. 130 Mitgliedern. In enger Zusammenarbeit erarbeiten Philharmonischer Chor und Philharmonisches Orchester zwei bis vier chorsinfonische Werke pro Jahr, also Chorwerke mit Orchesterbegleitung. Dazu geh\u00f6ren z. B. verschiedene Messen und Passionen, aber auch das ber\u00fchmte Weihnachtsoratorium oder Beethovens 9. Symphonie. Um Mitzusingen muss man kein Gesangsprofi sein! Der Chor steht auch Laien offen, die verantwortungsbewusst einmal pro Woche (Dienstagabend) zu den Proben kommen und engagiert und konzentriert proben und sich im Laufe der Zeit lernwillig verbessern m\u00f6chten.<\/p>\n\n\n\n<figure class=\"wp-block-image\"><img loading=\"lazy\" decoding=\"async\" width=\"1000\" height=\"525\" src=\"https:\/\/blog.jena.de\/jenakultur\/wp-content\/uploads\/sites\/25\/2019\/06\/PhilharmonischerChor\u00a9JP-CWorsch-1000x525.jpg\" alt=\"Philharmonischer Chor der Jenaer Philharmonie\" class=\"wp-image-725\" srcset=\"https:\/\/blog.jena.de\/jenakultur\/wp-content\/uploads\/sites\/25\/2019\/06\/PhilharmonischerChor\u00a9JP-CWorsch-1000x525.jpg 1000w, https:\/\/blog.jena.de\/jenakultur\/wp-content\/uploads\/sites\/25\/2019\/06\/PhilharmonischerChor\u00a9JP-CWorsch-500x263.jpg 500w, https:\/\/blog.jena.de\/jenakultur\/wp-content\/uploads\/sites\/25\/2019\/06\/PhilharmonischerChor\u00a9JP-CWorsch-768x403.jpg 768w, https:\/\/blog.jena.de\/jenakultur\/wp-content\/uploads\/sites\/25\/2019\/06\/PhilharmonischerChor\u00a9JP-CWorsch.jpg 1200w\" sizes=\"auto, (max-width: 1000px) 100vw, 1000px\" \/><figcaption>Philharmonischer Chor der Jenaer Philharmonie \u00a9Jenaer Philharmonie, C. Worsch<\/figcaption><\/figure>\n\n\n\n<p>Knabench\u00f6re gibt es in Europa schon seit \u00fcber 1.000 Jahren. Sie geh\u00f6ren zu den \u00e4ltesten Chortraditionen der europ\u00e4ischen Musikgeschichte. In Jena gibt es den <strong><a href=\"https:\/\/www.jenaer-philharmonie.de\/knabenchor.html\" target=\"_blank\" rel=\"noopener noreferrer\">Knabenchor<\/a><\/strong> seit 1976. Wie der Name schon sagt, singen in diesem Chor ausschlie\u00dflich Knaben und M\u00e4nner. Dabei geht es bereits mit den ganz Kleinen in der ersten Klasse los, die dann die M\u00f6glichkeit haben, \u00fcber mehr als 20 Jahre hinweg in dieser gro\u00dfartigen Gemeinschaft zu singen. Altersgerecht und individuell werden alle neuen Mitglieder \u00fcber die Vorkurse und den Nachwuchschor langsam herangef\u00fchrt und von einem Stimmbildner betreut, bis sie irgendwann dem Konzertchor beitreten d\u00fcrfen. Dort wird dann \u201eSATB\u201c gesungen, also Sopran, Alt, Tenor und Bass. Das bedeutet, dass die Knaben (vor dem Stimmbruch) die Aufgabe der Frauenstimmen \u00fcbernehmen und die M\u00e4nner die M\u00e4nnerstimmen. So entsteht ein voller gemischter Chorklang, mit dem der Knabenchor sich sowohl in der Chorsinfonik zu Hause f\u00fchlt, als auch eigene a-cappella-Konzerte gibt, also Konzerte ganz ohne Orchester- oder Instrumentalbegleitung. Hier findet also eine richtige stimmliche und musikalische Ausbildung statt! \u00dcber 100 Knaben und M\u00e4nner in allen Altersklassen f\u00fchlen sich dieser Gemeinschaft treu. Geprobt wird dabei in den verschiedenen Ch\u00f6ren meistens zwei Mal pro Woche. Im Moment finden Montag bis Donnerstag die verschiedenen Proben statt. Dies ist wichtig, denn der Knabenchor partizipiert immer wieder auch an Konzertreisen ins Ausland und nimmt regelm\u00e4\u00dfig am Deutschen Chorwettbewerb teil.<\/p>\n\n\n\n<figure class=\"wp-block-image\"><img loading=\"lazy\" decoding=\"async\" width=\"1000\" height=\"525\" src=\"https:\/\/blog.jena.de\/jenakultur\/wp-content\/uploads\/sites\/25\/2019\/06\/Knabenchor\u00a9JP-1000x525.jpg\" alt=\"Knabenchor der Jenaer Philharmonie, Gruppenaufnahme\" class=\"wp-image-724\" srcset=\"https:\/\/blog.jena.de\/jenakultur\/wp-content\/uploads\/sites\/25\/2019\/06\/Knabenchor\u00a9JP-1000x525.jpg 1000w, https:\/\/blog.jena.de\/jenakultur\/wp-content\/uploads\/sites\/25\/2019\/06\/Knabenchor\u00a9JP-500x263.jpg 500w, https:\/\/blog.jena.de\/jenakultur\/wp-content\/uploads\/sites\/25\/2019\/06\/Knabenchor\u00a9JP-768x403.jpg 768w, https:\/\/blog.jena.de\/jenakultur\/wp-content\/uploads\/sites\/25\/2019\/06\/Knabenchor\u00a9JP.jpg 1200w\" sizes=\"auto, (max-width: 1000px) 100vw, 1000px\" \/><figcaption>Knabenchor der Jenaer Philharmonie \u00a9Jenaer Philharmonie<\/figcaption><\/figure>\n\n\n\n<p>Der <strong><a href=\"https:\/\/www.jenaer-philharmonie.de\/jenaer-madrigalkreis.html\" target=\"_blank\" rel=\"noopener noreferrer\">Madrigalkreis<\/a><\/strong> wurde 1968 als erster der drei Ch\u00f6re gegr\u00fcndet und ist so etwas wie der Kammerchor der Jenaer Chorszene, also mit besonders hohen musikalischen Anspr\u00fcchen. Er singt \u00fcberwiegend a cappella und das Repertoire reicht von Madrigalen und Motetten der Renaissance, des Barock, der Romantik und der Moderne zu chorsinfonischen Werken vorwiegend aus dem barocken Bereich. Auch Kantaten und Messen sind fester Bestandteil der Chorarbeit. Die 40 bis 50 Mitglieder proben jeweils am Freitag und geben dabei ebenfalls regelm\u00e4\u00dfig Konzerte, auch im europ\u00e4ischen Ausland.<\/p>\n\n\n\n<figure class=\"wp-block-image\"><img loading=\"lazy\" decoding=\"async\" width=\"1000\" height=\"525\" src=\"https:\/\/blog.jena.de\/jenakultur\/wp-content\/uploads\/sites\/25\/2019\/06\/Madrigalkreis\u00a9TPeissker-1000x525.jpg\" alt=\"Gruppenfoto des Jenaer Madrigalkreises \" class=\"wp-image-723\" srcset=\"https:\/\/blog.jena.de\/jenakultur\/wp-content\/uploads\/sites\/25\/2019\/06\/Madrigalkreis\u00a9TPeissker-1000x525.jpg 1000w, https:\/\/blog.jena.de\/jenakultur\/wp-content\/uploads\/sites\/25\/2019\/06\/Madrigalkreis\u00a9TPeissker-500x263.jpg 500w, https:\/\/blog.jena.de\/jenakultur\/wp-content\/uploads\/sites\/25\/2019\/06\/Madrigalkreis\u00a9TPeissker-768x403.jpg 768w, https:\/\/blog.jena.de\/jenakultur\/wp-content\/uploads\/sites\/25\/2019\/06\/Madrigalkreis\u00a9TPeissker.jpg 1200w\" sizes=\"auto, (max-width: 1000px) 100vw, 1000px\" \/><figcaption>Madrigalkreis der Jenaer Philharmonie \u00a9Jenaer Philharmonie, T. Peissker<\/figcaption><\/figure>\n\n\n\n<p>Im Volkshaus herrscht dementsprechend reger Betrieb. Von Montag bis Freitag finden t\u00e4glich Chorproben der verschiedenen Ch\u00f6re statt, an manchen Tagen sogar mehrere Proben. All diese Arbeit wird geleitet von <a href=\"https:\/\/www.jenaer-philharmonie.de\/chordirektorin.html\" target=\"_blank\" rel=\"noopener noreferrer\">Chordirektorin Berit Walther<\/a>, die die Konzertprogramme zusammenstellt, die Proben leitet und die Planungen \u00fcber die n\u00e4chsten ein bis zwei Jahre im Voraus jeweils im Blick hat. Seit 1993 ist sie bereits dabei, seit dem Jahr 2000 ist sie leitend f\u00fcr alle drei Ch\u00f6re zust\u00e4ndig. So gibt es neben dem Generalmusikdirektor, also dem Dirigenten des Orchesters, auch eine Chordirektorin, die Dirigentin der drei Ch\u00f6re.<\/p>\n\n\n\n<p>Unterst\u00fctzt wird sie dabei nun schon seit vielen Jahren von Stefan Puppe, der als Stimmbildner sowohl den Philharmonischen Chor, als auch den Knabenchor betreut und dort Einzelstimmbildung anbietet und die Vorkurse leitet. F\u00fcr alle Ch\u00f6re hat Berit Walther Assistenten, die Registerproben \u00fcbernehmen und gemeinsam mit ihr die Planung \u00fcbernehmen. All diese musikalischen F\u00e4den laufen im Chorb\u00fcro zusammen, das alles organisatorisch umgesetzt: Von der Probenplanung \u00fcber Raumreservierung, Mailkontakt zu Eltern und S\u00e4ngern, Notenausleihe, Chorkleidungstausch, Budgetplanung der Projekte, Veranstaltungsplanung, Kontakt zu Jugendherbergen, Kirchen und Konzerth\u00e4usern bis hin zur Mitgliederverwaltung. Die Ch\u00f6re besitzen in der Jenaer Philharmonie demnach keineswegs den Stellenwert kleinerer Hobbych\u00f6re, sondern werden mit gro\u00dfem Aufwand und vielen Ressourcen durch JenaKultur unterst\u00fctzt.<\/p>\n<p>Der Aufwand f\u00fcr die Betreuung der drei Ch\u00f6re ist hoch, aber er lohnt sich. Fast jeden Monat gibt es von einem der drei Ch\u00f6re Konzerte zu bestaunen und die unterschiedlichen programmatischen Schwerpunkte decken dabei den musikalischen Geschmack eines jeden Konzertbesuchers ab. Mit dem seit einem Jahr hier arbeitenden neuen Generalmusikdirektor Simon Gaudenz ist zus\u00e4tzlicher frischer Wind in die Chorszene gekommen, da eine Zusammenarbeit zwischen dem Orchester und den Ch\u00f6ren nun noch mehr in den Fokus r\u00fccken soll.<\/p>\n<p><em>Jenaer Philharmonie: Das hei\u00dft Sinfonik, Chorsinfonik und Chor a cappella. Kaum eine andere Stadt in Deutschland leistet sich ein so umfassendes und anspruchsvolles musikalisches Angebot! <\/em><\/p>\n\n\n\n<figure class=\"wp-block-image\"><img loading=\"lazy\" decoding=\"async\" width=\"1000\" height=\"525\" src=\"https:\/\/blog.jena.de\/jenakultur\/wp-content\/uploads\/sites\/25\/2019\/06\/BeritWalther\u00a9JP-BWalther-1000x525.jpg\" alt=\"Berit Walther, Portrait\" class=\"wp-image-721\" srcset=\"https:\/\/blog.jena.de\/jenakultur\/wp-content\/uploads\/sites\/25\/2019\/06\/BeritWalther\u00a9JP-BWalther-1000x525.jpg 1000w, https:\/\/blog.jena.de\/jenakultur\/wp-content\/uploads\/sites\/25\/2019\/06\/BeritWalther\u00a9JP-BWalther-500x263.jpg 500w, https:\/\/blog.jena.de\/jenakultur\/wp-content\/uploads\/sites\/25\/2019\/06\/BeritWalther\u00a9JP-BWalther-768x403.jpg 768w, https:\/\/blog.jena.de\/jenakultur\/wp-content\/uploads\/sites\/25\/2019\/06\/BeritWalther\u00a9JP-BWalther.jpg 1200w\" sizes=\"auto, (max-width: 1000px) 100vw, 1000px\" \/><figcaption>Berit Walther, Chrodirektorin \u00a9Jenaer Philharmonie, B. Walther<\/figcaption><\/figure>\n","protected":false},"excerpt":{"rendered":"<p>Wenn man an die Jenaer Philharmonie denkt, denkt man sicherlich zuerst an das herausragende Philharmonische Orchester unserer Stadt. Und das kann man gerne&hellip;<\/p>\n","protected":false},"author":22,"featured_media":718,"comment_status":"open","ping_status":"closed","sticky":false,"template":"","format":"standard","meta":{"footnotes":""},"categories":[1,13],"tags":[158,152,151,34,154,124,6,150,157,155,153,45,156],"class_list":["post-717","post","type-post","status-publish","format-standard","has-post-thumbnail","hentry","category-allgemein","category-jenaer-philharmonie","tag-berit-walther","tag-chor","tag-gaudenz","tag-jena","tag-jena-lichtstadt","tag-jenaer-philharmonie","tag-jenakultur","tag-jp","tag-knabenchor-jena","tag-madrigalkreis-jena","tag-musik","tag-orchester","tag-philharmonischer-chor-jena"],"_links":{"self":[{"href":"https:\/\/blog.jena.de\/jenakultur\/wp-json\/wp\/v2\/posts\/717","targetHints":{"allow":["GET"]}}],"collection":[{"href":"https:\/\/blog.jena.de\/jenakultur\/wp-json\/wp\/v2\/posts"}],"about":[{"href":"https:\/\/blog.jena.de\/jenakultur\/wp-json\/wp\/v2\/types\/post"}],"author":[{"embeddable":true,"href":"https:\/\/blog.jena.de\/jenakultur\/wp-json\/wp\/v2\/users\/22"}],"replies":[{"embeddable":true,"href":"https:\/\/blog.jena.de\/jenakultur\/wp-json\/wp\/v2\/comments?post=717"}],"version-history":[{"count":6,"href":"https:\/\/blog.jena.de\/jenakultur\/wp-json\/wp\/v2\/posts\/717\/revisions"}],"predecessor-version":[{"id":729,"href":"https:\/\/blog.jena.de\/jenakultur\/wp-json\/wp\/v2\/posts\/717\/revisions\/729"}],"wp:featuredmedia":[{"embeddable":true,"href":"https:\/\/blog.jena.de\/jenakultur\/wp-json\/wp\/v2\/media\/718"}],"wp:attachment":[{"href":"https:\/\/blog.jena.de\/jenakultur\/wp-json\/wp\/v2\/media?parent=717"}],"wp:term":[{"taxonomy":"category","embeddable":true,"href":"https:\/\/blog.jena.de\/jenakultur\/wp-json\/wp\/v2\/categories?post=717"},{"taxonomy":"post_tag","embeddable":true,"href":"https:\/\/blog.jena.de\/jenakultur\/wp-json\/wp\/v2\/tags?post=717"}],"curies":[{"name":"wp","href":"https:\/\/api.w.org\/{rel}","templated":true}]}}