{"id":685,"date":"2019-05-28T15:02:44","date_gmt":"2019-05-28T13:02:44","guid":{"rendered":"https:\/\/blog.jena.de\/jenakultur\/?p=685"},"modified":"2019-05-28T15:02:45","modified_gmt":"2019-05-28T13:02:45","slug":"massen-unterwegs-bei-herrlichem-fruehlingswetter","status":"publish","type":"post","link":"https:\/\/blog.jena.de\/jenakultur\/2019\/05\/28\/massen-unterwegs-bei-herrlichem-fruehlingswetter\/","title":{"rendered":"Massen unterwegs bei herrlichem Fr\u00fchlingswetter"},"content":{"rendered":"\n<p><strong>Lange Nacht der Museen Jena mit sehr guter Resonanz<\/strong><\/p>\n\n\n\n<p>Das Wetter passte und die Angebote waren so attraktiv, dass tausendfach die besonderen M\u00f6glichkeiten der  \u201eLangen Nacht\u201c genutzt wurden. Auffallend im Vergleich zum Jahr 2017, als zum ersten Mal auf den Zweijahresrhythmus umgestellt wurde, ist der hohe Anteil von G\u00e4sten gewesen, die sich ganz zielgerichtet Routen zusammengestellt und mehrere Stationen besucht haben. Das galt sowohl f\u00fcr die Familienangebote als auch Programmpunkte, die am sp\u00e4teren Abend angesetzt waren. Auch hat sich die Aufenthaltsdauer an einzelnen Stationen sp\u00fcrbar verl\u00e4ngert. Genauere Aufschl\u00fcsse soll hierzu noch die Auswertung einer Besucherumfrage ergeben.<\/p>\n\n\n\n<figure class=\"wp-block-embed-youtube wp-block-embed is-type-video is-provider-youtube wp-embed-aspect-16-9 wp-has-aspect-ratio\"><div class=\"wp-block-embed__wrapper\">\n<iframe loading=\"lazy\" title=\"Lange Nacht der Museen Jena 2019\" width=\"900\" height=\"506\" src=\"https:\/\/www.youtube.com\/embed\/nTcb7UE_f14?feature=oembed\" frameborder=\"0\" allow=\"accelerometer; autoplay; encrypted-media; gyroscope; picture-in-picture\" allowfullscreen><\/iframe>\n<\/div><\/figure>\n\n\n\n<h2 class=\"wp-block-heading\"><strong>Mobile Musikangebote als Bereicherung<\/strong><\/h2>\n\n\n\n<p>Au\u00dferordentlich gut\nangenommen wurden die mobilen Musikangebote mit Samba Paradieso Jena und dem\nStudentenchor. Beide Formationen absolvierten mit Kurzauftritten einen Rundweg\ndurch die Innenstadt und machten an ausgew\u00e4hlten Stationen Halt, um hier durch\nmitrei\u00dfende Trommelrhythmen oder mehrstimmigen Gesang auf die benachbarten\nmusealen Angebote aufmerksam zu machen. Auch der OB zeigte sich bei der Er\u00f6ffnung\nauf dem Marktplatz begeistert.<\/p>\n\n\n\n<figure class=\"wp-block-image\"><img loading=\"lazy\" decoding=\"async\" width=\"1000\" height=\"525\" src=\"https:\/\/blog.jena.de\/jenakultur\/wp-content\/uploads\/sites\/25\/2019\/05\/Er\u00f6ffnung-LNDM\u00a9JenaKultur-CWorsch-1-1000x525.jpg\" alt=\"\" class=\"wp-image-689\" srcset=\"https:\/\/blog.jena.de\/jenakultur\/wp-content\/uploads\/sites\/25\/2019\/05\/Er\u00f6ffnung-LNDM\u00a9JenaKultur-CWorsch-1-1000x525.jpg 1000w, https:\/\/blog.jena.de\/jenakultur\/wp-content\/uploads\/sites\/25\/2019\/05\/Er\u00f6ffnung-LNDM\u00a9JenaKultur-CWorsch-1-500x263.jpg 500w, https:\/\/blog.jena.de\/jenakultur\/wp-content\/uploads\/sites\/25\/2019\/05\/Er\u00f6ffnung-LNDM\u00a9JenaKultur-CWorsch-1-768x403.jpg 768w, https:\/\/blog.jena.de\/jenakultur\/wp-content\/uploads\/sites\/25\/2019\/05\/Er\u00f6ffnung-LNDM\u00a9JenaKultur-CWorsch-1.jpg 1200w\" sizes=\"auto, (max-width: 1000px) 100vw, 1000px\" \/><figcaption> <em>Oberb\u00fcrgermeister Dr. Thomas Nitzsche er\u00f6ffnete die Lange Nacht der Museen 2019 \u00a9JenaKultur, C. Worsch<\/em> <\/figcaption><\/figure>\n\n\n\n<h2 class=\"wp-block-heading\"><strong>Erste Zahlen<\/strong><\/h2>\n\n\n\n<p>\u00dcber 2.000 Tickets wurden verkauft, und allein der Blick auf die Frequentierung der von den <a rel=\"noreferrer noopener\" aria-label=\"St\u00e4dtischen Museen Jena (opens in a new tab)\" href=\"https:\/\/www.museen-jena.de\" target=\"_blank\">St\u00e4dtischen Museen Jena<\/a> betreuten Angebote verdeutlicht den hohen Mobilisierungsgrad. Das Museumsgeb\u00e4ude am Markt besuchten \u00fcber 1.200 G\u00e4ste, das Romantikerhaus etwa 680. Ebenso viele G\u00e4ste wurden im <a href=\"https:\/\/www.stadtmuseum-jena.de\/de\/stadtmuseum\/aussenstellen\/karmelitenkloster\/821798\">Karmelitenkloster<\/a> gez\u00e4hlt. In der Pelzer-Werkstatt waren \u00fcber 450 Besucher und fast 400 Interessenten wurden beim Zinngie\u00dfen am Gaststand des Cospedaer \u201eMuseums 1806\u201c gez\u00e4hlt. Beim Deutschen Optischen Museum musste sogar zeitweise der Zugang wegen \u00dcberf\u00fcllung gesperrt werden.<\/p>\n\n\n\n<figure class=\"wp-block-image\"><img loading=\"lazy\" decoding=\"async\" width=\"1000\" height=\"525\" src=\"https:\/\/blog.jena.de\/jenakultur\/wp-content\/uploads\/sites\/25\/2019\/05\/Romantikerhaus-zur-LNDM\u00a9JenaTV-1000x525.jpg\" alt=\"\" class=\"wp-image-688\" srcset=\"https:\/\/blog.jena.de\/jenakultur\/wp-content\/uploads\/sites\/25\/2019\/05\/Romantikerhaus-zur-LNDM\u00a9JenaTV-1000x525.jpg 1000w, https:\/\/blog.jena.de\/jenakultur\/wp-content\/uploads\/sites\/25\/2019\/05\/Romantikerhaus-zur-LNDM\u00a9JenaTV-500x263.jpg 500w, https:\/\/blog.jena.de\/jenakultur\/wp-content\/uploads\/sites\/25\/2019\/05\/Romantikerhaus-zur-LNDM\u00a9JenaTV-768x403.jpg 768w, https:\/\/blog.jena.de\/jenakultur\/wp-content\/uploads\/sites\/25\/2019\/05\/Romantikerhaus-zur-LNDM\u00a9JenaTV.jpg 1200w\" sizes=\"auto, (max-width: 1000px) 100vw, 1000px\" \/><figcaption><em>Romantikerhaus zur Langen Nacht der Museen Jena 2019 \u00a9JenaTV<\/em> <\/figcaption><\/figure>\n\n\n\n<h2 class=\"wp-block-heading\"><strong>Ein Untoter kehrt zur\u00fcck<\/strong><\/h2>\n\n\n\n<p>Angesichts der gro\u00dfen\nPopularit\u00e4t, die einzelne Formate gefunden haben, wurden gleich am Abend noch\nkurzfristig Wiederholungen angesetzt. Das war beispielsweise bei den\nTaschenlampenf\u00fchrungen im Stadtmuseum der Fall, die nicht nur Kinder anzogen.\nUnd einem Untoten hat es so gut gefallen, dass er noch mehrfach wiederkehren\nwird: Ernst Haeckel. Dem Vernehmen nach will er sich noch mehrfach in F\u00fchrungen\ndurch die ihm gewidmeten Ausstellungen einmischen und auch noch einmal im\nStadtmuseum von seinen Expeditionsreisen erz\u00e4hlen (Termine werden mit der\nFriedhofsverwaltung abgestimmt \u2026).<\/p>\n\n\n\n<figure class=\"wp-block-image\"><img loading=\"lazy\" decoding=\"async\" width=\"1000\" height=\"525\" src=\"https:\/\/blog.jena.de\/jenakultur\/wp-content\/uploads\/sites\/25\/2019\/05\/Haeckelonstage\u00a9JenaTV-1000x525.jpg\" alt=\"\" class=\"wp-image-690\" srcset=\"https:\/\/blog.jena.de\/jenakultur\/wp-content\/uploads\/sites\/25\/2019\/05\/Haeckelonstage\u00a9JenaTV-1000x525.jpg 1000w, https:\/\/blog.jena.de\/jenakultur\/wp-content\/uploads\/sites\/25\/2019\/05\/Haeckelonstage\u00a9JenaTV-500x263.jpg 500w, https:\/\/blog.jena.de\/jenakultur\/wp-content\/uploads\/sites\/25\/2019\/05\/Haeckelonstage\u00a9JenaTV-768x403.jpg 768w, https:\/\/blog.jena.de\/jenakultur\/wp-content\/uploads\/sites\/25\/2019\/05\/Haeckelonstage\u00a9JenaTV.jpg 1200w\" sizes=\"auto, (max-width: 1000px) 100vw, 1000px\" \/><figcaption><em>Christian Hill als Haeckel im Stadtmuseum Jena \u00a9JenaTV<\/em> <\/figcaption><\/figure>\n\n\n\n<h2 class=\"wp-block-heading\"><strong>Dank an alle Partner und Mitwirkenden f\u00fcr die Qualit\u00e4t der Angebote<\/strong><\/h2>\n\n\n\n<p>Ohne das Engagement der\nPartnereinrichtungen h\u00e4tte das umfangreiche Programm so nicht aufgestellt\nwerden k\u00f6nnen. Die Jenaer Museumslandschaft hat mit den St\u00e4dtischen Museen Jena\nund anderen st\u00e4dtischen Ausstellungsanbietern, den Universit\u00e4tssammlungen, der\nTh\u00fcringer Universit\u00e4ts- und Landesbibliothek, dem Deutschen Optischen Museum,\nder SCHOTT Villa und mehreren Vereinen ihre gro\u00dfe Vielfalt und Anziehungskraft\nunter Beweis gestellt.<\/p>\n\n\n\n<p>Durch die Unterst\u00fctzung\ndes Carl Zeiss F\u00f6rderfonds, der Wohnungsgenossenschaft Carl Zeiss, durch\njenawohnen, das Autohaus Fischer und unsere Medienpartner ist die Museumsnacht\nnicht nur sehr gut bekannt gemacht worden, sondern es konnte auch die\nKombination von Eintrittskarte und JeNah-Fahrschein umgesetzt werden.<\/p>\n\n\n\n<p>Vielen Dank auch daf\u00fcr!<\/p>\n\n\n\n<p>Erholen Sie sich gut und freuen Sie sich mit uns auf die n\u00e4chste <a href=\"http:\/\/www.nachtdermuseen.com\/jena\/\" target=\"_blank\" rel=\"noreferrer noopener\" aria-label=\"Lange Nacht der Museen in Jena (opens in a new tab)\">Lange Nacht der Museen in Jena<\/a> im Jahr 2021!<\/p>\n\n\n\n<figure class=\"wp-block-image\"><img loading=\"lazy\" decoding=\"async\" width=\"1000\" height=\"525\" src=\"https:\/\/blog.jena.de\/jenakultur\/wp-content\/uploads\/sites\/25\/2019\/05\/DrHaeder\u00a9JenaKultur-TPei\u00dfker-1000x525.jpg\" alt=\"\" class=\"wp-image-691\" srcset=\"https:\/\/blog.jena.de\/jenakultur\/wp-content\/uploads\/sites\/25\/2019\/05\/DrHaeder\u00a9JenaKultur-TPei\u00dfker-1000x525.jpg 1000w, https:\/\/blog.jena.de\/jenakultur\/wp-content\/uploads\/sites\/25\/2019\/05\/DrHaeder\u00a9JenaKultur-TPei\u00dfker-500x263.jpg 500w, https:\/\/blog.jena.de\/jenakultur\/wp-content\/uploads\/sites\/25\/2019\/05\/DrHaeder\u00a9JenaKultur-TPei\u00dfker-768x403.jpg 768w, https:\/\/blog.jena.de\/jenakultur\/wp-content\/uploads\/sites\/25\/2019\/05\/DrHaeder\u00a9JenaKultur-TPei\u00dfker.jpg 1200w\" sizes=\"auto, (max-width: 1000px) 100vw, 1000px\" \/><figcaption><em>Ansprech- und Diskussionspartner Dr. Ulf H\u00e4der, Direktor der St\u00e4dtischen Museen Jena | JenaKultur \u00a9JenaKultur, T. Pei\u00dfker]<\/em> <\/figcaption><\/figure>\n","protected":false},"excerpt":{"rendered":"<p>Lange Nacht der Museen Jena mit sehr guter Resonanz Das Wetter passte und die Angebote waren so attraktiv, dass tausendfach die besonderen M\u00f6glichkeiten&hellip;<\/p>\n","protected":false},"author":22,"featured_media":692,"comment_status":"open","ping_status":"closed","sticky":false,"template":"","format":"video","meta":{"footnotes":""},"categories":[1,9,10,24],"tags":[136,141,147,143,142,119,140,149,134,122,144,135,137,148,139,146,145],"class_list":["post-685","post","type-post","status-publish","format-video","has-post-thumbnail","hentry","category-allgemein","category-jenakultur","category-kulturpolitik","category-staedtische-museen","tag-angebote","tag-deutsches-optisches-museum","tag-dom","tag-fuehrungen","tag-haeckel","tag-karmelitenkloster","tag-kunstsammlung","tag-lange-nacht-der-museen","tag-lndm","tag-museen","tag-museumslandschaft","tag-programm","tag-romantikerhaus","tag-schott-villa","tag-stadtmuseum","tag-thulb","tag-universitaetssammlungen","post_format-post-format-video"],"_links":{"self":[{"href":"https:\/\/blog.jena.de\/jenakultur\/wp-json\/wp\/v2\/posts\/685","targetHints":{"allow":["GET"]}}],"collection":[{"href":"https:\/\/blog.jena.de\/jenakultur\/wp-json\/wp\/v2\/posts"}],"about":[{"href":"https:\/\/blog.jena.de\/jenakultur\/wp-json\/wp\/v2\/types\/post"}],"author":[{"embeddable":true,"href":"https:\/\/blog.jena.de\/jenakultur\/wp-json\/wp\/v2\/users\/22"}],"replies":[{"embeddable":true,"href":"https:\/\/blog.jena.de\/jenakultur\/wp-json\/wp\/v2\/comments?post=685"}],"version-history":[{"count":7,"href":"https:\/\/blog.jena.de\/jenakultur\/wp-json\/wp\/v2\/posts\/685\/revisions"}],"predecessor-version":[{"id":699,"href":"https:\/\/blog.jena.de\/jenakultur\/wp-json\/wp\/v2\/posts\/685\/revisions\/699"}],"wp:featuredmedia":[{"embeddable":true,"href":"https:\/\/blog.jena.de\/jenakultur\/wp-json\/wp\/v2\/media\/692"}],"wp:attachment":[{"href":"https:\/\/blog.jena.de\/jenakultur\/wp-json\/wp\/v2\/media?parent=685"}],"wp:term":[{"taxonomy":"category","embeddable":true,"href":"https:\/\/blog.jena.de\/jenakultur\/wp-json\/wp\/v2\/categories?post=685"},{"taxonomy":"post_tag","embeddable":true,"href":"https:\/\/blog.jena.de\/jenakultur\/wp-json\/wp\/v2\/tags?post=685"}],"curies":[{"name":"wp","href":"https:\/\/api.w.org\/{rel}","templated":true}]}}