{"id":6569,"date":"2022-04-29T07:19:00","date_gmt":"2022-04-29T05:19:00","guid":{"rendered":"https:\/\/blog.jena.de\/jenakultur\/?p=6569"},"modified":"2022-04-28T09:55:12","modified_gmt":"2022-04-28T07:55:12","slug":"wandern-mit-ueberraschungseffekt-neue-erlebnispfade-zum-start-der-outdoor-saison","status":"publish","type":"post","link":"https:\/\/blog.jena.de\/jenakultur\/2022\/04\/29\/wandern-mit-ueberraschungseffekt-neue-erlebnispfade-zum-start-der-outdoor-saison\/","title":{"rendered":"Zeit f\u00fcr Erlebnisse zum Start der Outdoorsaison: Wandern mit \u00dcberraschungseffekt"},"content":{"rendered":"\n<p><em>Endlich wieder raus in die Natur, Sonne genie\u00dfen, den Wind um die Ohren sp\u00fcren, je nach Laune entspannt oder z\u00fcgig wandern und einfach mal abschalten. Und das Smartphone zu Hause lassen? Nein, bitte unbedingt mitnehmen! Denn unterwegs gibt es \u00dcberraschendes zu sehen. Lassen Sie sich in die virtuellen Welten der Naturerlebnisregion <a href=\"https:\/\/www.natura-jenensis.de\/\" target=\"_blank\" rel=\"noopener\"><strong>natura jenensis<\/strong><\/a> rund um Jena entf\u00fchren! Wer jedoch keine Lust auf digitale Wandererlebnisse hat, entdeckt dennoch viel Neues. Am 30. April werden drei neue Erlebnispfade in der Jenaer Umgebung er\u00f6ffnet. Hier schon mal ein kurzer \u00dcberblick, was Sie erwartet.<\/em><\/p>\n\n\n\n<p>Mit <em>natura jenensis<\/em> ist in den letzten Monaten die neue Naturerlebnisregion um Jena entstanden, in der sich Erholung in der Natur mit digitalen Welten verbindet. Denn immer mehr Menschen wollen nicht nur wandern, sondern gleichzeitig ihr Umweltwissen erweitern \u2013 so die Erfahrungen der Mitarbeiter:innen im <a rel=\"noreferrer noopener\" href=\"https:\/\/ksj.jena.de\/sixcms\/detail.php?id=84390&amp;_nav_id1=84355\" target=\"_blank\">Jenaer Stadtforst<\/a>. Ganz neu sorgt deshalb nun ein Mix aus analogen Informationen in Form von gro\u00dfformatigen Tafeln am Wegesrand sowie einer begleitenden App mit Audioguide und Augmented Reality-Elementen f\u00fcr Abwechslung auf den frisch gestalteten Erlebnispfaden. Sowohl Geschichts- und Naturinteressierte als auch Familien mit Kindern kommen an den zahlreichen Stationen auf ihre Kosten. Die Pfade wurden vom Jenaer Stadtforst in Zusammenarbeit mit der rooom AG, <a href=\"https:\/\/jenakultur.de\" target=\"_blank\" rel=\"noreferrer noopener\">JenaKultur<\/a> und weiteren Partnern entwickelt und umgesetzt. Was so einfach klingt, war ein \u00e4u\u00dferst komplexer Prozess, in den jede Menge Kreativit\u00e4t und Engagement einflossen. Das Ergebnis kann sich sehen lassen! F\u00fcr G\u00e4ste und Einheimische h\u00e4lt Jena damit ein einmaliges <a rel=\"noreferrer noopener\" href=\"https:\/\/www.visit-jena.de\/sehen-und-erleben\/aktiv-und-natur\/wandern\/natura-jenensis\/\" target=\"_blank\">Wandererlebnis<\/a> bereit.<\/p>\n\n\n\n<figure class=\"wp-block-image size-large\"><img loading=\"lazy\" decoding=\"async\" width=\"1000\" height=\"728\" src=\"https:\/\/blog.jena.de\/jenakultur\/wp-content\/uploads\/sites\/25\/2022\/04\/jenakultur-wandern-mit-ueberraschungseffekt-neue-erlebnispfade-zum-start-der-outdoor-saison-beitrag-pfad-der-ottonen-jenakultur-1200px-1000x728.jpg\" alt=\"\" class=\"wp-image-6570\" srcset=\"https:\/\/blog.jena.de\/jenakultur\/wp-content\/uploads\/sites\/25\/2022\/04\/jenakultur-wandern-mit-ueberraschungseffekt-neue-erlebnispfade-zum-start-der-outdoor-saison-beitrag-pfad-der-ottonen-jenakultur-1200px-1000x728.jpg 1000w, https:\/\/blog.jena.de\/jenakultur\/wp-content\/uploads\/sites\/25\/2022\/04\/jenakultur-wandern-mit-ueberraschungseffekt-neue-erlebnispfade-zum-start-der-outdoor-saison-beitrag-pfad-der-ottonen-jenakultur-1200px-500x364.jpg 500w, https:\/\/blog.jena.de\/jenakultur\/wp-content\/uploads\/sites\/25\/2022\/04\/jenakultur-wandern-mit-ueberraschungseffekt-neue-erlebnispfade-zum-start-der-outdoor-saison-beitrag-pfad-der-ottonen-jenakultur-1200px-768x559.jpg 768w, https:\/\/blog.jena.de\/jenakultur\/wp-content\/uploads\/sites\/25\/2022\/04\/jenakultur-wandern-mit-ueberraschungseffekt-neue-erlebnispfade-zum-start-der-outdoor-saison-beitrag-pfad-der-ottonen-jenakultur-1200px-947x690.jpg 947w, https:\/\/blog.jena.de\/jenakultur\/wp-content\/uploads\/sites\/25\/2022\/04\/jenakultur-wandern-mit-ueberraschungseffekt-neue-erlebnispfade-zum-start-der-outdoor-saison-beitrag-pfad-der-ottonen-jenakultur-1200px.jpg 1200w\" sizes=\"auto, (max-width: 1000px) 100vw, 1000px\" \/><figcaption>Jenas Wanderwege halten viel Wissenswertes bereit \u2013 mit oder ohne Smartphone \u00a9JenaKultur<\/figcaption><\/figure>\n\n\n\n<p>Auch auf dem Schottplatz hat sich viel getan. Die alte &#8222;Villa&#8220; erhielt eine gr\u00fcndliche Verj\u00fcngungskur und beherbergt nun das Naturerlebniszentrum <em>forum natura<\/em>. Neugierige k\u00f6nnen am Er\u00f6ffnungstag gern vorbeischauen und an einer F\u00fchrung teilnehmen. <em>Forum natura<\/em> steht f\u00fcr Natur- und Umweltbildung bzw. Bildung f\u00fcr nachhaltige Entwicklung auf hohem Level \u2013 und zwar f\u00fcr alle, egal ob Kinder, Jugendliche oder Erwachsene.<\/p>\n<p>Eingeweiht werden die Pfade sowie das <em>forum natura<\/em> am 30. April 2022 von 10:00 bis 14:00 Uhr. An diesem Tag ist \u00fcbrigens noch viel mehr los in Jena. Unter dem Motto <a href=\"https:\/\/www.innenstadt-jena.de\/\" target=\"_blank\" rel=\"noopener\">&#8222;Loslassen&#8220;<\/a> l\u00e4dt die Initiative Innenstadt Jena zusammen mit ihren Mitgliedern und Partnern \u2013 darunter JenaKultur \u2013 zu einem ereignisreichen Samstag mit Musik und Aktionen ein, um die Stadt neu zu beleben und ein Zeichen f\u00fcr die Wiederentdeckung der Freude am st\u00e4dtischen Treiben zu setzen. Auch die <a href=\"https:\/\/www.visit-jena.de\/reise-planen\/jena-tourist-information\/\" target=\"_blank\" rel=\"noopener\">Jena Tourist-Information<\/a> ist dabei, wo von 10:00 bis 17:00 Uhr Wein, Eier- und Ingwerlik\u00f6r zur Verkostung bereitstehen<span style=\"color: #000000\"> und sich die Basketballer von <a href=\"https:\/\/baskets-jena.de\/home\/\" target=\"_blank\" rel=\"noopener\">Medipolis SC Jena<\/a> mit einer Aktion den Sportfans pr\u00e4sentieren.<\/span><\/p>\n<p>Nach dem Bummel durch die Innenstadt lockt die Natur. Wer die neuen Erlebnispfade gleich kennenlernen m\u00f6chte, begibt sich an einen der Startpunkte, die mit dem \u00f6ffentlichen Nahverkehr gut zu erreichen sind. Das ist nat\u00fcrlich auch sp\u00e4ter m\u00f6glich, denn die Wege sind zu jeder Jahreszeit ein Highlight in der sch\u00f6nen Jenaer Umgebung. <strong>Unser Tipp:<\/strong> Laden Sie sich vorab zu Hause die kostenlose App <em>natura jenensis<\/em> aufs Smartphone, um gut ger\u00fcstet den Pfad Ihrer Wahl zu erkunden. Wer l\u00e4nger wandern m\u00f6chte, f\u00fcr den ist nach wie vor die <a href=\"https:\/\/www.saalehorizontale.de\/startseite\" target=\"_blank\" rel=\"noopener\">SaaleHorizontale<\/a> ein attraktiver Wanderweg, der die Naturerlebnisregion umschlie\u00dft.<\/p>\n\n\n\n<figure class=\"wp-block-image size-large\"><img loading=\"lazy\" decoding=\"async\" width=\"1000\" height=\"750\" src=\"https:\/\/blog.jena.de\/jenakultur\/wp-content\/uploads\/sites\/25\/2022\/04\/jenakultur-wandern-mit-ueberraschungseffekt-neue-erlebnispfade-zum-start-der-outdoor-saison-beitrag-napoleonpfadjenakultur-1200px-1000x750.jpg\" alt=\"\" class=\"wp-image-6571\" srcset=\"https:\/\/blog.jena.de\/jenakultur\/wp-content\/uploads\/sites\/25\/2022\/04\/jenakultur-wandern-mit-ueberraschungseffekt-neue-erlebnispfade-zum-start-der-outdoor-saison-beitrag-napoleonpfadjenakultur-1200px-1000x750.jpg 1000w, https:\/\/blog.jena.de\/jenakultur\/wp-content\/uploads\/sites\/25\/2022\/04\/jenakultur-wandern-mit-ueberraschungseffekt-neue-erlebnispfade-zum-start-der-outdoor-saison-beitrag-napoleonpfadjenakultur-1200px-500x375.jpg 500w, https:\/\/blog.jena.de\/jenakultur\/wp-content\/uploads\/sites\/25\/2022\/04\/jenakultur-wandern-mit-ueberraschungseffekt-neue-erlebnispfade-zum-start-der-outdoor-saison-beitrag-napoleonpfadjenakultur-1200px-768x576.jpg 768w, https:\/\/blog.jena.de\/jenakultur\/wp-content\/uploads\/sites\/25\/2022\/04\/jenakultur-wandern-mit-ueberraschungseffekt-neue-erlebnispfade-zum-start-der-outdoor-saison-beitrag-napoleonpfadjenakultur-1200px-920x690.jpg 920w, https:\/\/blog.jena.de\/jenakultur\/wp-content\/uploads\/sites\/25\/2022\/04\/jenakultur-wandern-mit-ueberraschungseffekt-neue-erlebnispfade-zum-start-der-outdoor-saison-beitrag-napoleonpfadjenakultur-1200px-1024x768.jpg 1024w, https:\/\/blog.jena.de\/jenakultur\/wp-content\/uploads\/sites\/25\/2022\/04\/jenakultur-wandern-mit-ueberraschungseffekt-neue-erlebnispfade-zum-start-der-outdoor-saison-beitrag-napoleonpfadjenakultur-1200px-790x593.jpg 790w, https:\/\/blog.jena.de\/jenakultur\/wp-content\/uploads\/sites\/25\/2022\/04\/jenakultur-wandern-mit-ueberraschungseffekt-neue-erlebnispfade-zum-start-der-outdoor-saison-beitrag-napoleonpfadjenakultur-1200px.jpg 1200w\" sizes=\"auto, (max-width: 1000px) 100vw, 1000px\" \/><figcaption>Wandern in Jena: Der neue NapoleonPfad \u00a9JenaKultur<\/figcaption><\/figure>\n\n\n\n<h3>Die neu gestalteten Erlebnispfade im \u00dcberblick<\/h3>\n<p><strong>SaurierPfad <em>Trixi Trias<\/em><\/strong>: L\u00e4nge: 2,1 km Dauer: 0:50 h<\/p>\n<p>Der Weg ist vielen G\u00e4sten und Jenaer:innen bereits bekannt. Lebensgro\u00dfe Saurier entlang des Weges erz\u00e4hlen von einem Jena vor unserer Zeit. Saurierknochen ausgraben, R\u00e4tsel l\u00f6sen, Fossilien im Muschelkalk durch eine Lupe betrachten \u2013 es wird nicht langweilig unterwegs. Nicht zu vergessen die &#8222;lebendigen&#8220; Saurier, die sich mittels App auf dem Handy-Bildschirm bewegen und Ger\u00e4usche produzieren. F\u00fcr Kinder ist das \u00e4u\u00dferst eindrucksvoll und auch Erwachsene haben ihren Spa\u00df daran. Oben auf dem Jenzig angekommen, l\u00e4sst sich das Saaletal w\u00e4hrend der Eiszeit bestaunen.<br \/>Startpunkt: Wanderparkplatz Jenzig<\/p>\n<p><strong>WaldPfad <em>Schlauer Ux<\/em>:<\/strong> L\u00e4nge: 4,2 km Dauer: 1:10 h<\/p>\n<p>F\u00fcr Familien mit Kindern ist der WaldPfad <em>Schlauer Ux<\/em> eine besondere Empfehlung. Kennen Sie schon? Dann werden Sie \u00fcberrascht sein, wie er sich ver\u00e4ndert hat. Die Stationen wurden \u00fcberarbeitet und neu gestaltet. Mittels App berichtet F\u00fcchslein Ux an verschiedenen Stationen von spannenden Beobachtungen im Jenaer Stadtwald. Welche Tiere leben im Wald? Was hat der Wald mit dem Klima zu tun? Und was passiert eigentlich mit toten B\u00e4umen? Der Wald ist immer f\u00fcr eine Entdeckungsreise gut \u2013 und begleitet vom Schlauen Ux ist die Runde noch interessanter. Gro\u00dfe und kleine Besucher:innen lauschen spannenden Waldm\u00e4rchen, lernen die Apotheke des Waldes kennen und erfahren, wie alles mit allem zusammenh\u00e4ngt. Und wer sich die scheuen Waldbewohner ganz aus der N\u00e4he anschauen m\u00f6chte \u2013 mit der App kein Problem.<br \/>Startpunkt: Begr\u00fc\u00dfungsstation N\u00e4he Wanderparkplatz Otto-Schott-Platz<\/p>\n<p><strong>Pfad der Ottonen:<\/strong> L\u00e4nge: 3,8 km \/ Dauer: 1:20 h<\/p>\n<p>Auf dem Fuchsturm waren die meisten Jenaer:innen nicht nur einmal. Und dass oben auf dem Hausberg im Mittelalter stolze Burgen standen, hat man zumindest schon mal geh\u00f6rt. Aber wer war nochmal Kaiser Otto III.? Auf dem Pfad der Ottonen k\u00f6nnen Besucher:innen ins mittelalterliche Leben eintauchen, die Zeit der Ritter und Kaiser verstehen und die vier Burgen des Hausbergs kennenlernen. Neue Infotafeln vermitteln, wie es hier w\u00e4hrend der letzten Jahrhunderte aussah. Auch der Schlaue Ux ist per App dabei und zeigt die einzigartigen Sch\u00e4tze der Natur. Ganz abgesehen von den zahlreichen Informationen und bildlichen Darstellungen ist der neue Pfad einfach ein wunderbarer kurzer Wanderweg in herrlicher Natur, der sich ohne Auto bestens erreichen l\u00e4sst.<br \/>Startpunkt: Begr\u00fc\u00dfungsstation N\u00e4he Bushaltestelle Ziegenhainer Tal<\/p>\n<p><strong>NapoleonPfad<\/strong>: L\u00e4nge: 8 km Dauer: 2:05 h<\/p>\n<p>Napoleon selbst streift via Augmented Reality \u00fcber die Schlachtfelder von 1806 und gibt Einblicke in die Geschehnisse sowie in die Einzigartigkeit der Landschaft um den Windknollen. Denn hier wurde vor mehr als 200 Jahren Geschichte geschrieben: Die franz\u00f6sische Armee unter Napoleon schlug das preu\u00dfische Heer und damit war der Weg f\u00fcr weitreichende Ver\u00e4nderungen frei. Der Schlaue Ux begleitet die Wandernden via App durch dieses Ereignis und zeigt, welche Folgen es f\u00fcr die Bev\u00f6lkerung vor Ort hatte. Auch auf diesem Pfad wird Umweltbildung gro\u00df geschrieben, so lassen sich zum Beispiel seltene Pflanzen und Tiere entdecken.<br \/>Startpunkt: Begr\u00fc\u00dfungsstation N\u00e4he Museum 1806 in Cospeda<\/p>\n\n\n\n<p><em>Sind Sie auch so gespannt auf diese vielseitigen, neuen Entwicklungen in unserer Jenaer Natur? Sind Sie ein Freund der neuartigen Technologien oder doch lieber ohne Smartphone im Wald unterwegs? Wie gewohnt freuen wir uns auf Ihr Feedback!<\/em><\/p>\n","protected":false},"excerpt":{"rendered":"<p>Endlich wieder raus in die Natur, Sonne genie\u00dfen, den Wind um die Ohren sp\u00fcren, je nach Laune entspannt oder z\u00fcgig wandern und einfach&hellip;<\/p>\n","protected":false},"author":22,"featured_media":6573,"comment_status":"open","ping_status":"closed","sticky":false,"template":"","format":"standard","meta":{"footnotes":""},"categories":[1,25],"tags":[34,862,864,863,865,382,660],"class_list":["post-6569","post","type-post","status-publish","format-standard","has-post-thumbnail","hentry","category-allgemein","category-tourismus","tag-jena","tag-ksj","tag-natur","tag-natura-jenensis","tag-stadtforst","tag-visitjena","tag-wandern"],"_links":{"self":[{"href":"https:\/\/blog.jena.de\/jenakultur\/wp-json\/wp\/v2\/posts\/6569","targetHints":{"allow":["GET"]}}],"collection":[{"href":"https:\/\/blog.jena.de\/jenakultur\/wp-json\/wp\/v2\/posts"}],"about":[{"href":"https:\/\/blog.jena.de\/jenakultur\/wp-json\/wp\/v2\/types\/post"}],"author":[{"embeddable":true,"href":"https:\/\/blog.jena.de\/jenakultur\/wp-json\/wp\/v2\/users\/22"}],"replies":[{"embeddable":true,"href":"https:\/\/blog.jena.de\/jenakultur\/wp-json\/wp\/v2\/comments?post=6569"}],"version-history":[{"count":8,"href":"https:\/\/blog.jena.de\/jenakultur\/wp-json\/wp\/v2\/posts\/6569\/revisions"}],"predecessor-version":[{"id":6582,"href":"https:\/\/blog.jena.de\/jenakultur\/wp-json\/wp\/v2\/posts\/6569\/revisions\/6582"}],"wp:featuredmedia":[{"embeddable":true,"href":"https:\/\/blog.jena.de\/jenakultur\/wp-json\/wp\/v2\/media\/6573"}],"wp:attachment":[{"href":"https:\/\/blog.jena.de\/jenakultur\/wp-json\/wp\/v2\/media?parent=6569"}],"wp:term":[{"taxonomy":"category","embeddable":true,"href":"https:\/\/blog.jena.de\/jenakultur\/wp-json\/wp\/v2\/categories?post=6569"},{"taxonomy":"post_tag","embeddable":true,"href":"https:\/\/blog.jena.de\/jenakultur\/wp-json\/wp\/v2\/tags?post=6569"}],"curies":[{"name":"wp","href":"https:\/\/api.w.org\/{rel}","templated":true}]}}