{"id":6457,"date":"2022-04-08T07:27:00","date_gmt":"2022-04-08T05:27:00","guid":{"rendered":"https:\/\/blog.jena.de\/jenakultur\/?p=6457"},"modified":"2022-04-08T13:00:24","modified_gmt":"2022-04-08T11:00:24","slug":"osterspaziergang-mit-seepferdchen","status":"publish","type":"post","link":"https:\/\/blog.jena.de\/jenakultur\/2022\/04\/08\/osterspaziergang-mit-seepferdchen\/","title":{"rendered":"Osterspaziergang mit Seepferdchen"},"content":{"rendered":"\n\n\n<h2 class=\"wp-block-heading\">Eine <strong>Schnitzeljagd der etwas anderen Art mit dem Bilderbuch-Bummel der <a rel=\"noreferrer noopener\" href=\"https:\/\/www.stadtbibliothek-jena.de\/de\/startseite\/700073\" data-type=\"URL\" data-id=\"https:\/\/www.stadtbibliothek-jena.de\/de\/startseite\/700073\" target=\"_blank\">Ernst-Abbe-B\u00fccherei<\/a><\/strong> vom 11. bis 19. April <\/h2>\n\n\n\n<p>Zwei Jahren Pandemie und unz\u00e4hlige ausgefallene (Kinder-)Veranstaltungen sp\u00e4ter war unser Wille, f\u00fcr die Kinder in und um Jena in diesem Jahr ein Osterferienprogramm auf die Beine zu stellen, umso st\u00e4rker. Dabei stand das Team der <a href=\"https:\/\/www.stadtbibliothek-jena.de\/de\/bibliothek_nutzen\/fuer_kinder\/700664\" target=\"_blank\" rel=\"noreferrer noopener\">Kinderbibliothek<\/a> allerdings vor all den Herausforderungen, die eine Veranstaltungsplanung in Zeiten von Corona mit sich bringt. \u201eM\u00f6glichst drau\u00dfen\u201c soll es stattfinden, \u201ein kleinen Gruppen\u201c, \u201eAbstand einhalten muss m\u00f6glich sein\u201c, aber \u201ebitte nicht schon wieder online\u201c. Lesef\u00f6rderung unter erschwerten Bedingungen! Mit unserer neuen Aktion in den Osterferien, dem Bilderbuch-Bummel durch Jena, haben wir aber ein Programm gefunden, das all diese \u00dcberlegungen vereint.<\/p>\n\n\n\n<p>Der Ansto\u00df zur Idee kam w\u00e4hrend einer Weiterbildung zur Umsetzung der Agenda2030-Ziele in Bibliotheken. \u201e<a rel=\"noreferrer noopener\" href=\"https:\/\/de.wikipedia.org\/wiki\/Kamishibai\" target=\"_blank\">Kamishibai <\/a>to go\u201c war hier das Schlagwort und sofort ratterte es in den K\u00f6pfen: Wie w\u00e4re es, wenn wir ein \u201eBilderbuch to go\u201c anb\u00f6ten? Ein Bilderbuch, zu entdecken an verschiedenen Orten der Jenaer Innenstadt \u2013 w\u00e4re das umsetzbar? Ja, da war sich das Team der <a rel=\"noreferrer noopener\" href=\"https:\/\/www.stadtbibliothek-jena.de\/de\/startseite\/700073\" target=\"_blank\">EAB Jena<\/a> schnell einig! Daf\u00fcr w\u00fcrden wir aber die Unterst\u00fctzung verschiedener Jenaer Einrichtungen und L\u00e4den ben\u00f6tigen. So entspann sich die Idee, in den unterschiedlichsten Schaufenstern der Innenstadt einzelne Seiten einer Bilderbuchgeschichte zu zeigen. Um die ganze Geschichte zu entdecken, m\u00fcssen die Teilnehmenden durch die Jenaer Innenstadt \u201ebummeln\u201c \u2013 und so wurde unser neues Ferienaktions-Baby feierlich getauft auf den Namen \u201eBilderbuch-Bummel\u201c.&nbsp;<\/p>\n\n\n\n<p><\/p>\n\n\n\n<figure class=\"wp-block-image size-large\"><img loading=\"lazy\" decoding=\"async\" width=\"1000\" height=\"525\" src=\"https:\/\/blog.jena.de\/jenakultur\/wp-content\/uploads\/sites\/25\/2022\/04\/jenakultur-familiestadtjena-jhauspurg-bearbeitet-1000x525.jpg\" alt=\"Eine Familie mit Vater, Mutter, Tochter und Sohn sitzen auf dem Holzmarkt in Jena, in der Ecke ein lila Seepferdchen\" class=\"wp-image-6492\" srcset=\"https:\/\/blog.jena.de\/jenakultur\/wp-content\/uploads\/sites\/25\/2022\/04\/jenakultur-familiestadtjena-jhauspurg-bearbeitet-1000x525.jpg 1000w, https:\/\/blog.jena.de\/jenakultur\/wp-content\/uploads\/sites\/25\/2022\/04\/jenakultur-familiestadtjena-jhauspurg-bearbeitet-500x263.jpg 500w, https:\/\/blog.jena.de\/jenakultur\/wp-content\/uploads\/sites\/25\/2022\/04\/jenakultur-familiestadtjena-jhauspurg-bearbeitet-768x403.jpg 768w, https:\/\/blog.jena.de\/jenakultur\/wp-content\/uploads\/sites\/25\/2022\/04\/jenakultur-familiestadtjena-jhauspurg-bearbeitet.jpg 1200w\" sizes=\"auto, (max-width: 1000px) 100vw, 1000px\" \/><figcaption>Auf zum Bilderbuch-Bummel durch Jena \u00a9Stadt Jena, Jens Hauspurg, bearbeitet<\/figcaption><\/figure>\n\n\n\n<p>Gebummelt wird mit <a href=\"https:\/\/www.beltz.de\/produkt_detailansicht\/42983-seepferdchen-sind-ausverkauft.html\" target=\"_blank\" rel=\"noreferrer noopener\">\u201eSeepferdchen sind ausverkauft\u201c<\/a> von Constanze Spengler, erschienen im Moritz Verlag. Das lustige und herzerw\u00e4rmende Bilderbuch erz\u00e4hlt eine Geschichte, in der sich Gro\u00df und Klein wiederfinden k\u00f6nnen. Denn sowohl den \u201eHomeOffice-Eltern\u201c unter uns sollten einige Situationen sehr bekannt vorkommen, als auch allen Kindern, die sich genauso sehnlichst ein Haustier w\u00fcnschen wie die Hauptfigur Mika: Mika findet, dass ihr Papa viel zu wenig Zeit hat f\u00fcr die wirklichwichtigen Dinge im Leben: zum Beispiel, mit an den Badesee zu fahren oder einen Hund zu kaufen oder wenigstens einen Hamster. Papa will stattdessen immer nur arbeiten (wie langweilig!) und greift schlie\u00dflich zu durchschlagenden Mitteln, um endlich die Ruhe zu bekommen, die er f\u00fcr die Arbeit braucht:<\/p>\n\n\n\n<p>\u201ePapa sieht nachdenklich aus. \u201aWenn du ein Haustier <em>h\u00e4ttest\u2018<\/em>, sagt Papa langsam, \u201aw\u00fcrdest du dann ganz leise mit ihm spielen und mich nicht st\u00f6ren, bis ich mit der Arbeit fertig bin?\u2018\u201c<\/p>\n\n\n\n<p><\/p>\n\n\n\n<p>Da muss Mika nat\u00fcrlich nicht lang \u00fcberlegen und stapft, ausgestattet mit Papas Geldb\u00f6rse, in die n\u00e4chste Zoohandlung. Was dann passiert, als die gekaufte Maus auf einmal verschwunden ist, Seepferdchen ausverkauft sind und Erwachsene mal wieder nicht richtig zuh\u00f6ren, k\u00f6nnen alle Bilderbuch-Fans beim Bilderbuch-Bummel zwischen dem 11. und 19. April erfahren.<\/p>\n\n\n\n<figure class=\"wp-block-image size-large\"><img loading=\"lazy\" decoding=\"async\" width=\"1000\" height=\"938\" src=\"https:\/\/blog.jena.de\/jenakultur\/wp-content\/uploads\/sites\/25\/2022\/04\/jenakultur-seepferdcheneabjena-1000x938.jpg\" alt=\"Das Bich &quot;Seepferdchen sind ausverkauft&quot; steht vor dem Eingang der EAB Jena\" class=\"wp-image-6486\" srcset=\"https:\/\/blog.jena.de\/jenakultur\/wp-content\/uploads\/sites\/25\/2022\/04\/jenakultur-seepferdcheneabjena-1000x938.jpg 1000w, https:\/\/blog.jena.de\/jenakultur\/wp-content\/uploads\/sites\/25\/2022\/04\/jenakultur-seepferdcheneabjena-500x469.jpg 500w, https:\/\/blog.jena.de\/jenakultur\/wp-content\/uploads\/sites\/25\/2022\/04\/jenakultur-seepferdcheneabjena-768x720.jpg 768w, https:\/\/blog.jena.de\/jenakultur\/wp-content\/uploads\/sites\/25\/2022\/04\/jenakultur-seepferdcheneabjena-736x690.jpg 736w, https:\/\/blog.jena.de\/jenakultur\/wp-content\/uploads\/sites\/25\/2022\/04\/jenakultur-seepferdcheneabjena.jpg 1200w\" sizes=\"auto, (max-width: 1000px) 100vw, 1000px\" \/><figcaption>\u00a9EAB Jena<\/figcaption><\/figure>\n\n\n\n<p>Mit dem Bilderbuch-Bummel m\u00f6chten wir Familien dazu einladen, sich Zeit f\u00fcreinander zu nehmen, an einem sch\u00f6nen Tag loszuschlendern und sich durch die Jenaer Innenstadt leiten zu lassen. Damit wollen wir als Ernst-Abbe-B\u00fccherei einen Beitrag zum Neu- und Wiederentdecken der vielen kleinen und gro\u00dfen Highlights in unserer Innenstadt leisten. Der Bilderbuch-Bummel soll gleicherma\u00dfen der Auftakt sein f\u00fcr mehr Unternehmungen nach einer langen Zeit der Einschr\u00e4nkungen und die Freude am Aufsp\u00fcren neuer und alter Ecken, Gesch\u00e4ften und Einrichtungen wecken. Vielleicht kann damit auch ein kleiner Beitrag zur Wiederbelebung der Innenstadt nach zwei schwierigen Jahren f\u00fcr den Einzelhandel und letztlich f\u00fcr jede:n Einzelne:n geleistet werden.<\/p>\n\n\n\n<p>In 20 verschiedenen Schaufenstern wird die Geschichte zu finden sein. Wir sind begeistert, auf welche positive Resonanz unsere Idee bei den teilnehmenden L\u00e4den und Einrichtungen gesto\u00dfen ist und hoffen, dass auch alle Bummler:innen mit viel Freude dabei sein werden.<\/p>\n\n\n\n<p>Das Team der Ernst-Abbe-B\u00fccherei w\u00fcnscht viel Spa\u00df beim genauen Hinsehen, Entdecken und bei der Suche nach \u201eSeepferdchen sind ausverkauft\u201c in bekannten und unbekannten Stra\u00dfen!<\/p>\n\n\n\n<p><em>Ein eigenes Seepferdchen kann man sich auch ganz einfach basteln \u2013 schlie\u00dflich sind die ja ausverkauft. Eine Anleitung hat die EAB <a href=\"https:\/\/www.stadtbibliothek-jena.de\/de\/928019\" target=\"_blank\" rel=\"noreferrer noopener\">hier<\/a> zur Verf\u00fcgung gestellt. Wir w\u00fcnschen viel Spa\u00df!<\/em><\/p>\n\n\n\n<p><em>Und auch andere JenaKultur-Einrichtungen haben tolle Angebote f\u00fcr Kinder und  Familien zu den Ostertagen. Schauen Sie mal <a rel=\"noreferrer noopener\" href=\"https:\/\/blog.jena.de\/jenakultur\/2022\/04\/05\/angebote-in-den-osterferien\/\" data-type=\"URL\" data-id=\"https:\/\/blog.jena.de\/jenakultur\/2022\/04\/05\/angebote-in-den-osterferien\/\" target=\"_blank\">hier<\/a><\/em><a rel=\"noreferrer noopener\" href=\"https:\/\/blog.jena.de\/jenakultur\/2022\/04\/05\/angebote-in-den-osterferien\/\" target=\"_blank\">!<\/a><\/p>\n","protected":false},"excerpt":{"rendered":"<p>Zwei Jahren Pandemie und unz\u00e4hlige ausgefallene (Kinder-)Veranstaltungen sp\u00e4ter wollte die Jenaer Ernst-Abbe-B\u00fccherei  f\u00fcr  Kinder in diesem Jahr ein besonderes Osterferienprogramm auf die Beine  stellen. Dabei stand das Team der Kinderbibliothek allerdings vor all den Herausforderungen, die eine Veranstaltungsplanung in Zeiten von Corona mit sich bringt. Lesef\u00f6rderung unter erschwerten Bedingungen! Mit dem Bilderbuch-Bummel durch Jena wurde ein Format gefunden, das allen Erfordernissen gerecht wird und au\u00dferdem ganz viel Spa\u00df verspricht.<\/p>\n","protected":false},"author":22,"featured_media":6495,"comment_status":"open","ping_status":"closed","sticky":false,"template":"","format":"standard","meta":{"footnotes":""},"categories":[1,12,9],"tags":[53,857,123,856,309,497],"class_list":["post-6457","post","type-post","status-publish","format-standard","has-post-thumbnail","hentry","category-allgemein","category-eab","category-jenakultur","tag-bibliothek","tag-bilderbuchbummel","tag-buch","tag-ferien","tag-kinder","tag-ostern"],"_links":{"self":[{"href":"https:\/\/blog.jena.de\/jenakultur\/wp-json\/wp\/v2\/posts\/6457","targetHints":{"allow":["GET"]}}],"collection":[{"href":"https:\/\/blog.jena.de\/jenakultur\/wp-json\/wp\/v2\/posts"}],"about":[{"href":"https:\/\/blog.jena.de\/jenakultur\/wp-json\/wp\/v2\/types\/post"}],"author":[{"embeddable":true,"href":"https:\/\/blog.jena.de\/jenakultur\/wp-json\/wp\/v2\/users\/22"}],"replies":[{"embeddable":true,"href":"https:\/\/blog.jena.de\/jenakultur\/wp-json\/wp\/v2\/comments?post=6457"}],"version-history":[{"count":18,"href":"https:\/\/blog.jena.de\/jenakultur\/wp-json\/wp\/v2\/posts\/6457\/revisions"}],"predecessor-version":[{"id":6534,"href":"https:\/\/blog.jena.de\/jenakultur\/wp-json\/wp\/v2\/posts\/6457\/revisions\/6534"}],"wp:featuredmedia":[{"embeddable":true,"href":"https:\/\/blog.jena.de\/jenakultur\/wp-json\/wp\/v2\/media\/6495"}],"wp:attachment":[{"href":"https:\/\/blog.jena.de\/jenakultur\/wp-json\/wp\/v2\/media?parent=6457"}],"wp:term":[{"taxonomy":"category","embeddable":true,"href":"https:\/\/blog.jena.de\/jenakultur\/wp-json\/wp\/v2\/categories?post=6457"},{"taxonomy":"post_tag","embeddable":true,"href":"https:\/\/blog.jena.de\/jenakultur\/wp-json\/wp\/v2\/tags?post=6457"}],"curies":[{"name":"wp","href":"https:\/\/api.w.org\/{rel}","templated":true}]}}