{"id":6365,"date":"2022-04-01T07:20:00","date_gmt":"2022-04-01T05:20:00","guid":{"rendered":"https:\/\/blog.jena.de\/jenakultur\/?p=6365"},"modified":"2022-03-30T10:20:28","modified_gmt":"2022-03-30T08:20:28","slug":"tourismus-2021-in-jena","status":"publish","type":"post","link":"https:\/\/blog.jena.de\/jenakultur\/2022\/04\/01\/tourismus-2021-in-jena\/","title":{"rendered":"Tourismus 2021 in Jena"},"content":{"rendered":"\n<p><strong>15,9 Prozent mehr \u00dcbernachtungen als im Vorjahr<\/strong><\/p>\n\n\n\n<p>Mit dem Beginn der Corona-Pandemie sind die Reiseaktivit\u00e4ten weltweit stark zur\u00fcckgegangen, nicht zuletzt aufgrund zahlreicher Lock-Downs, Reisewarnungen und Reisebeschr\u00e4nkungen. Die Tourismusbranche ist nach wie vor von den Auswirkungen der Pandemie direkt betroffen und steckt in der Krise. Auch der <a href=\"https:\/\/www.visit-jena.de\" target=\"_blank\" rel=\"noreferrer noopener\">Tourismus in Jena<\/a> musste in den vergangenen zwei Jahren starke Einbu\u00dfen hinnehmen.<\/p>\n\n\n\n<p>W\u00e4hrend im ersten Corona-Jahr 2020 die \u00dcbernachtungszahlen einbrachen und das Statistische Landesamt knapp 50 Prozent weniger Ank\u00fcnfte und \u00dcbernachtungen im Vergleich zum Vorjahr meldete, kamen die G\u00e4ste im Jahr 2021 zumindest teilweise zur\u00fcck.<\/p>\n\n\n\n<p>Von Januar bis Dezember 2021 konnten in Jena \u00fcber 227.000 \u00dcbernachtungen in Beherbergungsbetrieben mit mindestens zehn Betten und auf Campingpl\u00e4tzen gez\u00e4hlt werden. Das ist insgesamt ein Plus von 15,9 Prozent im Vergleich zum Vorjahreszeitraum. Damit liegt Jena mit den \u00dcbernachtungen im Jahr 2021 \u00fcber dem Bundesdurchschnitt, der ein Plus von 2,7 Prozent aufweist, und \u00fcber dem Th\u00fcringenschnitt, der erneut ein Minus von 1,2 Prozent verzeichnet.<\/p>\n\n\n\n<p>Aufgrund der Wieder\u00f6ffnung und Reiseerleichterungen nutzten Reisende vor allem die Sommermonate f\u00fcr St\u00e4dtetrips und Kurzaufenthalte. Deshalb hat der Bereich <a href=\"https:\/\/www.jenakultur.de\/de\/aufgaben_und_service\/tourismus-convention\/892877\" target=\"_blank\" rel=\"noreferrer noopener\">Tourismus\/Convention von JenaKultur<\/a> bei seinen Marketingaktivit\u00e4ten im vergangenen Jahr gezielt die aktivtouristischen und naturnahen Themen ins Schaufenster gestellt und ist somit den aktuellen Bed\u00fcrfnissen der G\u00e4ste begegnet. Denn beim Wandern und Radfahren k\u00f6nnen Kontakte reduziert und die Abstandsregeln eingehalten werden.<\/p>\n\n\n\n<figure class=\"wp-block-image size-large\"><img loading=\"lazy\" decoding=\"async\" width=\"910\" height=\"1000\" src=\"https:\/\/blog.jena.de\/jenakultur\/wp-content\/uploads\/sites\/25\/2022\/03\/jenakultur-wagnergassejenakultur-jenaparadies-910x1000.jpg\" alt=\"Jenas Kneipenmeile am fr\u00fchen Morgen, die Wagnergasse, Sonnenaufgang, Turm, leere St\u00fchle\" class=\"wp-image-6367\" srcset=\"https:\/\/blog.jena.de\/jenakultur\/wp-content\/uploads\/sites\/25\/2022\/03\/jenakultur-wagnergassejenakultur-jenaparadies-910x1000.jpg 910w, https:\/\/blog.jena.de\/jenakultur\/wp-content\/uploads\/sites\/25\/2022\/03\/jenakultur-wagnergassejenakultur-jenaparadies-455x500.jpg 455w, https:\/\/blog.jena.de\/jenakultur\/wp-content\/uploads\/sites\/25\/2022\/03\/jenakultur-wagnergassejenakultur-jenaparadies-768x844.jpg 768w, https:\/\/blog.jena.de\/jenakultur\/wp-content\/uploads\/sites\/25\/2022\/03\/jenakultur-wagnergassejenakultur-jenaparadies-628x690.jpg 628w, https:\/\/blog.jena.de\/jenakultur\/wp-content\/uploads\/sites\/25\/2022\/03\/jenakultur-wagnergassejenakultur-jenaparadies.jpg 1200w\" sizes=\"auto, (max-width: 910px) 100vw, 910px\" \/><figcaption>Jenas Kneipenmeile am fr\u00fchen Morgen, die Wagnergasse \u00a9JenaKultur, Jenaparadies<\/figcaption><\/figure>\n\n\n\n<p>Bei den Ank\u00fcnften wurden im Jahr 2021 in Jena \u00fcber 118.000 gemeldet, ein Plus von 8,0 Prozent gegen\u00fcber dem Vorjahreswert.<\/p>\n\n\n\n<p>Auch wenn der Tourismus in Jena stark vom Binnenmarkt profitiert, so lag der Anteil ausl\u00e4ndischer G\u00e4ste bei den \u00dcbernachtungen im vergangenen Jahr bei 13,5 Prozent. Im Vergleich dazu lagen die internationalen \u00dcbernachtungen vor der Pandemie j\u00e4hrlich zwischen 16 und 17 Prozent. Bei den ausl\u00e4ndischen Quellm\u00e4rkten zeigen sich ebenfalls Verschiebungen, vor allem aufgrund des weitgehend weggefallenen Gesch\u00e4ftsreisetourismus: W\u00e4hrend in den Vorjahren immer die USA, UK (Vereinigtes K\u00f6nigreich) und China vertreten waren, hie\u00dfen die TOP 5 Herkunftsl\u00e4nder im Jahr 2021 Polen, \u00d6sterreich, Rum\u00e4nien, Tschechische Republik und Schweiz.<\/p>\n\n\n\n<p>Inwieweit und wann sich die touristische Nachfrage erholen wird\u00ad\u00ad\u00ad, bleibt nach wie vor abzuwarten und h\u00e4ngt sicherlich von mehreren unterschiedlichen Faktoren ab. Der Bereich Tourismus\/Convention von JenaKultur wird die Entwicklungen beobachten und seine Marketingaktivit\u00e4ten darauf ausrichten, um trotz der angespannten Lage im Tourismus m\u00f6glichst viele G\u00e4ste zu einem Jena-Aufenthalt zu inspirieren.<\/p>\n\n\n\n<figure class=\"wp-block-embed is-type-video is-provider-youtube wp-block-embed-youtube wp-embed-aspect-16-9 wp-has-aspect-ratio\"><div class=\"wp-block-embed__wrapper\">\n<iframe loading=\"lazy\" title=\"Aktivtourismus in Jena\" width=\"900\" height=\"506\" src=\"https:\/\/www.youtube.com\/embed\/3TTCqTS8Kvo?feature=oembed\" frameborder=\"0\" allow=\"accelerometer; autoplay; clipboard-write; encrypted-media; gyroscope; picture-in-picture\" allowfullscreen><\/iframe>\n<\/div><\/figure>\n\n\n\n<p><\/p>\n\n\n\n<p><\/p>\n\n\n\n<p><em>Sicher hat sich auch Ihr Reiseverhalten durch die Pandemie ver\u00e4ndert. Was bevorzugen Sie aktuell? In- oder Ausland, Stadt oder l\u00e4ndliche Umgebung?<\/em><\/p>\n\n\n\n<p><em>Wie immer sind wir gespannt auf Ihren dienlichen Input!<\/em><\/p>\n","protected":false},"excerpt":{"rendered":"<p>15,9 Prozent mehr \u00dcbernachtungen als im Vorjahr Mit dem Beginn der Corona-Pandemie sind die Reiseaktivit\u00e4ten weltweit stark zur\u00fcckgegangen, nicht zuletzt aufgrund zahlreicher Lock-Downs,&hellip;<\/p>\n","protected":false},"author":22,"featured_media":6368,"comment_status":"open","ping_status":"closed","sticky":false,"template":"","format":"standard","meta":{"footnotes":""},"categories":[1,14,9,25],"tags":[659,853,384,855,854,852],"class_list":["post-6365","post","type-post","status-publish","format-standard","has-post-thumbnail","hentry","category-allgemein","category-jena-tourist-information","category-jenakultur","category-tourismus","tag-aktivtourismus","tag-hotels","tag-tourismus","tag-uebernachtungen","tag-unterkuenfte","tag-visit-jena"],"_links":{"self":[{"href":"https:\/\/blog.jena.de\/jenakultur\/wp-json\/wp\/v2\/posts\/6365","targetHints":{"allow":["GET"]}}],"collection":[{"href":"https:\/\/blog.jena.de\/jenakultur\/wp-json\/wp\/v2\/posts"}],"about":[{"href":"https:\/\/blog.jena.de\/jenakultur\/wp-json\/wp\/v2\/types\/post"}],"author":[{"embeddable":true,"href":"https:\/\/blog.jena.de\/jenakultur\/wp-json\/wp\/v2\/users\/22"}],"replies":[{"embeddable":true,"href":"https:\/\/blog.jena.de\/jenakultur\/wp-json\/wp\/v2\/comments?post=6365"}],"version-history":[{"count":7,"href":"https:\/\/blog.jena.de\/jenakultur\/wp-json\/wp\/v2\/posts\/6365\/revisions"}],"predecessor-version":[{"id":6381,"href":"https:\/\/blog.jena.de\/jenakultur\/wp-json\/wp\/v2\/posts\/6365\/revisions\/6381"}],"wp:featuredmedia":[{"embeddable":true,"href":"https:\/\/blog.jena.de\/jenakultur\/wp-json\/wp\/v2\/media\/6368"}],"wp:attachment":[{"href":"https:\/\/blog.jena.de\/jenakultur\/wp-json\/wp\/v2\/media?parent=6365"}],"wp:term":[{"taxonomy":"category","embeddable":true,"href":"https:\/\/blog.jena.de\/jenakultur\/wp-json\/wp\/v2\/categories?post=6365"},{"taxonomy":"post_tag","embeddable":true,"href":"https:\/\/blog.jena.de\/jenakultur\/wp-json\/wp\/v2\/tags?post=6365"}],"curies":[{"name":"wp","href":"https:\/\/api.w.org\/{rel}","templated":true}]}}