{"id":607,"date":"2019-05-10T13:10:26","date_gmt":"2019-05-10T11:10:26","guid":{"rendered":"https:\/\/blog.jena.de\/jenakultur\/?p=607"},"modified":"2019-05-24T11:04:28","modified_gmt":"2019-05-24T09:04:28","slug":"72-hour-urban-action-die-ergebnisse","status":"publish","type":"post","link":"https:\/\/blog.jena.de\/jenakultur\/2019\/05\/10\/72-hour-urban-action-die-ergebnisse\/","title":{"rendered":"72 Hour Urban Action: Die Ergebnisse"},"content":{"rendered":"\n<p>Drei Tage lang Planen, T\u00fcfteln, Konstruieren und Bauen \u2013 am vergangenen Wochenende fand der Schnellarchitektur-Wettbewerb in Echtzeit in Jena-Lobeda statt. Welche Missionen gab es? Welche Projekte sind entstanden und wie geht es weiter?<\/p>\n\n\n\n<p>Zehn Teams mit unterschiedlichen Aufgaben haben innerhalb von 72 Stunden die folgenden Projekte entwickelt und umgesetzt.<\/p>\n\n\n\n<table class=\"wp-block-table\"><tbody><tr><td> <strong>Team<\/strong><\/td><td><strong>Projekt<\/strong><\/td><td><strong>Mission (englisch)<\/strong><\/td><\/tr><tr><td>Template<\/td><td><strong>The Everything<\/strong><br>(Das Alles)<\/td><td>Create Natural Infrastructures<br>(Erschafft nat\u00fcrliche Infrastrukturen)<\/td><\/tr><tr><td>Lobeda Comets <\/td><td><strong>One for All<\/strong><br>(Einer f\u00fcr Alle) <\/td><td>Create a Stage for Social Tension<br>(Erschafft eine B\u00fchne f\u00fcr soziale     Spannungen)<br><\/td><\/tr><tr><td>Tangerine   Dreamers<\/td><td><strong>All Over the Platz<\/strong><br><\/td><td>Make Complexity Visible<br>(Macht Komplexit\u00e4t sichtbar) <\/td><\/tr><tr><td>Happy Platten   Friends <\/td><td><strong>Behind the Iron Curtain<\/strong><br>(Hinter dem eisernen Vorhang) <\/td><td>Create a Landmark for Change <br>(Erschafft ein Wahrzeichen der Ver\u00e4nderung)<\/td><\/tr><tr><td>Zen 10<\/td><td><strong>Park Life<\/strong> <br>(Parkleben)  <\/td><td>Discover the Potential of the Neighbourhood Back Yard<br>(Entdecke das Potential eines nachbarschaftlichen Hinterhofs)<br><\/td><\/tr><tr><td>VIVID\/H<\/td><td><strong>The Mirror<\/strong><br>(Der Spiegel)<\/td><td>Make Pollution Great Again<br>(Make L\u00e4rm- und Luftverschmutzung great again)<\/td><\/tr><tr><td>TE4M<\/td><td><strong>Emil<\/strong><\/td><td>Create a Passage Between Past and Future<br>(Schafft einen \u00dcbergang zwischen Vergangenheit und Zukunft)<\/td><\/tr><tr><td>Super8<\/td><td><strong>Alles Gut<\/strong> <\/td><td>Make Sociability Kinetic<br>(Macht aus viel noch mehr)<\/td><\/tr><tr><td>Interstellar<\/td><td><strong>The Popo<\/strong> <\/td><td>Design an Alternative Reality<br>(Entwerft eine alternative Realit\u00e4t)<\/td><\/tr><tr><td>Oompa Lobeda<\/td><td><strong>The Relic<\/strong><br>(Das \u00dcberbleibsel)<\/td><td>Create a Stage for Curiosity <br>(Erschafft eine Startrampe der Neugierde)<\/td><\/tr><\/tbody><\/table>\n\n\n\n<p>W\u00e4hrend der knappen\nBearbeitungszeit waren Kreativit\u00e4t, Geschicklichkeit und Zeitmanagement\ngefragt. Die Bedingungen wurden teilweise durch schlechte Wetterverh\u00e4ltnisse\nerschwert \u2013 doch alle Beteiligten haben Durchhalteverm\u00f6gen und Ehrgeiz bewiesen!<\/p>\n\n\n\n<h2 class=\"wp-block-heading\"><strong>Tag 1<\/strong><\/h2>\n\n\n\n<p>Die Veranstaltung wurde von Oberb\u00fcrgermeister Dr. Thomas Nitzsche,     Birgit Sprenger (Referentin f\u00fcr kulturelle Bildung, TSK), Volker     Blumentritt (Ortsteilb\u00fcrgermeister Neulobeda) und Jonas Zipf (Werkleiter JenaKultur) er\u00f6ffnet. Die Missionen wurden per Zufallsprinzip an die zehn Teams vergeben. Um 16 Uhr fiel der Startschuss f\u00fcr 72 Stunden Urban Action. <\/p>\n\n\n\n<figure class=\"wp-block-embed-youtube wp-block-embed is-type-video is-provider-youtube wp-embed-aspect-4-3 wp-has-aspect-ratio\"><div class=\"wp-block-embed__wrapper\">\n<iframe loading=\"lazy\" title=\"72 Hour Urban Action: DAY 1\" width=\"900\" height=\"675\" src=\"https:\/\/www.youtube.com\/embed\/mOHGhJcgmZw?feature=oembed\" frameborder=\"0\" allow=\"accelerometer; autoplay; encrypted-media; gyroscope; picture-in-picture\" allowfullscreen><\/iframe>\n<\/div><\/figure>\n\n\n\n<h2 class=\"wp-block-heading\"><strong>Tag 2<\/strong><\/h2>\n\n\n\n<p>Auch der zweite Tag war gepr\u00e4gt von Schaffenskraft: Nach Pr\u00fcfung der architektonischen Entw\u00fcrfe durch einen Statiker konnte damit begonnen werden, die Ideen St\u00fcck f\u00fcr St\u00fcck in die Tat umzusetzen. Rund um die Uhr wurden Pl\u00e4ne angefertigt, Materialien beschafft und erste Bauteile zusammengef\u00fcgt. <\/p>\n\n\n\n<figure class=\"wp-block-embed-youtube wp-block-embed is-type-video is-provider-youtube wp-embed-aspect-4-3 wp-has-aspect-ratio\"><div class=\"wp-block-embed__wrapper\">\n<iframe loading=\"lazy\" title=\"72 Hour Urban Action: DAY 2\" width=\"900\" height=\"675\" src=\"https:\/\/www.youtube.com\/embed\/ZTUYkTEX9eo?feature=oembed\" frameborder=\"0\" allow=\"accelerometer; autoplay; encrypted-media; gyroscope; picture-in-picture\" allowfullscreen><\/iframe>\n<\/div><\/figure>\n\n\n\n<h2 class=\"wp-block-heading\"><strong>Tag 3<\/strong><\/h2>\n\n\n\n<p>Auch Schnee, Regen und\nniedrige Temperaturen konnten die Stimmung in der internationalen Gemeinschaft\nnicht tr\u00fcben. In den letzten Stunden des Festivals wurde mit Hochdruck an der\nFertigstellung der einzelnen Konstruktionen gearbeitet.<\/p>\n\n\n\n<figure class=\"wp-block-embed-youtube wp-block-embed is-type-video is-provider-youtube wp-embed-aspect-4-3 wp-has-aspect-ratio\"><div class=\"wp-block-embed__wrapper\">\n<iframe loading=\"lazy\" title=\"72 Hour Urban Action: DAY 3\" width=\"900\" height=\"675\" src=\"https:\/\/www.youtube.com\/embed\/FEkisY_gc3M?feature=oembed\" frameborder=\"0\" allow=\"accelerometer; autoplay; encrypted-media; gyroscope; picture-in-picture\" allowfullscreen><\/iframe>\n<\/div><\/figure>\n\n\n\n<h2 class=\"wp-block-heading\"><strong>Tag 4 \u2013 Das Finale<\/strong><\/h2>\n\n\n\n<p>In den Endz\u00fcgen des Wettbewerbs konnten alle Projekte abgeschlossen werden. Gemeinsam setzten die internationalen Teammitglieder ihre Konzepte um und entwickelten in dieser kurzen Zeit neue Nutzungsm\u00f6glichkeiten f\u00fcr \u00f6ffentliche Fl\u00e4chen in Jena-Lobeda.<\/p>\n\n\n\n<figure class=\"wp-block-embed-youtube wp-block-embed is-type-video is-provider-youtube wp-embed-aspect-4-3 wp-has-aspect-ratio\"><div class=\"wp-block-embed__wrapper\">\n<iframe loading=\"lazy\" title=\"72 Hour Urban Action: DAY4\" width=\"900\" height=\"675\" src=\"https:\/\/www.youtube.com\/embed\/Z43a_4LmC7U?feature=oembed\" frameborder=\"0\" allow=\"accelerometer; autoplay; encrypted-media; gyroscope; picture-in-picture\" allowfullscreen><\/iframe>\n<\/div><\/figure>\n\n\n\n<h2 class=\"wp-block-heading\"><strong>Die Sieger<\/strong><\/h2>\n\n\n\n<p>Am Sonntagabend war es dann soweit: Nach sorgf\u00e4ltiger Begutachtung pr\u00e4mierte die Jury unter dem Vorsitz von Dr. Marta Doehler-Behzadi     (Gesch\u00e4ftsf\u00fchrerin IBA Th\u00fcringen) das Siegerteam <em>Template<\/em> mit ihrem Projekt \u201eThe Everything\u201c, das verschiedene neue Lebensr\u00e4ume schaffen soll. Zudem wurde das Team <em>Tangerine Dreamers<\/em> mit dem Projekt \u201eAll Over The Platz\u201c mit dem Publikumspreis ausgezeichnet. <\/p>\n\n\n\n<figure class=\"wp-block-image\"><img loading=\"lazy\" decoding=\"async\" width=\"1200\" height=\"630\" src=\"https:\/\/blog.jena.de\/jenakultur\/wp-content\/uploads\/sites\/25\/2019\/05\/Sieger-TeamTemplate-72-Hour-Urban-Action.jpg\" alt=\"Sieger Team Template\" class=\"wp-image-619\" \/><figcaption>Sieger: Team Template \u00a972 Hour Urban Action<\/figcaption><\/figure>\n\n\n\n<p>F\u00fcr alle, die mehr zu den einzelnen Projekten erfahren m\u00f6chten und sich daf\u00fcr interessieren, wie diese langfristig nutzbar sind, werden noch bis Juli gef\u00fchrte Touren zu den Standorten angeboten.<\/p>\n\n\n\n<p><strong>Weitere Informationen, auch zu den bevorstehenden\nTouren finden Sie hier auf der Website des Festivals <a href=\"http:\/\/www.72stundenlobeda.de\/\">72 Hour Urban Action<\/a>. <\/strong><\/p>\n\n\n\n<p><code><div class=\"rl-gallery-container rl-loading\" id=\"rl-gallery-container-1\" data-gallery_id=\"633\"> <h4 class=\"rl-gallery-title\">72 Hour Urban Action<\/h4> <div class=\"rl-gallery rl-basicmasonry-gallery rl-hover-icon-6\" id=\"rl-gallery-1\" data-gallery_no=\"1\"> <div class=\"rl-gutter-sizer\"><\/div><div class=\"rl-grid-sizer\"><\/div> <div class=\"rl-gallery-item rl-gallery-item-width-4\" > <div class=\"rl-gallery-item-content\"> <a href=\"https:\/\/blog.jena.de\/jenakultur\/wp-content\/uploads\/sites\/25\/2019\/05\/A-TheEverything-72-Hour-Urban-Action.jpg\" title=\"\" data-rl_title=\"\" class=\"rl-gallery-link\" data-rl_caption=\"The Everything \u00a972 Hour Urban Action\" data-rel=\"lightbox-gallery-1\"><img loading=\"lazy\" decoding=\"async\" src=\"https:\/\/blog.jena.de\/jenakultur\/wp-content\/uploads\/sites\/25\/2019\/05\/A-TheEverything-72-Hour-Urban-Action.jpg\" width=\"500\" height=\"263\" alt=\"The Everything\" \/><span class=\"rl-gallery-caption\"><span class=\"rl-gallery-item-title\">The Everything \u00a972 Hour Urban Action<\/span><\/span><\/a> <\/div> <\/div> <div class=\"rl-gallery-item\" > <div class=\"rl-gallery-item-content\"> <a href=\"https:\/\/blog.jena.de\/jenakultur\/wp-content\/uploads\/sites\/25\/2019\/05\/B-OneForAll-72-Hour-Urban-Action.jpg\" title=\"\" data-rl_title=\"\" class=\"rl-gallery-link\" data-rl_caption=\"One For All \u00a972 Hour Urban Action\" data-rel=\"lightbox-gallery-1\"><img loading=\"lazy\" decoding=\"async\" src=\"https:\/\/blog.jena.de\/jenakultur\/wp-content\/uploads\/sites\/25\/2019\/05\/B-OneForAll-72-Hour-Urban-Action.jpg\" width=\"500\" height=\"263\" alt=\"One For All\" \/><span class=\"rl-gallery-caption\"><span class=\"rl-gallery-item-title\">One For All \u00a972 Hour Urban Action<\/span><\/span><\/a> <\/div> <\/div> <div class=\"rl-gallery-item\" > <div class=\"rl-gallery-item-content\"> <a href=\"https:\/\/blog.jena.de\/jenakultur\/wp-content\/uploads\/sites\/25\/2019\/05\/C-AllOverThePlatz-72-Hour-Urban-Action.jpg\" title=\"\" data-rl_title=\"\" class=\"rl-gallery-link\" data-rl_caption=\"All Over The Platz \u00a972 Hour Urban Action\" data-rel=\"lightbox-gallery-1\"><img loading=\"lazy\" decoding=\"async\" src=\"https:\/\/blog.jena.de\/jenakultur\/wp-content\/uploads\/sites\/25\/2019\/05\/C-AllOverThePlatz-72-Hour-Urban-Action.jpg\" width=\"500\" height=\"263\" alt=\"All Over The Platz\" \/><span class=\"rl-gallery-caption\"><span class=\"rl-gallery-item-title\">All Over The Platz \u00a972 Hour Urban Action<\/span><\/span><\/a> <\/div> <\/div> <div class=\"rl-gallery-item\" > <div class=\"rl-gallery-item-content\"> <a href=\"https:\/\/blog.jena.de\/jenakultur\/wp-content\/uploads\/sites\/25\/2019\/05\/D-BehindTheIronCurtain-72-Hour-Urban-Action.jpg\" title=\"\" data-rl_title=\"\" class=\"rl-gallery-link\" data-rl_caption=\"Behind The Iron Curtain \u00a972 Hour Urban Action\" data-rel=\"lightbox-gallery-1\"><img loading=\"lazy\" decoding=\"async\" src=\"https:\/\/blog.jena.de\/jenakultur\/wp-content\/uploads\/sites\/25\/2019\/05\/D-BehindTheIronCurtain-72-Hour-Urban-Action.jpg\" width=\"500\" height=\"263\" alt=\"Behind The Iron Curtain\" \/><span class=\"rl-gallery-caption\"><span class=\"rl-gallery-item-title\">Behind The Iron Curtain \u00a972 Hour Urban Action<\/span><\/span><\/a> <\/div> <\/div> <div class=\"rl-gallery-item\" > <div class=\"rl-gallery-item-content\"> <a href=\"https:\/\/blog.jena.de\/jenakultur\/wp-content\/uploads\/sites\/25\/2019\/05\/E-ParkLife-72-Hour-Urban-Action.jpg\" title=\"\" data-rl_title=\"\" class=\"rl-gallery-link\" data-rl_caption=\"ParkLife \u00a972 Hour Urban Action\" data-rel=\"lightbox-gallery-1\"><img loading=\"lazy\" decoding=\"async\" src=\"https:\/\/blog.jena.de\/jenakultur\/wp-content\/uploads\/sites\/25\/2019\/05\/E-ParkLife-72-Hour-Urban-Action.jpg\" width=\"500\" height=\"263\" alt=\"Park Life\" \/><span class=\"rl-gallery-caption\"><span class=\"rl-gallery-item-title\">ParkLife \u00a972 Hour Urban Action<\/span><\/span><\/a> <\/div> <\/div> <div class=\"rl-gallery-item\" > <div class=\"rl-gallery-item-content\"> <a href=\"https:\/\/blog.jena.de\/jenakultur\/wp-content\/uploads\/sites\/25\/2019\/05\/F-TheMirror-72-Hour-Urban-Action.jpg\" title=\"\" data-rl_title=\"\" class=\"rl-gallery-link\" data-rl_caption=\"The Mirror \u00a972 Hour Urban Action\" data-rel=\"lightbox-gallery-1\"><img loading=\"lazy\" decoding=\"async\" src=\"https:\/\/blog.jena.de\/jenakultur\/wp-content\/uploads\/sites\/25\/2019\/05\/F-TheMirror-72-Hour-Urban-Action.jpg\" width=\"500\" height=\"263\" alt=\"The Mirror\" \/><span class=\"rl-gallery-caption\"><span class=\"rl-gallery-item-title\">The Mirror \u00a972 Hour Urban Action<\/span><\/span><\/a> <\/div> <\/div> <div class=\"rl-gallery-item\" > <div class=\"rl-gallery-item-content\"> <a href=\"https:\/\/blog.jena.de\/jenakultur\/wp-content\/uploads\/sites\/25\/2019\/05\/G-Emil-72-Hour-Urban-Action.jpg\" title=\"\" data-rl_title=\"\" class=\"rl-gallery-link\" data-rl_caption=\"Emil \u00a972 Hour Urban Action\" data-rel=\"lightbox-gallery-1\"><img loading=\"lazy\" decoding=\"async\" src=\"https:\/\/blog.jena.de\/jenakultur\/wp-content\/uploads\/sites\/25\/2019\/05\/G-Emil-72-Hour-Urban-Action.jpg\" width=\"500\" height=\"263\" alt=\"Emil\" \/><span class=\"rl-gallery-caption\"><span class=\"rl-gallery-item-title\">Emil \u00a972 Hour Urban Action<\/span><\/span><\/a> <\/div> <\/div> <div class=\"rl-gallery-item\" > <div class=\"rl-gallery-item-content\"> <a href=\"https:\/\/blog.jena.de\/jenakultur\/wp-content\/uploads\/sites\/25\/2019\/05\/H-AllesGut-72-Hour-Urban-Action.jpg\" title=\"\" data-rl_title=\"\" class=\"rl-gallery-link\" data-rl_caption=\"Alles Gut \u00a972 Hour Urban Action\" data-rel=\"lightbox-gallery-1\"><img loading=\"lazy\" decoding=\"async\" src=\"https:\/\/blog.jena.de\/jenakultur\/wp-content\/uploads\/sites\/25\/2019\/05\/H-AllesGut-72-Hour-Urban-Action.jpg\" width=\"500\" height=\"263\" alt=\"Alles Gut\" \/><span class=\"rl-gallery-caption\"><span class=\"rl-gallery-item-title\">Alles Gut \u00a972 Hour Urban Action<\/span><\/span><\/a> <\/div> <\/div> <div class=\"rl-gallery-item\" > <div class=\"rl-gallery-item-content\"> <a href=\"https:\/\/blog.jena.de\/jenakultur\/wp-content\/uploads\/sites\/25\/2019\/05\/I-ThePopo-72-Hour-Urban-Action.jpg\" title=\"\" data-rl_title=\"\" class=\"rl-gallery-link\" data-rl_caption=\"The Popo \u00a972 Hour Urban Action\" data-rel=\"lightbox-gallery-1\"><img loading=\"lazy\" decoding=\"async\" src=\"https:\/\/blog.jena.de\/jenakultur\/wp-content\/uploads\/sites\/25\/2019\/05\/I-ThePopo-72-Hour-Urban-Action.jpg\" width=\"500\" height=\"263\" alt=\"The Popo\" \/><span class=\"rl-gallery-caption\"><span class=\"rl-gallery-item-title\">The Popo \u00a972 Hour Urban Action<\/span><\/span><\/a> <\/div> <\/div> <div class=\"rl-gallery-item\" > <div class=\"rl-gallery-item-content\"> <a href=\"https:\/\/blog.jena.de\/jenakultur\/wp-content\/uploads\/sites\/25\/2019\/05\/J-TheRelic-72-Hour-Urban-Action.jpg\" title=\"\" data-rl_title=\"\" class=\"rl-gallery-link\" data-rl_caption=\"The Relic \u00a972 Hour Urban Action\" data-rel=\"lightbox-gallery-1\"><img loading=\"lazy\" decoding=\"async\" src=\"https:\/\/blog.jena.de\/jenakultur\/wp-content\/uploads\/sites\/25\/2019\/05\/J-TheRelic-72-Hour-Urban-Action.jpg\" width=\"500\" height=\"263\" alt=\"The Relic\" \/><span class=\"rl-gallery-caption\"><span class=\"rl-gallery-item-title\">The Relic \u00a972 Hour Urban Action<\/span><\/span><\/a> <\/div> <\/div> <\/div> <div class=\"rl-gallery-description\"><\/div> <\/div><\/code><\/p>\n\n\n\n<p>Waren Sie vor Ort? Haben\nSie vielleicht sogar selbst teilgenommen oder waren Gast bei einer der\nzahlreichen Rahmenveranstaltungen? Wie haben Sie die Veranstaltung\nwahrgenommen? Wir freuen uns auf Ihr Feedback!<\/p>\n\n\n\n<div class=\"wp-block-file\"><a href=\"https:\/\/blog.jena.de\/jenakultur\/wp-content\/uploads\/sites\/25\/2019\/05\/jenakultur-objektbeschreibung-72hua-final.pdf\" target=\"_blank\" rel=\"noreferrer noopener\">Finale Projekt- und Objektbeschreibung<\/a><a href=\"https:\/\/blog.jena.de\/jenakultur\/wp-content\/uploads\/sites\/25\/2019\/05\/jenakultur-objektbeschreibung-72hua-final.pdf\" class=\"wp-block-file__button\" download>Herunterladen<\/a><\/div>\n","protected":false},"excerpt":{"rendered":"<p>Drei Tage lang Planen, T\u00fcfteln, Konstruieren und Bauen \u2013 am vergangenen Wochenende fand der Schnellarchitektur-Wettbewerb in Echtzeit in Jena-Lobeda statt. Welche Missionen gab&hellip;<\/p>\n","protected":false},"author":22,"featured_media":632,"comment_status":"open","ping_status":"closed","sticky":false,"template":"","format":"video","meta":{"footnotes":""},"categories":[33,9,30],"tags":[79,36,108,102,103,104,34,107,35,105,109,101,106],"class_list":["post-607","post","type-post","status-publish","format-video","has-post-thumbnail","hentry","category-72-hua","category-jenakultur","category-sonderprojekte","tag-kulturinjena","tag-72hua","tag-bauen","tag-bauhaus100","tag-echtzeit-architekturwettbewerb","tag-ergebnisse","tag-jena","tag-konstruieren","tag-lobeda","tag-planen","tag-projekte","tag-schnell-architektur-festival","tag-tuefteln","post_format-post-format-video"],"_links":{"self":[{"href":"https:\/\/blog.jena.de\/jenakultur\/wp-json\/wp\/v2\/posts\/607","targetHints":{"allow":["GET"]}}],"collection":[{"href":"https:\/\/blog.jena.de\/jenakultur\/wp-json\/wp\/v2\/posts"}],"about":[{"href":"https:\/\/blog.jena.de\/jenakultur\/wp-json\/wp\/v2\/types\/post"}],"author":[{"embeddable":true,"href":"https:\/\/blog.jena.de\/jenakultur\/wp-json\/wp\/v2\/users\/22"}],"replies":[{"embeddable":true,"href":"https:\/\/blog.jena.de\/jenakultur\/wp-json\/wp\/v2\/comments?post=607"}],"version-history":[{"count":21,"href":"https:\/\/blog.jena.de\/jenakultur\/wp-json\/wp\/v2\/posts\/607\/revisions"}],"predecessor-version":[{"id":682,"href":"https:\/\/blog.jena.de\/jenakultur\/wp-json\/wp\/v2\/posts\/607\/revisions\/682"}],"wp:featuredmedia":[{"embeddable":true,"href":"https:\/\/blog.jena.de\/jenakultur\/wp-json\/wp\/v2\/media\/632"}],"wp:attachment":[{"href":"https:\/\/blog.jena.de\/jenakultur\/wp-json\/wp\/v2\/media?parent=607"}],"wp:term":[{"taxonomy":"category","embeddable":true,"href":"https:\/\/blog.jena.de\/jenakultur\/wp-json\/wp\/v2\/categories?post=607"},{"taxonomy":"post_tag","embeddable":true,"href":"https:\/\/blog.jena.de\/jenakultur\/wp-json\/wp\/v2\/tags?post=607"}],"curies":[{"name":"wp","href":"https:\/\/api.w.org\/{rel}","templated":true}]}}