{"id":6026,"date":"2022-02-25T07:20:00","date_gmt":"2022-02-25T06:20:00","guid":{"rendered":"https:\/\/blog.jena.de\/jenakultur\/?p=6026"},"modified":"2022-02-24T17:19:11","modified_gmt":"2022-02-24T16:19:11","slug":"klimafit-kurs-startet-an-der-jenaer-vhs","status":"publish","type":"post","link":"https:\/\/blog.jena.de\/jenakultur\/2022\/02\/25\/klimafit-kurs-startet-an-der-jenaer-vhs\/","title":{"rendered":"\u201eklimafit\u201c \u2013 Kurs startet an der Jenaer vhs"},"content":{"rendered":"\n<h2 class=\"wp-block-heading\" id=\"jetzt-fur-den-kurs-anmelden-und-das-klima-vor-der-haustur-schutzen\">Jetzt f\u00fcr den Kurs anmelden und das \u201eKlima vor der Haust\u00fcr\u201c sch\u00fctzen<\/h2>\n\n\n\n<p>Die Klimakrise hinterl\u00e4sst ihre Spuren schon l\u00e4ngst in Deutschland. Dies haben im vergangenen Jahr vor allem die dramatischen Fluten im Ahrtal schmerzlich vor Augen gef\u00fchrt. Und auch der Weltklimarat der Vereinten Nationen hat in seinem Sachstandsbericht 2021 deutlich unterstrichen, dass die Zeit dr\u00e4ngt. Deutschland liegt mit 1,6 Grad Erw\u00e4rmung im Vergleich zur vorindustriellen Zeit sogar ein ganzes St\u00fcck vor dem weltweiten Durchschnitt von 1,1 Grad. Das Klimaziel des Pariser Abkommens r\u00fcckt weiter in die Ferne. Heftige Gewitter, Starkregen und lange Hitzephasen werden wahrscheinlicher und richten Sch\u00e4den in Milliardenh\u00f6he an. Was k\u00f6nnen wir alle gegen die Klimakrise auf regionaler und lokaler Ebene tun?<\/p>\n<p>Der Kurs <a href=\"https:\/\/www.vhs-jena.de\/kursauswahl\/index.php?kathaupt=11&amp;knr=22F10410&amp;kursname=Klimawandel+vor+der+Haustuer+Was+kann+ich+tun&amp;katid=406\" target=\"_blank\" rel=\"noopener\">\u201eklimafit \u2013 Klimawandel vor der Haust\u00fcr! Was kann ich tun?\u201c<\/a> gibt Antworten f\u00fcr alle Menschen, die mithelfen m\u00f6chten, ihre St\u00e4dte und Gemeinden klimafreundlich zu machen. Im M\u00e4rz beginnt der vom WWF Deutschland und dem Helmholtz-Forschungsverbund Regionale Klima\u00e4nderungen und Mensch (REKLIM) entwickelte Kurs bundesweit in 128 Kommunen und auch in <a href=\"https:\/\/www.vhs-jena.de\" target=\"_blank\" rel=\"noopener\">Jena<\/a>.<\/p>\n<div id='gallery-1' class='gallery galleryid-6026 gallery-columns-3 gallery-size-thumbnail'><figure class='gallery-item'>\n\t\t\t<div class='gallery-icon landscape'>\n\t\t\t\t<a href='https:\/\/blog.jena.de\/jenakultur\/wp-content\/uploads\/sites\/25\/2022\/02\/jenakultur-klima-fit-220120-klimafit-post-01.png' title=\"klima.fit\" data-rl_title=\"klima.fit\" class=\"rl-gallery-link\" data-rl_caption=\"\" data-rel=\"lightbox-gallery-1\"><img loading=\"lazy\" decoding=\"async\" width=\"400\" height=\"400\" src=\"https:\/\/blog.jena.de\/jenakultur\/wp-content\/uploads\/sites\/25\/2022\/02\/jenakultur-klima-fit-220120-klimafit-post-01-400x400.png\" class=\"attachment-thumbnail size-thumbnail\" alt=\"Grafik: Die Erde als schmilzende Eiskugel in einem Eisbecher\" aria-describedby=\"gallery-1-6045\" srcset=\"https:\/\/blog.jena.de\/jenakultur\/wp-content\/uploads\/sites\/25\/2022\/02\/jenakultur-klima-fit-220120-klimafit-post-01-400x400.png 400w, https:\/\/blog.jena.de\/jenakultur\/wp-content\/uploads\/sites\/25\/2022\/02\/jenakultur-klima-fit-220120-klimafit-post-01-500x500.png 500w, https:\/\/blog.jena.de\/jenakultur\/wp-content\/uploads\/sites\/25\/2022\/02\/jenakultur-klima-fit-220120-klimafit-post-01-1000x1000.png 1000w, https:\/\/blog.jena.de\/jenakultur\/wp-content\/uploads\/sites\/25\/2022\/02\/jenakultur-klima-fit-220120-klimafit-post-01-768x767.png 768w, https:\/\/blog.jena.de\/jenakultur\/wp-content\/uploads\/sites\/25\/2022\/02\/jenakultur-klima-fit-220120-klimafit-post-01-691x690.png 691w, https:\/\/blog.jena.de\/jenakultur\/wp-content\/uploads\/sites\/25\/2022\/02\/jenakultur-klima-fit-220120-klimafit-post-01.png 1201w\" sizes=\"auto, (max-width: 400px) 100vw, 400px\" \/><\/a>\n\t\t\t<\/div>\n\t\t\t\t<figcaption class='wp-caption-text gallery-caption' id='gallery-1-6045'>\n\t\t\t\tklima.fit\n\t\t\t\t<\/figcaption><\/figure><figure class='gallery-item'>\n\t\t\t<div class='gallery-icon landscape'>\n\t\t\t\t<a href='https:\/\/blog.jena.de\/jenakultur\/wp-content\/uploads\/sites\/25\/2022\/02\/jenakultur-klima-fit-220120-klimafit-post-03.png' title=\"klima.fit\" data-rl_title=\"klima.fit\" class=\"rl-gallery-link\" data-rl_caption=\"\" data-rel=\"lightbox-gallery-1\"><img loading=\"lazy\" decoding=\"async\" width=\"400\" height=\"400\" src=\"https:\/\/blog.jena.de\/jenakultur\/wp-content\/uploads\/sites\/25\/2022\/02\/jenakultur-klima-fit-220120-klimafit-post-03-400x400.png\" class=\"attachment-thumbnail size-thumbnail\" alt=\"Grafik: Die Erde unter der Lupe, Sch\u00e4den werden sichtbar\" aria-describedby=\"gallery-1-6044\" srcset=\"https:\/\/blog.jena.de\/jenakultur\/wp-content\/uploads\/sites\/25\/2022\/02\/jenakultur-klima-fit-220120-klimafit-post-03-400x400.png 400w, https:\/\/blog.jena.de\/jenakultur\/wp-content\/uploads\/sites\/25\/2022\/02\/jenakultur-klima-fit-220120-klimafit-post-03-500x500.png 500w, https:\/\/blog.jena.de\/jenakultur\/wp-content\/uploads\/sites\/25\/2022\/02\/jenakultur-klima-fit-220120-klimafit-post-03-1000x1000.png 1000w, https:\/\/blog.jena.de\/jenakultur\/wp-content\/uploads\/sites\/25\/2022\/02\/jenakultur-klima-fit-220120-klimafit-post-03-768x767.png 768w, https:\/\/blog.jena.de\/jenakultur\/wp-content\/uploads\/sites\/25\/2022\/02\/jenakultur-klima-fit-220120-klimafit-post-03-691x690.png 691w, https:\/\/blog.jena.de\/jenakultur\/wp-content\/uploads\/sites\/25\/2022\/02\/jenakultur-klima-fit-220120-klimafit-post-03.png 1201w\" sizes=\"auto, (max-width: 400px) 100vw, 400px\" \/><\/a>\n\t\t\t<\/div>\n\t\t\t\t<figcaption class='wp-caption-text gallery-caption' id='gallery-1-6044'>\n\t\t\t\tklima.fit\n\t\t\t\t<\/figcaption><\/figure><figure class='gallery-item'>\n\t\t\t<div class='gallery-icon landscape'>\n\t\t\t\t<a href='https:\/\/blog.jena.de\/jenakultur\/wp-content\/uploads\/sites\/25\/2022\/02\/jenakultur-klima-fit-220120-klimafit-post-02.png' title=\"klima.fit\" data-rl_title=\"klima.fit\" class=\"rl-gallery-link\" data-rl_caption=\"\" data-rel=\"lightbox-gallery-1\"><img loading=\"lazy\" decoding=\"async\" width=\"400\" height=\"400\" src=\"https:\/\/blog.jena.de\/jenakultur\/wp-content\/uploads\/sites\/25\/2022\/02\/jenakultur-klima-fit-220120-klimafit-post-02-400x400.png\" class=\"attachment-thumbnail size-thumbnail\" alt=\"Grafik: Die Erde ist der Sonne ausgesetzt, ein Schirm sch\u00fctzt sie\" aria-describedby=\"gallery-1-6043\" srcset=\"https:\/\/blog.jena.de\/jenakultur\/wp-content\/uploads\/sites\/25\/2022\/02\/jenakultur-klima-fit-220120-klimafit-post-02-400x400.png 400w, https:\/\/blog.jena.de\/jenakultur\/wp-content\/uploads\/sites\/25\/2022\/02\/jenakultur-klima-fit-220120-klimafit-post-02-500x500.png 500w, https:\/\/blog.jena.de\/jenakultur\/wp-content\/uploads\/sites\/25\/2022\/02\/jenakultur-klima-fit-220120-klimafit-post-02-1000x1000.png 1000w, https:\/\/blog.jena.de\/jenakultur\/wp-content\/uploads\/sites\/25\/2022\/02\/jenakultur-klima-fit-220120-klimafit-post-02-768x768.png 768w, https:\/\/blog.jena.de\/jenakultur\/wp-content\/uploads\/sites\/25\/2022\/02\/jenakultur-klima-fit-220120-klimafit-post-02-690x690.png 690w, https:\/\/blog.jena.de\/jenakultur\/wp-content\/uploads\/sites\/25\/2022\/02\/jenakultur-klima-fit-220120-klimafit-post-02.png 1200w\" sizes=\"auto, (max-width: 400px) 100vw, 400px\" \/><\/a>\n\t\t\t<\/div>\n\t\t\t\t<figcaption class='wp-caption-text gallery-caption' id='gallery-1-6043'>\n\t\t\t\tklima.fit\n\t\t\t\t<\/figcaption><\/figure>\n\t\t<\/div>\n\n<p><strong>Alle Kurse finden in Kooperation mit und an den \u00f6rtlichen Volkshochschulen statt.<\/strong><\/p>\n<p>Warum den Partnern aus Wissenschaftsverbund und Naturschutzorganisation das Projekt so wichtig ist, sagt Bettina M\u00fcnch-Epple, Leiterin der WWF-Bildungsabteilung:<\/p>\n<blockquote>\n<p>Klimaschutz ist eine Gemeinschaftsaufgabe. Auf das Zusammenspiel von Politik, Wirtschaft und die Zivilgesellschaft kommt es an, wenn wir die Klimawende zu 1,5 Grad schaffen wollen. Deswegen ist es so wichtig, ein breites Verst\u00e4ndnis, Wissen und konkrete Handlungskompetenz \u00fcber die Klimakrise in die Gesellschaft zu tragen \u2013 bis hin zur lokalen Ebene. Die Auswirkungen der Erderhitzung sp\u00fcren wir alle. Und wir k\u00f6nnen alle etwas dagegen tun. Von Jahr zu Jahr nimmt das Interesse am Kurs \u201aklimafit\u2018 zu. Das zeigt uns, wie gut Kommunen gemeinsam mit ihren B\u00fcrger:innen klimafit werden.<\/p>\n<\/blockquote>\n<p>Dr. Klaus Grosfeld, Gesch\u00e4ftsf\u00fchrer von REKLIM, sagt:<\/p>\n<blockquote>\n<p>Die Auswirkungen der globalen Erw\u00e4rmung sind \u00fcberall auf der Welt sp\u00fcrbar, und immer mehr Menschen sind hierdurch in ihrer Existenz bedroht. In Deutschland war 2021 das teuerste Naturgefahrenjahr seit Beginn der Statistik im Jahr 1970. Die Auswirkungen des Klimawandels und die Sch\u00e4den werden zunehmen, wenn wir den Aussto\u00df von CO2 nicht drastisch begrenzen. Mit dem \u201eklimafit\u201c-Kurs bieten wir wichtiges Wissen und Fakten rund um das Thema Klimawandel f\u00fcr jede und jeden an, um im kommunalen und pers\u00f6nlichen Bereich wirksam handeln zu k\u00f6nnen.<\/p>\n<\/blockquote>\n<p>An sechs Kursabenden lernen die Kursteilnehmenden in Pr\u00e4sens- und Onlineterminen, welche Ursachen und Folgen die Klimakrise hat, welches die Treiber sind, wie das Klimaschutz- und Klimaanpassungskonzept ihrer Kommune aussieht. Dabei haben sie die M\u00f6glichkeit, mit f\u00fchrenden Klimawissenschaftler:innen, regionalen und lokalen Expert:innen und Initiativen zu sprechen. Nach erfolgreicher Teilnahme erhalten sie ihr \u201eklimafit\u201c-Zertifikat, das sie als Multiplikator:innen f\u00fcr den kommunalen Klimaschutz auszeichnet.<\/p>\n<p>Der Fortbildungskurs richtet sich an alle engagierten B\u00fcrger:innen, die mithelfen m\u00f6chten, ihre St\u00e4dte und Gemeinden klimafreundlich zu gestalten.<\/p>\n<h3><strong>Allgemeine Informationen<br \/><\/strong><\/h3>\n<p>Den Kurs \u201eklimafit\u201c haben der <a href=\"https:\/\/www.wwf.de\/?gclid=Cj0KCQiApL2QBhC8ARIsAGMm-KEXJIQGHT26wJYcU_ljvVM4tmQd_G89I6F2FspdMDDyserDRRFiLpAaAjVyEALw_wcB\" target=\"_blank\" rel=\"noopener\">WWF Deutschland<\/a> und der Helmholtz-Forschungsverbund <a href=\"https:\/\/www.reklim.de\/\" target=\"_blank\" rel=\"noopener\">\u201eRegionale Klima\u00e4nderungen und Mensch&#8220; (REKLIM)<\/a> 2017 gemeinsam entwickelt. Als dritter Projektpartner im Konsortium f\u00fchrt die <a href=\"https:\/\/www.uni-hamburg.de\/\" target=\"_blank\" rel=\"noopener\">Universit\u00e4t Hamburg<\/a> die Begleitforschung zum Projekt durch. Lokale Klimaschutzverantwortliche, Vertreter:innen von lokalen Initiativen und Wissenschaftler:innen unterst\u00fctzen die Kurse mit Fachbeitr\u00e4gen. Das Projekt wird durch regionale Partner verst\u00e4rkt, darunter ecolo \u2013 Agentur f\u00fcr \u00d6kologie und Kommunikation, LIFE Bildung Umwelt Chancengleichheit e. V., Verein Zukunftsf\u00e4higes Th\u00fcringen e. V., Projekt Nachhaltigkeitszentrum Th\u00fcringen, KlimaKom eG, ifpro \u2013 Institut f\u00fcr Fortbildung und Projektmanagement, Institut f\u00fcr angewandtes Stoffstrommanagement (IfaS) am Umwelt-Campus Birkenfeld der Hochschule Trier und KlimaDiskurs.NRW e. V.<\/p>\n<p>Eine \u00dcbersicht \u00fcber alle Partner finden Sie unter <u>www.klimafit-kurs.de\/ueber-klimafit\/unsere-partner.<\/u><\/p>\n<p>Das Bildungsprojekt wird seit Januar 2022 f\u00fcr drei Jahre von der Nationalen Klimaschutzinitiative des Bundesministeriums f\u00fcr Umwelt, Naturschutz und nukleare Sicherheit aufgrund eines Beschlusses des Deutschen Bundestages gef\u00f6rdert.<\/p>\n\n\n\n<div class=\"wp-block-buttons alignwide is-layout-flex wp-block-buttons-is-layout-flex\">\n<div class=\"wp-block-button aligncenter\"><a class=\"wp-block-button__link has-white-color has-dark-blue-background-color has-text-color has-background\" href=\"www.klimafit-kurs.de\/kurs-finden\">\u00dcbersichtskarte Standorte<\/a><\/div>\n<\/div>\n\n\n\n<h3>&nbsp;<\/h3>\n<h3><strong>Hintergrund zum Kurs an der vhs Jena<\/strong><\/h3>\n<p><strong>dienstags, ab 22.03.2022 | jeweils 18 \u2013 21 Uhr | 6 Abende<\/strong><\/p>\n<p><strong>22.03.2022<\/strong> | Grundlagen des Klimawandels und Einf\u00fchrung in die kommunale Herausforderung&nbsp;<\/p>\n<p><strong>05.04.2022<\/strong> | Ursachen des Klimawandels und Klimaschutz auf kommunaler Ebene&nbsp;<\/p>\n<p><strong>28.04.2022<\/strong> | Expertendialog mit f\u00fchrenden Klimaforscherinnen- und Forschern (online)<\/p>\n<p><strong>03.05.2022<\/strong> | Regionale Folgen des Klimawandels und was kann ich selbst tun?<\/p>\n<p><strong>17.05.2022<\/strong> | Expertentipps zu Energie, Mobilit\u00e4t und Ern\u00e4hrung (online)<\/p>\n<p><strong>31.05.2022<\/strong> | Klimaanpassung \u2013 wie geht das? Zertifikatsverleihung<\/p>\n<p><strong>Voraussichtlicher Ort:<\/strong> Berufsschulzentrum &#8222;Karl Volkmar Stoy&#8220;, Paradiesstra\u00dfe 5, R. 02_08 (Eine m\u00f6gliche \u00c4nderung wird rechtzeitig bekannt gegeben.)<\/p>\n<p><strong>Entgelt:<\/strong> 17 Euro<\/p>\n<p><strong>Dozenten:<\/strong> Jan Koltermann (Diplomingenieur (FH) f\u00fcr Umwelttechnik \/ Umweltverfahrenstechnik) und Kevin Muschalle-Momberg (Klimaschutzkoordinator, Dezernat Stadtentwicklung und Umwelt, Stadt Jena)<\/p>\n<p>22F10410<\/p>\n<p><em>Finanzielle F\u00f6rderung in Th\u00fcringen \u00fcber die Richtlinie Klima Invest des TMUEN sowie die Landeszentrale f\u00fcr politische Bildung Th\u00fcringen.<\/em><\/p>\n<p>&nbsp;<\/p>\n<p><strong><em>Und Sie, liebe Leser:innen? Haben Sie Interesse an einem klima-fit-Kurs? Oder sind Sie vielleicht schon &#8218;klimafit&#8216; und tun, was Sie k\u00f6nnen? Wie immer sind wir an Ihrer Meinung zum Thema interessiert!<\/em><\/strong><\/p>\n","protected":false},"excerpt":{"rendered":"<p>Jetzt f\u00fcr den Kurs anmelden und das \u201eKlima vor der Haust\u00fcr\u201c sch\u00fctzen Die Klimakrise hinterl\u00e4sst ihre Spuren schon l\u00e4ngst in Deutschland. Dies haben&hellip;<\/p>\n","protected":false},"author":22,"featured_media":6029,"comment_status":"open","ping_status":"closed","sticky":false,"template":"","format":"standard","meta":{"footnotes":""},"categories":[1,29],"tags":[34,832],"class_list":["post-6026","post","type-post","status-publish","format-standard","has-post-thumbnail","hentry","category-allgemein","category-vhs","tag-jena","tag-klimafit"],"_links":{"self":[{"href":"https:\/\/blog.jena.de\/jenakultur\/wp-json\/wp\/v2\/posts\/6026","targetHints":{"allow":["GET"]}}],"collection":[{"href":"https:\/\/blog.jena.de\/jenakultur\/wp-json\/wp\/v2\/posts"}],"about":[{"href":"https:\/\/blog.jena.de\/jenakultur\/wp-json\/wp\/v2\/types\/post"}],"author":[{"embeddable":true,"href":"https:\/\/blog.jena.de\/jenakultur\/wp-json\/wp\/v2\/users\/22"}],"replies":[{"embeddable":true,"href":"https:\/\/blog.jena.de\/jenakultur\/wp-json\/wp\/v2\/comments?post=6026"}],"version-history":[{"count":14,"href":"https:\/\/blog.jena.de\/jenakultur\/wp-json\/wp\/v2\/posts\/6026\/revisions"}],"predecessor-version":[{"id":6129,"href":"https:\/\/blog.jena.de\/jenakultur\/wp-json\/wp\/v2\/posts\/6026\/revisions\/6129"}],"wp:featuredmedia":[{"embeddable":true,"href":"https:\/\/blog.jena.de\/jenakultur\/wp-json\/wp\/v2\/media\/6029"}],"wp:attachment":[{"href":"https:\/\/blog.jena.de\/jenakultur\/wp-json\/wp\/v2\/media?parent=6026"}],"wp:term":[{"taxonomy":"category","embeddable":true,"href":"https:\/\/blog.jena.de\/jenakultur\/wp-json\/wp\/v2\/categories?post=6026"},{"taxonomy":"post_tag","embeddable":true,"href":"https:\/\/blog.jena.de\/jenakultur\/wp-json\/wp\/v2\/tags?post=6026"}],"curies":[{"name":"wp","href":"https:\/\/api.w.org\/{rel}","templated":true}]}}