{"id":6006,"date":"2022-02-18T07:26:00","date_gmt":"2022-02-18T06:26:00","guid":{"rendered":"https:\/\/blog.jena.de\/jenakultur\/?p=6006"},"modified":"2022-02-16T15:53:25","modified_gmt":"2022-02-16T14:53:25","slug":"sternenlese-von-der-liebe-zur-literatur-und-zu-den-sternen","status":"publish","type":"post","link":"https:\/\/blog.jena.de\/jenakultur\/2022\/02\/18\/sternenlese-von-der-liebe-zur-literatur-und-zu-den-sternen\/","title":{"rendered":"Sternenlese: Von der Liebe zur Literatur und zu den Sternen"},"content":{"rendered":"\n<p style=\"text-align: justify\"><em>&#8222;Greifen Sie im neuen Jahr mit uns nach den Sternen.&#8220; \u2013 <\/em><em>D<\/em><em>iesen Aufruf von <\/em><em>JenaKultur<\/em><em> nimmt die <a href=\"https:\/\/www.stadtbibliothek-jena.de\/de\/startseite\/700073\" target=\"_blank\" rel=\"noopener\">Ernst-Abbe-B\u00fccherei Jena<\/a> w\u00f6rtlich<\/em><em>, und zwar<\/em><em>&nbsp;<\/em><em>im <a href=\"https:\/\/www.planetarium-jena.de\/\" target=\"_blank\" rel=\"noopener\">Zeiss-Planetarium Jena<\/a><\/em><em>. <\/em><em>Im Interview<\/em><em> mit Stefan Harnisch, <\/em><em>Leiter des Zeiss-Planetariums Jena, und Katja M\u00fcller, Leiterin der Ernst-Abbe-B\u00fccherei Jena, spricht Evelyn Meyer \u00fcber <\/em><em>ihr<\/em><em> gemeinsames Projekt: die Sternenlese.<\/em><\/p>\n\n\n\n<figure class=\"wp-block-image size-large\"><img loading=\"lazy\" decoding=\"async\" width=\"1000\" height=\"528\" src=\"https:\/\/blog.jena.de\/jenakultur\/wp-content\/uploads\/sites\/25\/2021\/12\/jenakultur-frohes-fest-jenakultur-weihnachtsdigital-2-1000x528.jpg\" alt=\"2020 nach den Sternen greifen\" class=\"wp-image-5733\" \/><figcaption>\u00a9Gottweiss Design<\/figcaption><\/figure>\n\n\n\n<p style=\"text-align: justify\"><strong>Was verbirgt sich hinter der &#8222;Sternenlese&#8220;? <\/strong><\/p>\n<p style=\"text-align: justify\"><strong>Katja <\/strong><strong>M\u00fcller:<\/strong> Wir sind immer auf der Suche nach neuen Veranstaltungsformaten, um auf die vielf\u00e4ltigen Themen, die der Buchmarkt bietet, einzugehen. Manche B\u00fccher bed\u00fcrfen auch einfach besonderer Orte, um bei Lesungen so richtig zu strahlen. Dazu kommt, dass wir zurzeit unseren eigenen Veranstaltungsraum nicht nutzen k\u00f6nnen. In dem gemeinsamen Projekt mit dem Planetarium ist geplant, vier Veranstaltungen pro Jahr zu organisieren. Das sollen Lesungen sein, bei denen sich die Projektion im Kuppelsaal des Planetariums gut einsetzen l\u00e4sst. Aber ganz bewusst werden es nicht nur astronomische oder Science-Fiction-B\u00fccher sein. Die Veranstaltungsreihe l\u00e4uft unter dem Motto &#8222;Sternenlese&#8220; \u2013 das trifft es aus unserer Sicht auf den Punkt. Wir freuen uns, in diesem Jahr gemeinsam zu starten.<\/p>\n<p style=\"text-align: justify\"><strong>Wie kam es zu der Zusammenarbeit zwischen EAB und <\/strong><strong>Planetarium? <\/strong><\/p>\n<p style=\"text-align: justify\"><strong>Stefan Harnisch:<\/strong><strong>&nbsp;<\/strong>So wie die Entstehung des Lebens auf unserem Planeten ein gro\u00dfer Zufall war, so war auch explizit der&nbsp;Start dieser Zusammenarbeit ein gl\u00fccklicher Zufall \u2013 zugegeben, dies ist sehr pathetisch formuliert.<br>Es reichte ein lockeres, angenehmes Gespr\u00e4ch zwischen zwei ehemaligen Kolleg:innen und die gemeinsame Begeisterung, andere Menschen durch verschiedene Medien in Szenerien, Geschichten und Tr\u00e4ume zu entf\u00fchren.<br>Schon l\u00e4nger dachte ich mit meinem Team \u00fcber professionelle Lesungen unter den Sternen des Planetariums nach und \u00fcber den Zauber, den unsere Kuppel, in Verbindung mit einer Lesung, auf unsere G\u00e4ste wohl aus\u00fcben k\u00f6nnte. Als ich dann diesen Gedanken formulierte, blickte ich in ein zustimmend nickendes, freundlich l\u00e4chelndes Gesicht und stand \u2013 beinahe wortw\u00f6rtlich \u2013 vor offenen T\u00fcren.<\/p>\n\n\n\n<figure class=\"wp-block-image size-large\"><img loading=\"lazy\" decoding=\"async\" width=\"1000\" height=\"525\" src=\"https:\/\/blog.jena.de\/jenakultur\/wp-content\/uploads\/sites\/25\/2022\/02\/jenakultur-stefan-harnischdas-ist-thueringen-madlen-krippendorf-1000x525.jpg\" alt=\"Stefan Harnisch an seinen Rechnern im Planetarium mit projiziertem Sternenhimmel\" class=\"wp-image-6004\" srcset=\"https:\/\/blog.jena.de\/jenakultur\/wp-content\/uploads\/sites\/25\/2022\/02\/jenakultur-stefan-harnischdas-ist-thueringen-madlen-krippendorf-1000x525.jpg 1000w, https:\/\/blog.jena.de\/jenakultur\/wp-content\/uploads\/sites\/25\/2022\/02\/jenakultur-stefan-harnischdas-ist-thueringen-madlen-krippendorf-500x263.jpg 500w, https:\/\/blog.jena.de\/jenakultur\/wp-content\/uploads\/sites\/25\/2022\/02\/jenakultur-stefan-harnischdas-ist-thueringen-madlen-krippendorf-768x403.jpg 768w, https:\/\/blog.jena.de\/jenakultur\/wp-content\/uploads\/sites\/25\/2022\/02\/jenakultur-stefan-harnischdas-ist-thueringen-madlen-krippendorf.jpg 1200w\" sizes=\"auto, (max-width: 1000px) 100vw, 1000px\" \/><figcaption>Stefan Harnisch \u00a9Das ist Th\u00fcringen \/ Madlen Krippendorf<\/figcaption><\/figure>\n\n\n\n<p style=\"text-align: justify\"><strong>Wo sehen Sie den besonderen Reiz einer Lesung im Planetarium? <\/strong><\/p>\n<p style=\"text-align: justify\"><strong>Katja <\/strong><strong>M\u00fcller:<\/strong>&nbsp;Das Ambiente im Planetarium l\u00e4dt dazu ein, die Lesungen zu einem besonderen Erlebnis zu machen. Wir haben die Erfahrung gemacht, dass es in einer Zeit, in der fast jeder Autor oder jede Autorin im Internet lesend zu sehen und zu h\u00f6ren ist, mehr bedarf, als einen&nbsp;klassischen&nbsp;Vorleseabend. Wir planen inszenierte Veranstaltungen mit Bildern und, falls es sich anbietet, mit Musik.<\/p>\n<p style=\"text-align: justify\">Wie sch\u00f6n kann es sein, sich unterm Sternenhimmel in die B\u00fccher zu tr\u00e4umen\u2026<\/p>\n<p style=\"text-align: justify\"><strong>Stefan Harnisch:<\/strong><strong>&nbsp;<\/strong>Schon seit der Zeit, in der noch ausschlie\u00dflich der Sternenhimmel und seine Geheimnisse in unserer Kuppel thematisiert wurden, war das Planetarium ein Ort, in dem man eine Geschichte nicht nur frontal dargeboten bekam, sondern wahrlich von ihr umgeben war und sie scheinbar tats\u00e4chlich erlebte.<br>Nat\u00fcrlich haben schon Planetarier-Generationen vor mir das Potential erkannt, welches in dieser Kuppel steckt.<br>Heute ist unser Jenaer Planetarium ein Sternen-Theater! Es ist durch seine Ganzkuppelprojektion in der Lage, auf eine unvergleichliche Art und Weise Geschichten lebendig und erlebbar zu machen. Dies erreicht es in einem gro\u00dfen Variet\u00e9: von &#8222;zur\u00fcckhaltend&#8220; mit reiner Sternen-Projektion oder ganz &#8222;offensiv&#8220; mittels FullDome-Projektions-Technologie.<br>Kurz gesagt: Das Planetarium ist weniger ein geschlossener Raum, sondern mehr ein Tor zu jeder Fantasie, die man projizieren kann, und eine Art Katalysator der eigenen, in einem schlummernden Fantasie.<\/p>\n<p style=\"text-align: justify\">So hat mich das Planetarium vor vielen Jahren begeistert und nicht mehr losgelassen, und so begeistert es unsere G\u00e4ste weiterhin Tag f\u00fcr Tag. Eine Lesung in unserem Haus ist eine weitere B\u00fchne in unserem Sternen-Theater, die auf dieses Thema ein neues mitrei\u00dfendes Licht zu werfen vermag.<\/p>\n\n\n\n<figure class=\"wp-block-image size-large\"><img loading=\"lazy\" decoding=\"async\" width=\"1000\" height=\"525\" src=\"https:\/\/blog.jena.de\/jenakultur\/wp-content\/uploads\/sites\/25\/2019\/08\/jenakultur-header-kw33-eab-ivjenatv-1000x525.jpg\" alt=\"Katja M\u00fcller, Leiterin der Ernst-Abbe-B\u00fccherei Jena\" class=\"wp-image-969\" srcset=\"https:\/\/blog.jena.de\/jenakultur\/wp-content\/uploads\/sites\/25\/2019\/08\/jenakultur-header-kw33-eab-ivjenatv-1000x525.jpg 1000w, https:\/\/blog.jena.de\/jenakultur\/wp-content\/uploads\/sites\/25\/2019\/08\/jenakultur-header-kw33-eab-ivjenatv-500x263.jpg 500w, https:\/\/blog.jena.de\/jenakultur\/wp-content\/uploads\/sites\/25\/2019\/08\/jenakultur-header-kw33-eab-ivjenatv-768x403.jpg 768w, https:\/\/blog.jena.de\/jenakultur\/wp-content\/uploads\/sites\/25\/2019\/08\/jenakultur-header-kw33-eab-ivjenatv.jpg 1200w\" sizes=\"auto, (max-width: 1000px) 100vw, 1000px\" \/><figcaption>Katja M\u00fcller \u00a9JenaTV<\/figcaption><\/figure>\n\n\n\n<p style=\"text-align: justify\"><strong>K\u00f6nnen<\/strong><strong> Sie uns bereits einen Einblick in das geplante Programm der &#8222;Sternenlese&#8220; geben?<\/strong><\/p>\n<p style=\"text-align: justify\"><strong>Katja M\u00fcller:<\/strong>&nbsp;Der Start der Reihe im Juni ist aus unserer Sicht auch schon ein Kn\u00fcller! Uns ist es gelungen, den Wissenschaftsblogger und Autor <a href=\"https:\/\/florian-freistetter.de\/\" target=\"_blank\" rel=\"noopener\">Florian Freistetter<\/a> zur ersten Veranstaltung zu gewinnen. Bekannt durch seinen Science-Blog und zahlreiche B\u00fccher, ist er mit Jena durch seine fr\u00fchere T\u00e4tigkeit im Astronomischen Institut verbunden. Er schreibt in seinem unverwechselbaren Stil zu astronomischen Themen (&#8222;Eine Geschichte des Universums in 100 Sternen&#8220;, 2019) oder aber \u2013 ganz popul\u00e4r \u2013 sein neuestes Buch &#8222;Die Geschichte der Welt in 100 Mikroorganismen&#8220;, 2021.<\/p>\n<p style=\"text-align: justify\">Besonders freuen wir uns auch auf einen Mascha-Kal\u00e9ko-Abend mit <a href=\"https:\/\/kleingeldprinzessin.de\/\" target=\"_blank\" rel=\"noopener\">DOTA<\/a>. DOTA ist eine Berliner Band, die sich durch zeitkritische Texte auszeichnet. Die Musik ist von Bossa Nova und Jazz stark beeinflusst. 2020 haben sie mit dem Album &#8222;MASCHA KAL\u00c9KO&#8220; eine neue Richtung eingeschlagen: Hier wird \u2013 gemeinsam mit herausragenden Duett-Partnern \u2013 die bisweilen ironische, oft herzblutig beseelte Gro\u00dfstadtlyrik von Mascha Kal\u00e9ko in wunderbarer Weise vertont.<\/p>\n<p style=\"text-align: justify\">Wer die Texte von Mascha Kal\u00e9ko kennt und liebt, wird auch die musische Interpretation von DOTA m\u00f6gen. Wir freuen uns sehr auf ein tolles Konzert im Kuppelsaal des Zeiss-Planetariums.<\/p>\n\n\n\n<div class=\"wp-block-columns is-layout-flex wp-container-core-columns-is-layout-9d6595d7 wp-block-columns-is-layout-flex\">\n<div class=\"wp-block-column is-layout-flow wp-block-column-is-layout-flow\">\n<figure class=\"wp-block-image size-full\"><img loading=\"lazy\" decoding=\"async\" width=\"600\" height=\"600\" src=\"https:\/\/blog.jena.de\/jenakultur\/wp-content\/uploads\/sites\/25\/2022\/02\/jenakultur-florian-freistetterfranzi-schaedel-1.jpg\" alt=\"Portrait von Florian Freistetter in einer Gasse\" class=\"wp-image-6015\" srcset=\"https:\/\/blog.jena.de\/jenakultur\/wp-content\/uploads\/sites\/25\/2022\/02\/jenakultur-florian-freistetterfranzi-schaedel-1.jpg 600w, https:\/\/blog.jena.de\/jenakultur\/wp-content\/uploads\/sites\/25\/2022\/02\/jenakultur-florian-freistetterfranzi-schaedel-1-500x500.jpg 500w, https:\/\/blog.jena.de\/jenakultur\/wp-content\/uploads\/sites\/25\/2022\/02\/jenakultur-florian-freistetterfranzi-schaedel-1-400x400.jpg 400w\" sizes=\"auto, (max-width: 600px) 100vw, 600px\" \/><figcaption>Florian Freistetter \u00a9Franzi Sch\u00e4del<\/figcaption><\/figure>\n<\/div>\n\n\n\n<div class=\"wp-block-column is-layout-flow wp-block-column-is-layout-flow\">\n<figure class=\"wp-block-image size-large\"><img loading=\"lazy\" decoding=\"async\" width=\"1000\" height=\"1000\" src=\"https:\/\/blog.jena.de\/jenakultur\/wp-content\/uploads\/sites\/25\/2022\/02\/jenakultur-dota-janannika-weinthal-1-1000x1000.jpg\" alt=\"Schwarz-wei\u00df Foto der S\u00e4ngerin DOTA, im Hintergrund unscharf der Musiker Jan\" class=\"wp-image-6014\" srcset=\"https:\/\/blog.jena.de\/jenakultur\/wp-content\/uploads\/sites\/25\/2022\/02\/jenakultur-dota-janannika-weinthal-1-1000x1000.jpg 1000w, https:\/\/blog.jena.de\/jenakultur\/wp-content\/uploads\/sites\/25\/2022\/02\/jenakultur-dota-janannika-weinthal-1-500x500.jpg 500w, https:\/\/blog.jena.de\/jenakultur\/wp-content\/uploads\/sites\/25\/2022\/02\/jenakultur-dota-janannika-weinthal-1-400x400.jpg 400w, https:\/\/blog.jena.de\/jenakultur\/wp-content\/uploads\/sites\/25\/2022\/02\/jenakultur-dota-janannika-weinthal-1-768x768.jpg 768w, https:\/\/blog.jena.de\/jenakultur\/wp-content\/uploads\/sites\/25\/2022\/02\/jenakultur-dota-janannika-weinthal-1-1536x1536.jpg 1536w, https:\/\/blog.jena.de\/jenakultur\/wp-content\/uploads\/sites\/25\/2022\/02\/jenakultur-dota-janannika-weinthal-1-690x690.jpg 690w, https:\/\/blog.jena.de\/jenakultur\/wp-content\/uploads\/sites\/25\/2022\/02\/jenakultur-dota-janannika-weinthal-1-1320x1320.jpg 1320w, https:\/\/blog.jena.de\/jenakultur\/wp-content\/uploads\/sites\/25\/2022\/02\/jenakultur-dota-janannika-weinthal-1.jpg 1600w\" sizes=\"auto, (max-width: 1000px) 100vw, 1000px\" \/><figcaption>DOTA \u00a9Annika Weinthal<\/figcaption><\/figure>\n<\/div>\n<\/div>\n\n\n\n<p style=\"text-align: justify\"><strong>Abschlie\u00dfend noch eine private Frage: <\/strong><strong>Schauen Sie lieber in B\u00fccher oder in die Sterne? <\/strong><\/p>\n<p style=\"text-align: justify\"><strong>Katja M\u00fcller:<\/strong>&nbsp;Das eine schlie\u00dft ja das andere nicht aus. Ich bin ein B\u00fcchermensch und muss einfach jeden Tag lesen. Mein M\u00f6chte-Ich-Unbedingt-Noch-Lesen-Stapel wird einfach nicht kleiner\u2026 Und romantisch in die Sterne schauen, hat doch auch seinen eigenen Reiz!<\/p>\n<p style=\"text-align: justify\">Weniger sattelfest bin ich allerdings bei der Orientierung am Sternenhimmel oder gar beim Erkennen der einzelnen Sterne\u2026<\/p>\n<p style=\"text-align: justify\"><strong>Stefan Harnisch:<\/strong><strong>&nbsp;<\/strong>Wohl beides.<strong>&nbsp;<\/strong>Zugegeben, B\u00fccher lese und erlebe ich beinahe nur mit meinen Kindern. Ich liebe es, ihnen vorzulesen und die Geschichten lebendig werden zu lassen. Und sie lieben es, wenn ich mit meiner Stimme oder Art des Sprechens in die einzelnen Protagonisten der Geschichte schl\u00fcpfe. So erleben wir die Geschichte alle zusammen.<br>Allerdings gilt auch gleiches, wenn wir gemeinsam in die Sterne schauen, wir dieses Geschichtsbuch z.B. der griechischen Mythologie &#8222;aufschlagen&#8220; und uns dort, z. B. in den Abenteuern des Helden Perseus, die Sp\u00e4tsommernacht um die Ohren schlagen.<\/p>\n\n\n\n<hr class=\"wp-block-separator\" \/>\n\n\n<p style=\"text-align: justify\"><em>Kultur im besonderen Ambiente \u2013 ist es nicht das, was in \u00fcber zwei Jahren Pandemie und Veranstaltungen vor dem heimischen PC so gefehlt hat? Sich von der Stimmung des Ortes tragen zu lassen und ein Erlebnis in der Gemeinschaft zu genie\u00dfen? <\/em><em>Wir freuen uns auf die neue Reihe von Ernst-Abbe-B\u00fccherei und Zeiss-Planetarium!<\/em><\/p>\n<p style=\"text-align: justify\"><em>Welche Formate oder Autor:innen k\u00f6nnen Sie sich unter der Sternenkuppel vorstellen? Haben Sie dort vielleicht schon einen unvergesslichen Moment erlebt? Teilen Sie Ihre Gedanken in den Kommentaren!<\/em><\/p>","protected":false},"excerpt":{"rendered":"<p>&#8222;Greifen Sie im neuen Jahr mit uns nach den Sternen.&#8220; \u2013 Diesen Aufruf von JenaKultur nimmt die Ernst-Abbe-B\u00fccherei Jena w\u00f6rtlich, und zwar&nbsp;im Zeiss-Planetarium&hellip;<\/p>\n","protected":false},"author":22,"featured_media":6017,"comment_status":"open","ping_status":"closed","sticky":false,"template":"","format":"standard","meta":{"footnotes":""},"categories":[12,9],"tags":[464,472,547,831,830],"class_list":["post-6006","post","type-post","status-publish","format-standard","has-post-thumbnail","hentry","category-eab","category-jenakultur","tag-interview","tag-kooperationen","tag-literatur","tag-sternenlese","tag-zeiss-planetarium-jena"],"_links":{"self":[{"href":"https:\/\/blog.jena.de\/jenakultur\/wp-json\/wp\/v2\/posts\/6006","targetHints":{"allow":["GET"]}}],"collection":[{"href":"https:\/\/blog.jena.de\/jenakultur\/wp-json\/wp\/v2\/posts"}],"about":[{"href":"https:\/\/blog.jena.de\/jenakultur\/wp-json\/wp\/v2\/types\/post"}],"author":[{"embeddable":true,"href":"https:\/\/blog.jena.de\/jenakultur\/wp-json\/wp\/v2\/users\/22"}],"replies":[{"embeddable":true,"href":"https:\/\/blog.jena.de\/jenakultur\/wp-json\/wp\/v2\/comments?post=6006"}],"version-history":[{"count":11,"href":"https:\/\/blog.jena.de\/jenakultur\/wp-json\/wp\/v2\/posts\/6006\/revisions"}],"predecessor-version":[{"id":6025,"href":"https:\/\/blog.jena.de\/jenakultur\/wp-json\/wp\/v2\/posts\/6006\/revisions\/6025"}],"wp:featuredmedia":[{"embeddable":true,"href":"https:\/\/blog.jena.de\/jenakultur\/wp-json\/wp\/v2\/media\/6017"}],"wp:attachment":[{"href":"https:\/\/blog.jena.de\/jenakultur\/wp-json\/wp\/v2\/media?parent=6006"}],"wp:term":[{"taxonomy":"category","embeddable":true,"href":"https:\/\/blog.jena.de\/jenakultur\/wp-json\/wp\/v2\/categories?post=6006"},{"taxonomy":"post_tag","embeddable":true,"href":"https:\/\/blog.jena.de\/jenakultur\/wp-json\/wp\/v2\/tags?post=6006"}],"curies":[{"name":"wp","href":"https:\/\/api.w.org\/{rel}","templated":true}]}}