{"id":5936,"date":"2022-02-04T07:26:00","date_gmt":"2022-02-04T06:26:00","guid":{"rendered":"https:\/\/blog.jena.de\/jenakultur\/?p=5936"},"modified":"2022-02-02T12:17:25","modified_gmt":"2022-02-02T11:17:25","slug":"mitarbeiterinnen-von-jenakultur-vorgestellt-heute-dirk-postler-referent-der-werkleitung","status":"publish","type":"post","link":"https:\/\/blog.jena.de\/jenakultur\/2022\/02\/04\/mitarbeiterinnen-von-jenakultur-vorgestellt-heute-dirk-postler-referent-der-werkleitung\/","title":{"rendered":"Mitarbeiter:innen von JenaKultur vorgestellt: Heute Dirk Postler, Referent der Werkleitung"},"content":{"rendered":"\n<p style=\"text-align: justify\"><em>Es ist unterdessen zu einer sch\u00f6nen Tradition geworden, dass wir ab und zu in unserem Blog Kolleg:innen vorstellen, am liebsten nat\u00fcrlich die, die neu hinzukommen. Das gew\u00e4hrt interessante Einblicke hinter die Kulissen. In den letzten Wochen fand sich hier also \u00f6fters mal ein Portr\u00e4t bzw. Gespr\u00e4ch. Das zeigt, dass <a href=\"https:\/\/www.jenakultur.de\/de\/startseite\/605322\" target=\"_blank\" rel=\"noopener\">JenaKultur<\/a> in Bewegung ist. Gerade f\u00fchlt es sich an, als bef\u00e4nden wir uns in einem Generationswechsel: J\u00fcngere kommen nach und \u00fcbernehmen den Staffelstab von den \u00c4lteren. Begleiterscheinung dieses stetigen Ver\u00e4nderungsprozesses ist auch, dass der Eigenbetrieb immer wieder seine Strukturen \u00fcberdenkt und neuen Erfordernissen anpasst. Gerade in diesen turbulenten Zeiten, die es \u00fcber Geb\u00fchr notwendig machen, sich mit zus\u00e4tzlichen zeitaufwendigen administrativen Dingen \u2013 Infektionsschutzkonzepten, Kurzarbeit, Krisenst\u00e4ben, Hotlines, Schlie\u00df- und \u00d6ffnungsszenarien, Impfquoten und anderen Folgen der Pandemie \u2013 zu besch\u00e4ftigen, wurde deutlich, dass die Werkleitung dringend Unterst\u00fctzung braucht, wenn parallel auch die vielen notwendigen strategischen Konzeptprozesse f\u00fcr alle Bereiche reibungslos weiter laufen sollen. So wurde die Stelle Referent:in der Werkleitung geschaffen und nun mit Dirk Postler besetzt.<\/em><\/p>\n\n\n\n<p style=\"text-align: justify\"><strong>Lieber Dirk, man gibt jedem, der irgendwo neu anf\u00e4ngt, in der Regel 100 Tage, ehe man ihn zu der neuen Aufgabe befragt. Bei Dir sind die 100 Tage um. Die waren durch Corona nat\u00fcrlich irgendwie nicht ganz normal. Andererseits hast Du bereits Erfahrungen in einer Verwaltung gesammelt und kennst sicher schwierige Situationen. Erz\u00e4hle doch mal etwas \u00fcber Dich. Wie war denn Dein bisheriger Ausbildungs- und Berufsweg? Was sind Deine St\u00e4rken und Schw\u00e4chen? Was reizt Dich an der Aufgabe bei uns?<\/strong><\/p>\n<p style=\"text-align: justify\">Das stimmt. Ich habe mal schnell nachgeschaut, und es sind tats\u00e4chlich schon \u00fcber 150 Tage, die ich hier sein darf!<br \/>Als geb\u00fcrtiger Zwickauer bin ich urspr\u00fcnglich zum Studieren nach Jena gekommen und habe hier meinen Magisterabschluss in Politikwissenschaft gemacht. W\u00e4hrenddessen und danach hatte ich verschiedene kleinere Jobs in der Gastronomie und Veranstaltungsbranche, bis ich eine Arbeit fand, in der ich mein Studienwissen einbringen konnte. Zuletzt war ich etwa f\u00fcnf Jahre in Reichenbach im Vogtland als Pers\u00f6nlicher Referent des Oberb\u00fcrgermeisters t\u00e4tig. In einer Stadt mit rund 20.000 Einwohner:innen ist die Verwaltung kleiner, aber daf\u00fcr das Aufgabenfeld gr\u00f6\u00dfer. Gerade, wenn man in so einer Querschnittsposition ist, gibt das Gelegenheit, in viele Bereiche hineinzuschauen. Daraus ergibt sich, denke ich, auch eine St\u00e4rke, denn ich war immer gefordert, mich in neue Themen einzuarbeiten. Das liegt mir auch ganz gut, denn dadurch bleibt es spannend. \u00dcber Schw\u00e4chen spricht man doch nicht so gern, aber wenn Du schon danach fragst, gebe ich zu, dass Gummib\u00e4rchen und Kekse definitiv dazu geh\u00f6ren.<\/p>\n<p style=\"text-align: justify\">W\u00e4hrend meiner Studienzeit habe ich die vielf\u00e4ltige Kulturszene Jenas kennengelernt, die dazu beitr\u00e4gt, dass die Stadt so attraktiv ist. F\u00fcr mich stand fest, dass ich irgendwann wieder hierher zur\u00fcck m\u00f6chte. Als ich von der offenen Stelle als Referent:in der Werkleitung erfuhr, war ich sofort interessiert. Es ist f\u00fcr mich eine Gelegenheit, die Kultur in Jena sozusagen von innen kennenzulernen und dabei mitzuhelfen, sie weiterzuentwickeln. Daher war ich sehr froh, als der Anruf von Jonas Zipf kam und mir die Stelle angeboten wurde. Auch wenn es nat\u00fcrlich bedeutete, meine bisherige Position aufzugeben, die ich auch sehr gern ausge\u00fcbt habe.<\/p>\n<p style=\"text-align: justify\"><strong>Nun bist Du seit 1. September bei JenaKultur. Mit welchen Aufgaben wurdest\/bist Du als Referent der Werkleitung betraut? Wie siehst Du selber Deine Rolle? Wo liegen die besonderen Herausforderungen?<\/strong><\/p>\n<p style=\"text-align: justify\">Als ich ankam, habe ich erst einmal bei der Durchf\u00fchrung von <a href=\"https:\/\/www.jenakultur.de\/de\/projekte_und_festivals\/kein_schlussstrich_\/894593\" target=\"_blank\" rel=\"noopener\">&#8222;Kein Schlussstrich!&#8220;<\/a> ausgeholfen und mir bei Besuchen in den Einrichtungen einen \u00dcberblick \u00fcber den Eigenbetrieb verschafft. <br \/>Grunds\u00e4tzlich unterst\u00fctze ich die Werkleitung bei den verschiedensten Aufgaben. Auch wenn das Meiste nat\u00fcrlich von Jonas Zipf kommt, ist dabei auch f\u00fcr Carsten M\u00fcller und Jana Gr\u00fcndig immer mal etwas zu erledigen. Das geht von kleineren Vorbereitungen, wie Recherchen und dem Abfassen von Briefen, bis hin zur Betreuung oder Mitarbeit in Projekten. So habe ich beispielsweise das <a href=\"https:\/\/www.tridelta-campus-hermsdorf.de\/news-reader\/tridelta-campus-kulturticket.html\" target=\"_blank\" rel=\"noopener\">TRIDELTA CAMPUS KulturTicket<\/a> verantwortet. Weiterhin habe ich das <a href=\"https:\/\/blog.jena.de\/jenakultur\/2021\/04\/23\/die-orgel-im-volkshaus-zu-geschichte-und-zukunft-des-historischen-instruments\/\" target=\"_blank\" rel=\"noopener\">Orgel-Thema<\/a> \u00fcbernommen und mir vorgenommen, es bald zu einem guten Abschluss zu bringen.<br \/><br \/><\/p>\n\n\n\n<div class=\"wp-block-columns is-layout-flex wp-container-core-columns-is-layout-9d6595d7 wp-block-columns-is-layout-flex\">\n<div class=\"wp-block-column is-layout-flow wp-block-column-is-layout-flow\">\n<figure class=\"wp-block-image size-full\"><img loading=\"lazy\" decoding=\"async\" width=\"1000\" height=\"525\" src=\"https:\/\/blog.jena.de\/jenakultur\/wp-content\/uploads\/sites\/25\/2022\/02\/jenakultur-kulturticket-tridelta-campus-hermsdorf.jpg\" alt=\"Tridelta Campus Kulturticket mit Abbildung multikultureller Personen darauf\" class=\"wp-image-5940\" srcset=\"https:\/\/blog.jena.de\/jenakultur\/wp-content\/uploads\/sites\/25\/2022\/02\/jenakultur-kulturticket-tridelta-campus-hermsdorf.jpg 1000w, https:\/\/blog.jena.de\/jenakultur\/wp-content\/uploads\/sites\/25\/2022\/02\/jenakultur-kulturticket-tridelta-campus-hermsdorf-500x263.jpg 500w, https:\/\/blog.jena.de\/jenakultur\/wp-content\/uploads\/sites\/25\/2022\/02\/jenakultur-kulturticket-tridelta-campus-hermsdorf-768x403.jpg 768w\" sizes=\"auto, (max-width: 1000px) 100vw, 1000px\" \/><figcaption>KulturTicket \u00a9TRIDELTA CAMPUS Hermsdorf<\/figcaption><\/figure>\n<\/div>\n\n\n\n<div class=\"wp-block-column is-layout-flow wp-block-column-is-layout-flow\">\n<figure class=\"wp-block-image size-large\"><img loading=\"lazy\" decoding=\"async\" width=\"1000\" height=\"525\" src=\"https:\/\/blog.jena.de\/jenakultur\/wp-content\/uploads\/sites\/25\/2022\/02\/jenakultur-volkshaus-orgeljenakultur-ahub-1000x525.jpg\" alt=\"B\u00fchne im Volkshaus Jena mit Instrumenten und Orgel\" class=\"wp-image-5941\" srcset=\"https:\/\/blog.jena.de\/jenakultur\/wp-content\/uploads\/sites\/25\/2022\/02\/jenakultur-volkshaus-orgeljenakultur-ahub-1000x525.jpg 1000w, https:\/\/blog.jena.de\/jenakultur\/wp-content\/uploads\/sites\/25\/2022\/02\/jenakultur-volkshaus-orgeljenakultur-ahub-500x263.jpg 500w, https:\/\/blog.jena.de\/jenakultur\/wp-content\/uploads\/sites\/25\/2022\/02\/jenakultur-volkshaus-orgeljenakultur-ahub-768x403.jpg 768w, https:\/\/blog.jena.de\/jenakultur\/wp-content\/uploads\/sites\/25\/2022\/02\/jenakultur-volkshaus-orgeljenakultur-ahub.jpg 1200w\" sizes=\"auto, (max-width: 1000px) 100vw, 1000px\" \/><figcaption>Volkshausorgel \u00a9JenaKultur, A. Hub<\/figcaption><\/figure>\n<\/div>\n<\/div>\n\n\n\n<p style=\"text-align: justify\">Inzwischen wurde ich in die Gremienarbeit eingearbeitet und betreue Kultur- und Werkausschuss, die nun einen gro\u00dfen Teil meiner Arbeitszeit beanspruchen. Daneben sitze ich in verschiedenen AGs und Jour fixes. Spannend ist momentan auch die Mitarbeit bei der Bewerbung Jenas f\u00fcr das <a href=\"https:\/\/www.bmi.bund.de\/SharedDocs\/kurzmeldungen\/DE\/2021\/07\/zukunftszentrum.html\" target=\"_blank\" rel=\"noopener\">&#8222;Zukunftszentrum f\u00fcr Europ\u00e4ische Transformation und Deutsche Einheit&#8220;<\/a>. <br \/>Herausfordernd ist, sich in der F\u00fclle der Aufgaben zurecht zu finden und f\u00fcr alle gen\u00fcgend Zeit zu haben. Gerade wenn man sozusagen drei Chefs hat. Doch ich denke, das gelingt mir immer besser. Auf jeden Fall wird es dadurch nie langweilig.<br \/>Meine Rolle sehe ich sowohl als Ansprechpartner und Unterst\u00fctzer f\u00fcr die Werkleitung, aber auch als Mittler hin zur Werkleitung, um dort Themen einzubringen.<\/p>\n<p style=\"text-align: justify\"><strong>Was sind Deine ersten Eindr\u00fccke vom Eigenbetrieb? Was findest Du gut, was findest Du \u00fcberpr\u00fcfenswert?<\/strong><\/p>\n<p style=\"text-align: justify\">Wir haben bei JenaKultur unglaublich f\u00e4hige und motivierte Kolleg:innen. Ich glaube aber, dass wir die Abstimmung verbessern k\u00f6nnen, um unsere Ressourcen effektiver zu nutzen. Hier liegt sicher noch Potential.<\/p>\n<p style=\"text-align: justify\"><strong>Wie wurdest Du bei JenaKultur aufgenommen?<\/strong><\/p>\n<p style=\"text-align: justify\">Ich wurde total herzlich aufgenommen. Alle sind freundlich, und die Atmosph\u00e4re ist sehr kollegial. Es macht mir viel Spa\u00df, mit den Menschen hier zu arbeiten.<\/p>\n<p style=\"text-align: justify\"><strong>Wir haben schon mitbekommen, dass Du Humor hast und gern lachst. Hast Du eine Anekdote aus Deinen ersten Tagen bei uns? Hast Du gerade einen Lieblingswitz? Was machst Du, wenn Du gerade nicht arbeitest?<\/strong><\/p>\n<p style=\"text-align: justify\">Ich bin davon \u00fcberzeugt, dass Humor vieles einfacher macht und ein kleiner Spa\u00df die Stimmung auflockert. Dabei sollte aber jeder auch \u00fcber sich selbst lachen k\u00f6nnen und sich nicht so ernst nehmen.<\/p>\n<p style=\"text-align: justify\">Mir ist noch gut in Erinnerung, als im September eine junge Frau an der T\u00fcr zum <a href=\"https:\/\/www.volksbad-jena.de\/de\/startseite\/648524\" target=\"_blank\" rel=\"noopener\">Volksbad<\/a> stand und hier schwimmen wollte. Dar\u00fcber werde ich vermutlich noch lange schmunzeln.<\/p>\n<p style=\"text-align: justify\">Echte Lieblingswitze, die man auf einem Blog ver\u00f6ffentlichen k\u00f6nnte, habe ich nicht. Ich bin eher Fan mehrdeutiger Wortspiele. Vermutlich liegt das daran, dass ich als Kind gern alte Aufnahmen von Heinz Erhardt oder Rolf Herricht und Hans-Joachim Preil geh\u00f6rt habe. Aktuell bringt mich Olaf Schuberts Wortakrobatik sehr zum Lachen.<\/p>\n<p style=\"text-align: justify\">In meiner Freizeit engagiere ich mich in einem Motorsportverein und organisiere eine Rennserie, an der ich auch teilnehme. Dazu geh\u00f6rt nat\u00fcrlich auch immer, dass ich in der Werkstatt stehe und am Sportger\u00e4t bastle.<\/p>\n\n\n\n<figure class=\"wp-block-image size-large\"><img loading=\"lazy\" decoding=\"async\" width=\"1000\" height=\"525\" src=\"https:\/\/blog.jena.de\/jenakultur\/wp-content\/uploads\/sites\/25\/2022\/02\/jenakultur-referent-dirk-postlerjenakultur-1000x525.jpg\" alt=\"Dirk Postler in seinem B\u00fcro vor dem Computer\" class=\"wp-image-5939\" srcset=\"https:\/\/blog.jena.de\/jenakultur\/wp-content\/uploads\/sites\/25\/2022\/02\/jenakultur-referent-dirk-postlerjenakultur-1000x525.jpg 1000w, https:\/\/blog.jena.de\/jenakultur\/wp-content\/uploads\/sites\/25\/2022\/02\/jenakultur-referent-dirk-postlerjenakultur-500x263.jpg 500w, https:\/\/blog.jena.de\/jenakultur\/wp-content\/uploads\/sites\/25\/2022\/02\/jenakultur-referent-dirk-postlerjenakultur-768x403.jpg 768w, https:\/\/blog.jena.de\/jenakultur\/wp-content\/uploads\/sites\/25\/2022\/02\/jenakultur-referent-dirk-postlerjenakultur.jpg 1200w\" sizes=\"auto, (max-width: 1000px) 100vw, 1000px\" \/><figcaption>\u00a9JenaKultur<\/figcaption><\/figure>\n\n\n\n<p style=\"text-align: justify\"><strong>Was ist Dein gr\u00f6\u00dfter Wunsch f\u00fcr Dich selbst, aber auch f\u00fcr JenaKultur, sagen wir f\u00fcr die n\u00e4chsten 5 Jahre?<\/strong><\/p>\n<p style=\"text-align: justify\">Ich w\u00fcnsche mir m\u00f6glichst bald, dass wir uns nicht mehr mit Hygienekonzepten besch\u00e4ftigen m\u00fcssen und unsere Einrichtungen besucht werden k\u00f6nnen.<\/p>\n<p style=\"text-align: justify\"><strong>Danke f\u00fcr das Gespr\u00e4ch und viel Erfolg bei JenaKultur! Und auch pers\u00f6nlich alles Gute f\u00fcr Dich.<\/strong><\/p>\n<p style=\"text-align: justify\">Ich danke auch!<\/p>\n\n\n\n<hr class=\"wp-block-separator\" \/>\n\n\n\n<p><em>Wir freuen uns, dass Dirk Postler zum Team JenaKultur gesto\u00dfen ist, und w\u00fcnschen ihm viel Erfolg und Freude!<\/em><br \/><em>Haben Sie auch W\u00fcnsche f\u00fcr ihn? Vielleicht hatten Sie schon Kontakt mit ihm oder kennen ihn aus seinen anderen Aktivit\u00e4ten hier in Jena? <\/em><\/p>\n<p><em>Schreiben Sie uns in den Kommentaren!<\/em><\/p>\n","protected":false},"excerpt":{"rendered":"<p>Es ist unterdessen zu einer sch\u00f6nen Tradition geworden, dass wir ab und zu in unserem Blog Kolleg:innen vorstellen, am liebsten nat\u00fcrlich die, die&hellip;<\/p>\n","protected":false},"author":22,"featured_media":5938,"comment_status":"open","ping_status":"closed","sticky":false,"template":"","format":"standard","meta":{"footnotes":""},"categories":[1,9],"tags":[825,751,824,8],"class_list":["post-5936","post","type-post","status-publish","format-standard","has-post-thumbnail","hentry","category-allgemein","category-jenakultur","tag-dirk-postler","tag-mitarbeiterinnen-bei-jenakultur","tag-referent","tag-werkleitung"],"_links":{"self":[{"href":"https:\/\/blog.jena.de\/jenakultur\/wp-json\/wp\/v2\/posts\/5936","targetHints":{"allow":["GET"]}}],"collection":[{"href":"https:\/\/blog.jena.de\/jenakultur\/wp-json\/wp\/v2\/posts"}],"about":[{"href":"https:\/\/blog.jena.de\/jenakultur\/wp-json\/wp\/v2\/types\/post"}],"author":[{"embeddable":true,"href":"https:\/\/blog.jena.de\/jenakultur\/wp-json\/wp\/v2\/users\/22"}],"replies":[{"embeddable":true,"href":"https:\/\/blog.jena.de\/jenakultur\/wp-json\/wp\/v2\/comments?post=5936"}],"version-history":[{"count":12,"href":"https:\/\/blog.jena.de\/jenakultur\/wp-json\/wp\/v2\/posts\/5936\/revisions"}],"predecessor-version":[{"id":5957,"href":"https:\/\/blog.jena.de\/jenakultur\/wp-json\/wp\/v2\/posts\/5936\/revisions\/5957"}],"wp:featuredmedia":[{"embeddable":true,"href":"https:\/\/blog.jena.de\/jenakultur\/wp-json\/wp\/v2\/media\/5938"}],"wp:attachment":[{"href":"https:\/\/blog.jena.de\/jenakultur\/wp-json\/wp\/v2\/media?parent=5936"}],"wp:term":[{"taxonomy":"category","embeddable":true,"href":"https:\/\/blog.jena.de\/jenakultur\/wp-json\/wp\/v2\/categories?post=5936"},{"taxonomy":"post_tag","embeddable":true,"href":"https:\/\/blog.jena.de\/jenakultur\/wp-json\/wp\/v2\/tags?post=5936"}],"curies":[{"name":"wp","href":"https:\/\/api.w.org\/{rel}","templated":true}]}}