{"id":5520,"date":"2021-11-12T07:31:00","date_gmt":"2021-11-12T06:31:00","guid":{"rendered":"https:\/\/blog.jena.de\/jenakultur\/?p=5520"},"modified":"2021-11-12T07:39:59","modified_gmt":"2021-11-12T06:39:59","slug":"ein-streifzug-durch-125-jahre-ernst-abbe-buecherei-jena","status":"publish","type":"post","link":"https:\/\/blog.jena.de\/jenakultur\/2021\/11\/12\/ein-streifzug-durch-125-jahre-ernst-abbe-buecherei-jena\/","title":{"rendered":"Ein Streifzug durch 125 Jahre Ernst-Abbe-B\u00fccherei Jena"},"content":{"rendered":"\n<p style=\"text-align: justify\"><em>Die <a href=\"https:\/\/www.stadtbibliothek-jena.de\/de\/startseite\/700073\" target=\"_blank\" rel=\"noopener\">Ernst-Abbe-B\u00fccherei Jena<\/a> (EAB) wird 125 Jahre alt. Zum Jubil\u00e4umsjahr ist es Zeit f\u00fcr einen kleinen R\u00fcckblick auf die Geschichte der EAB mit all ihren Ver\u00e4nderungen. Denn seit der Gr\u00fcndung der Bibliothek im Jahr 1896 hat sich viel getan.<\/em><\/p>\n<p style=\"text-align: justify\">Nicht nur ihren Standort hat die EAB mehrfach gewechselt, auch die auszuleihenden Medien haben sich in all den Jahren ver\u00e4ndert. Doch die Grundprinzipien der EAB blieben seit ihrer Gr\u00fcndung immer gleich: Die Bibliothek soll ein Ort sein, der f\u00fcr alle Menschen zug\u00e4nglich ist und M\u00f6glichkeiten f\u00fcr Kommunikation und Bildung bietet.<\/p>\n<p style=\"text-align: justify\">Im heutigen Video nehmen wir Sie mit auf eine Reise durch die Geschichte der EAB \u2013 und damit auch auf eine Reise quer durch Jena an die verschiedenen Orten, an denen die EAB bereits einen Standort hatte: In das <a href=\"https:\/\/www.volkshaus-jena.de\/de\/startseite\/694140\" target=\"_blank\" rel=\"noopener\">Volkshaus Jena<\/a>, in das <a href=\"https:\/\/www.stadtbibliothek-jena.de\/de\/bibliothek_vor_ort\/umzug_zwischenquartier\/852733\" target=\"_blank\" rel=\"noopener\">Zwischenquartier<\/a> der Bibliothek in der ehemaligen Augenklinik und in die <a href=\"https:\/\/www.stadtbibliothek-jena.de\/de\/bibliothek_vor_ort\/stadtteil-bibliothek\/700635\" target=\"_blank\" rel=\"noopener\">Stadtteilbibliothek Lobeda<\/a>. Aber schauen Sie selbst:<\/p>\n\n\n\n<figure class=\"wp-block-embed is-type-video is-provider-youtube wp-block-embed-youtube wp-embed-aspect-16-9 wp-has-aspect-ratio\"><div class=\"wp-block-embed__wrapper\">\n<iframe loading=\"lazy\" title=\"125 Jahre Ernst-Abbe-B\u00fccherei Jena\" width=\"900\" height=\"506\" src=\"https:\/\/www.youtube.com\/embed\/D_aa9Kneloc?feature=oembed\" frameborder=\"0\" allow=\"accelerometer; autoplay; clipboard-write; encrypted-media; gyroscope; picture-in-picture\" allowfullscreen><\/iframe>\n<\/div><\/figure>\n\n\n\n<p style=\"text-align: justify\">Wir gratulieren recht herzlich zum Jubil\u00e4um und freuen uns auf die n\u00e4chsten 125 Jahre mit der Ernst-Abbe-B\u00fccherei Jena!<\/p>\n\n\n\n<hr class=\"wp-block-separator\" \/>\n\n\n\n<p style=\"text-align: justify\"><em>Wie lang begleitet Sie schon die Ernst-Abbe-B\u00fccherei Jena? Was haben Sie sich im Laufe der Zeit ausgeliehen; welche Erlebnisse und Entdeckungen verbinden Sie damit? Welche Veranstaltungen haben Sie besucht? Schreiben Sie uns Ihre Eindr\u00fccke in die Kommentare!<\/em><\/p>\n","protected":false},"excerpt":{"rendered":"<p>Die Ernst-Abbe-B\u00fccherei Jena (EAB) wird 125 Jahre alt. Zum Jubil\u00e4umsjahr ist es Zeit f\u00fcr einen kleinen R\u00fcckblick auf die Geschichte der EAB mit&hellip;<\/p>\n","protected":false},"author":22,"featured_media":5521,"comment_status":"open","ping_status":"closed","sticky":false,"template":"","format":"standard","meta":{"footnotes":""},"categories":[1,12,9],"tags":[705,55,361,34,6,60],"class_list":["post-5520","post","type-post","status-publish","format-standard","has-post-thumbnail","hentry","category-allgemein","category-eab","category-jenakultur","tag-125-jahre-eab","tag-eab","tag-ernst-abbe-buecherei-jena","tag-jena","tag-jenakultur","tag-jubilaeum"],"_links":{"self":[{"href":"https:\/\/blog.jena.de\/jenakultur\/wp-json\/wp\/v2\/posts\/5520","targetHints":{"allow":["GET"]}}],"collection":[{"href":"https:\/\/blog.jena.de\/jenakultur\/wp-json\/wp\/v2\/posts"}],"about":[{"href":"https:\/\/blog.jena.de\/jenakultur\/wp-json\/wp\/v2\/types\/post"}],"author":[{"embeddable":true,"href":"https:\/\/blog.jena.de\/jenakultur\/wp-json\/wp\/v2\/users\/22"}],"replies":[{"embeddable":true,"href":"https:\/\/blog.jena.de\/jenakultur\/wp-json\/wp\/v2\/comments?post=5520"}],"version-history":[{"count":18,"href":"https:\/\/blog.jena.de\/jenakultur\/wp-json\/wp\/v2\/posts\/5520\/revisions"}],"predecessor-version":[{"id":5550,"href":"https:\/\/blog.jena.de\/jenakultur\/wp-json\/wp\/v2\/posts\/5520\/revisions\/5550"}],"wp:featuredmedia":[{"embeddable":true,"href":"https:\/\/blog.jena.de\/jenakultur\/wp-json\/wp\/v2\/media\/5521"}],"wp:attachment":[{"href":"https:\/\/blog.jena.de\/jenakultur\/wp-json\/wp\/v2\/media?parent=5520"}],"wp:term":[{"taxonomy":"category","embeddable":true,"href":"https:\/\/blog.jena.de\/jenakultur\/wp-json\/wp\/v2\/categories?post=5520"},{"taxonomy":"post_tag","embeddable":true,"href":"https:\/\/blog.jena.de\/jenakultur\/wp-json\/wp\/v2\/tags?post=5520"}],"curies":[{"name":"wp","href":"https:\/\/api.w.org\/{rel}","templated":true}]}}