{"id":5075,"date":"2021-09-01T12:02:00","date_gmt":"2021-09-01T10:02:00","guid":{"rendered":"https:\/\/blog.jena.de\/jenakultur\/?p=5075"},"modified":"2021-09-02T09:38:18","modified_gmt":"2021-09-02T07:38:18","slug":"applaus-fuer","status":"publish","type":"post","link":"https:\/\/blog.jena.de\/jenakultur\/2021\/09\/01\/applaus-fuer\/","title":{"rendered":"APPLAUS f\u00fcr&#8230;"},"content":{"rendered":"\n<h2 class=\"wp-block-heading\">WAGNER e. V. und Cosmic Dawn e. V. erhalten Spielst\u00e4ttenpreis 2021<\/h2>\n\n\n\n<p>F\u00fcr zwei Jenaer Spielst\u00e4tten gab es k\u00fcrzlich richtig viel <a href=\"https:\/\/applaus-award.de\/\" target=\"_blank\" rel=\"noopener\">APPLAUS<\/a>. Das wunderbar mehrdeutige Akronym steht dabei als Abk\u00fcrzung f\u00fcr eine \u201e<strong>A<\/strong>uszeichnung der <strong>P<\/strong>rogramm<strong>pla<\/strong>nung <strong>u<\/strong>nabh\u00e4ngiger <strong>S<\/strong>pielst\u00e4tten\u201c \u2013 einen Preis, den Prof. Monika Gr\u00fctters (Beauftragte der Bundesregierung f\u00fcr Kultur und Medien, kurz: BKM) j\u00e4hrlich f\u00fcr herausragende unabh\u00e4ngige Spielst\u00e4tten verleiht. Die Vereine <a href=\"https:\/\/www.wagnerverein-jena.de\/\" target=\"_blank\" rel=\"noopener\">WAGNER e. V.<\/a> und <a href=\"https:\/\/www.kuba-jena.de\/\" target=\"_blank\" rel=\"noopener\">Cosmic Dawn e. V.<\/a> k\u00f6nnen sich 2021 \u00fcber diesen Preis freuen. Ihr anspruchsvolles, kreatives und herausragendes Live-Musikprogramm hat \u00fcberzeugt. Und wir freuen uns mit \u2013 f\u00fcr die gro\u00dfartige Bereicherung der <a href=\"https:\/\/kultur.jena.de\/de\/kulturinjena-social-wall\" target=\"_blank\" rel=\"noopener\">#KulturinJena<\/a>!<\/p>\n<p>Warum beide Vereine trotz allem keine leichte Zeit hinter und vor sich haben, wof\u00fcr sie das Preisgeld in H\u00f6he von 25.000 \u20ac pro Verein dringend ben\u00f6tigen und nutzen wollen und welche Ver\u00e4nderungen anstehen, erfahren Sie in unserem heutigen Video.<\/p>\n<p>Spot an f\u00fcr herausragende Kultur in Jena! APPLAUS!!!!<\/p>\n\n\n\n<figure class=\"wp-block-embed is-type-video is-provider-youtube wp-block-embed-youtube wp-embed-aspect-16-9 wp-has-aspect-ratio\"><div class=\"wp-block-embed__wrapper\">\n<iframe loading=\"lazy\" title=\"APPLAUS f\u00fcr...\" width=\"900\" height=\"506\" src=\"https:\/\/www.youtube.com\/embed\/_CUwu08pxns?feature=oembed\" frameborder=\"0\" allow=\"accelerometer; autoplay; clipboard-write; encrypted-media; gyroscope; picture-in-picture\" allowfullscreen><\/iframe>\n<\/div><\/figure>\n\n\n\n<p>Doch f\u00fcr dieses Jahr ist noch nicht Schluss:<\/p>\n<p>Das letzte <a href=\"https:\/\/www.jena-veranstaltungen.de\/veranstaltungen\/10-09-2021-reopen-air-vol-iv\" target=\"_blank\" rel=\"noopener\">ReOpen Air Vol. IV<\/a> vom Cosmic Dawn f\u00fcr dieses Jahr findet am 10. und 11. September 2021 ebenso auf der Wiese der Papierm\u00fchle in Jena statt. Im Rahmen der Veranstaltungsreihe <a href=\"https:\/\/www.kultursommer-jena.de\" target=\"_blank\" rel=\"noopener\">&#8222;Kultursommer Jena&#8220;<\/a> und gef\u00f6rdert durch das Programm #NeustartKultur des BKM k\u00f6nnen u. a. <strong>Meloi<\/strong>, <strong>24\/7 Diva Heaven<\/strong>, <strong>Coogans Bluff<\/strong> und <strong>HI5<\/strong> live erlebt werden!<\/p>\n<p>Im Caf\u00e9 Wagner geht es nach der Sommerpause ab 3. September weiter mit einem gewohnt vielf\u00e4ltigen Programm. Dem ausverkauften <strong>Patrick Walker<\/strong> folgen, <strong>Human Tetris<\/strong>, <strong>Papst<\/strong> und viele grandiose und abwechslungsreiche &#8222;Impulse&#8220;.<\/p>\n<p>&nbsp;<\/p>\n\n\n\n<p><em>Liebe Leser:innen,<\/em><\/p>\n<p><em>sagen Sie uns heute, was ist Ihr &#8218;Liebling&#8216; in der breiten Jenaer Kulturlandschaft? Wer h\u00e4tte auch (einen) APPLAUS verdient? Und nat\u00fcrlich freuen sich auch das Wagner und der Cosmic Dawn an dieser Stelle auf Ihr Feedback und&#8230; APPLAUS!<\/em><\/p>\n<p><em>Danke!<\/em><\/p>\n\n\n\n\n","protected":false},"excerpt":{"rendered":"<p>WAGNER e. V. und Cosmic Dawn e. V. erhalten Spielst\u00e4ttenpreis 2021 F\u00fcr zwei Jenaer Spielst\u00e4tten gab es k\u00fcrzlich richtig viel APPLAUS. Das wunderbar&hellip;<\/p>\n","protected":false},"author":22,"featured_media":5079,"comment_status":"open","ping_status":"closed","sticky":false,"template":"","format":"standard","meta":{"footnotes":""},"categories":[1,706,10],"tags":[530,533,348,763,789],"class_list":["post-5075","post","type-post","status-publish","format-standard","has-post-thumbnail","hentry","category-allgemein","category-kultur-in-jena","category-kulturpolitik","tag-cafe-wagner","tag-cosmic-dawn","tag-kultur-in-jena","tag-kultursommer","tag-spielstaettenpreis"],"_links":{"self":[{"href":"https:\/\/blog.jena.de\/jenakultur\/wp-json\/wp\/v2\/posts\/5075","targetHints":{"allow":["GET"]}}],"collection":[{"href":"https:\/\/blog.jena.de\/jenakultur\/wp-json\/wp\/v2\/posts"}],"about":[{"href":"https:\/\/blog.jena.de\/jenakultur\/wp-json\/wp\/v2\/types\/post"}],"author":[{"embeddable":true,"href":"https:\/\/blog.jena.de\/jenakultur\/wp-json\/wp\/v2\/users\/22"}],"replies":[{"embeddable":true,"href":"https:\/\/blog.jena.de\/jenakultur\/wp-json\/wp\/v2\/comments?post=5075"}],"version-history":[{"count":20,"href":"https:\/\/blog.jena.de\/jenakultur\/wp-json\/wp\/v2\/posts\/5075\/revisions"}],"predecessor-version":[{"id":5138,"href":"https:\/\/blog.jena.de\/jenakultur\/wp-json\/wp\/v2\/posts\/5075\/revisions\/5138"}],"wp:featuredmedia":[{"embeddable":true,"href":"https:\/\/blog.jena.de\/jenakultur\/wp-json\/wp\/v2\/media\/5079"}],"wp:attachment":[{"href":"https:\/\/blog.jena.de\/jenakultur\/wp-json\/wp\/v2\/media?parent=5075"}],"wp:term":[{"taxonomy":"category","embeddable":true,"href":"https:\/\/blog.jena.de\/jenakultur\/wp-json\/wp\/v2\/categories?post=5075"},{"taxonomy":"post_tag","embeddable":true,"href":"https:\/\/blog.jena.de\/jenakultur\/wp-json\/wp\/v2\/tags?post=5075"}],"curies":[{"name":"wp","href":"https:\/\/api.w.org\/{rel}","templated":true}]}}