{"id":5042,"date":"2021-09-17T07:18:00","date_gmt":"2021-09-17T05:18:00","guid":{"rendered":"https:\/\/blog.jena.de\/jenakultur\/?p=5042"},"modified":"2021-09-14T10:55:39","modified_gmt":"2021-09-14T08:55:39","slug":"nachdenken-ueber-denkmale","status":"publish","type":"post","link":"https:\/\/blog.jena.de\/jenakultur\/2021\/09\/17\/nachdenken-ueber-denkmale\/","title":{"rendered":"Nachdenken \u00fcber Denkmale."},"content":{"rendered":"\n<h2><strong>\u00dcber die Vermittlungsarbeit des Rosenthal-Denkmals<\/strong><\/h2>\n<p>&#8222;Ach was, Jena hat auch eine Geschichte?&#8220;, fragten am 2. Juli 2021 Sch\u00fclerinnen und Sch\u00fcler einer 11. Klasse des Otto-Schott Gymnasiums <a href=\"https:\/\/blog.jena.de\/jenakultur\/2021\/07\/02\/wenn-schuelerinnen-ihre-stadt-entdecken-und-sich-einmischen\/\" target=\"_blank\" rel=\"noopener\">auf diesem Blog<\/a> in Zusammenhang mit dem Bismarck-Brunnen auf dem Marktplatz. Dem Gedenkbrunnen fehle die Kontextualisierung, so die Sch\u00fcler:innen, weshalb sie die Anbringung einer Erkl\u00e4rtafel zur historisch-kritischen Einordnung der Person Otto von Bismarck (1815 \u2013 1898) anregen. Das Engagement der Klasse zeigt, dass junge Menschen sich wider vieler Vorurteile f\u00fcr (Stadt-)Geschichte interessieren und selbst aktiv werden, wenn sie auf Missst\u00e4nde sto\u00dfen. Ein Interesse, das im Zusammenhang mit einem anderen \u2013 sehr viel j\u00fcngeren \u2013 Denkmal in Jena geweckt werden soll.<\/p>\n\n\n\n<h2 class=\"wp-block-heading\">&#8222;<strong>Ach was, Jena hat auch eine Geschichte?&#8220; \u2013 Die Zweite<\/strong><\/h2>\n\n\n\n<p>Nach fast drei Jahren k\u00fcnstlerischem Wettbewerb wurden im September 2020 die &#8222;Erkundungsbohrungen&#8220; als <a href=\"https:\/\/blog.jena.de\/jenakultur\/2020\/09\/25\/auf-den-spuren-zu-eduard-rosenthal\/\" target=\"_blank\" rel=\"noreferrer noopener\">dezentrales Denkmal f\u00fcr Eduard Rosenthal (1853 \u2013 1926)<\/a> an drei Standorten in Jena eingeweiht. Das ungew\u00f6hnliche, f\u00fcnfteilige Denkmal wurde nicht weniger ungew\u00f6hnlich er\u00f6ffnet, zogen die G\u00e4ste doch in einer von der Weimarer K\u00fcnstlerin Anke Heelemann inszenierten performativen Spurensuche durch die Stadt und konnten live der Entstehung des Denkmals beiwohnen. F\u00fcnf weitere Male f\u00fchrte die Performance entlang der Spuren Eduard Rosenthals und legte die historischen Schichten des Stadtraums offen. Nun haben wir das gro\u00dfe Gl\u00fcck, dass es im <a href=\"https:\/\/tickets.vibus.de\/00100175000000\/shop\/vstdetails.aspx?VstKey=10017500003552005\" target=\"_blank\" rel=\"noreferrer noopener\">Oktober 2021 eine Wiederaufnahme <\/a>geben wird. Alle, die es verpasst haben, k\u00f6nnen an vier Terminen mit dem Schauspieler Markus Fennert das Portrait des vergessenen j\u00fcdischen Rechtswissenschaftlers, Autors der Th\u00fcringer Landesverfassung von 1920\/21, Uni-Rektors und Kulturb\u00fcrgers Eduard Rosenthal nachzeichnen.<\/p>\n<p>Dar\u00fcber hinaus werden sich \u00fcber das Programm &#8222;Kulturagenten f\u00fcr kreative Schulen&#8220; eine 12. Klasse der Jenaplan-Schule und eine 11. Klasse der Gemeinschaftsschule Wenigenjena einen ganzen Tag mit diesem kleinen Ausschnitt der Jenaer Geschichte besch\u00e4ftigen. Nachdem es den Auslobern von <a href=\"https:\/\/www.jenakultur.de\" target=\"_blank\" rel=\"noreferrer noopener\">JenaKultur<\/a> und dem <a href=\"https:\/\/www.kuk.uni-jena.de\/Lehrstuhl_fuer_Kunstgeschichte\" target=\"_blank\" rel=\"noreferrer noopener\">Lehrstuhl f\u00fcr Kunstgeschichte der Uni Jena<\/a> w\u00e4hrend des gesamten Wettbewerbsprozesses stets ein Anliegen war, Kontakt zu den Kulturagenten aufzunehmen und sie so in die Vermittlung des Denkmals einzubeziehen, ist es umso sch\u00f6ner zu sehen, dass diese Form der Zusammenarbeit nun endlich stattfinden kann.<\/p>\n<h2>Wie ruft man jemanden ins Ged\u00e4chtnis einer Stadt?<\/h2>\n<p>Die Geschichte des, zu seinen Lebzeiten (und kurz danach) vielfach gesch\u00e4tzten, Wahl-Jenaers <a href=\"https:\/\/www.eduard-rosenthal.de\/de\/startseite\/879167\" target=\"_blank\" rel=\"noreferrer noopener\">Rosenthal<\/a> besch\u00e4ftigt die Stadt seit Jahren: die Diskussion um die Rekonstruktion des verschwundenen Gem\u00e4ldes Ende der 1990er Jahre, die Renovierung der<a href=\"https:\/\/www.villa-rosenthal-jena.de\" target=\"_blank\" rel=\"noreferrer noopener\"> Villa Rosenthal Jena<\/a> im Jahr 2009 und die im selben Jahr initiierten Stipendien, aus denen j\u00fcngst ein Buch (von Dietmar Ebert) und ein Film (von Torsten Eckold) hervor gingen, das Auftauchen des Portraits von Clara Rosenthal im Jahr 2014. Mit dem dezentralen Denkmal, das aus dem Botho-Graef-Kunstpreis 2018 hervorging, wurde Eduard Rosenthal ein weiteres Mal zum Thema und sollte sich wortw\u00f6rtlich tiefer in das Bewusstsein der Stadtgesellschaft bohren.<\/p>\n<p>Bei der kunstinteressierten Bev\u00f6lkerung ist das durch die Artist Talks und die Ausstellung der Denkmal-Entw\u00fcrfe gelungen. Haben sie doch dabei erfahren, dass sich eine kritische Denkmalkunst bereits seit den 1980er Jahren etabliert hat und neben dem Jury-Vorsitzenden Jochen Gerz auch der Wettbewerbssieger Horst Hoheisel zu einem der bekanntesten Vertreter dieser z\u00e4hlt. Weiterhin konnte erfahren werden, dass etwa Dezentralit\u00e4t (bei Stih &amp; Schnock) und digitale Medien (bei Michaela Meli\u00e1n) oder kontrafaktische Geschichtsschreibung (bei Luise Schr\u00f6der) k\u00fcnstlerische Strategien sind, um Geschichte begreifbar zu machen. Diese k\u00fcnstlerische Dimension wird im Workshop mit den Schulklassen eine Rolle spielen. Doch geht diese auch mit der Frage einher, wie eine Stadtgesellschaft an wen erinnert. Am Beispiel Eduard Rosenthals l\u00e4sst sich das besonders gut hinterfragen, ist doch der Ausgangspunkt f\u00fcr das Denkmalprojekt das Verschwinden seines Portraits aus der Bildnissammlung der Universit\u00e4t gewesen. Drei Jahre nach seinem Tod wurde das Bildnis Rosenthals als Erinnerungszeichen in Auftrag gegeben. Nur wenige Jahre sp\u00e4ter wurde es von den Nationalsozialisten verbannt und die Erinnerung an Eduard Rosenthal gel\u00f6scht. Ein Akt, der lange nachhallen sollte und den auch die Rekonstruktion des Bildes nicht r\u00fcckg\u00e4ngig machen konnte.<\/p>\n\n\n\n<figure class=\"wp-block-gallery aligncenter columns-3 is-cropped wp-block-gallery-1 is-layout-flex wp-block-gallery-is-layout-flex\"><ul class=\"blocks-gallery-grid\"><li class=\"blocks-gallery-item\"><figure><img loading=\"lazy\" decoding=\"async\" width=\"1000\" height=\"525\" src=\"https:\/\/blog.jena.de\/jenakultur\/wp-content\/uploads\/sites\/25\/2021\/08\/jenakultur-nachdenken-ueber-denkmale-er-premiere-fuerstengraben-5jenakultur-thomasmueller-1000x525.jpg\" alt=\"24.09.2020 Jena: Denkmaleinweihung zu &quot;E.R. \u2013 Portrait eines Vergessenen.&quot; - eine performative Spurensuche zu Eduard Rosenthal, inszeniert von Anke Heelemann. Foto: Thomas M\u00fcller\" data-id=\"5048\" data-full-url=\"https:\/\/blog.jena.de\/jenakultur\/wp-content\/uploads\/sites\/25\/2021\/08\/jenakultur-nachdenken-ueber-denkmale-er-premiere-fuerstengraben-5jenakultur-thomasmueller.jpg\" data-link=\"https:\/\/blog.jena.de\/jenakultur\/?attachment_id=5048\" class=\"wp-image-5048\" srcset=\"https:\/\/blog.jena.de\/jenakultur\/wp-content\/uploads\/sites\/25\/2021\/08\/jenakultur-nachdenken-ueber-denkmale-er-premiere-fuerstengraben-5jenakultur-thomasmueller-1000x525.jpg 1000w, https:\/\/blog.jena.de\/jenakultur\/wp-content\/uploads\/sites\/25\/2021\/08\/jenakultur-nachdenken-ueber-denkmale-er-premiere-fuerstengraben-5jenakultur-thomasmueller-500x263.jpg 500w, https:\/\/blog.jena.de\/jenakultur\/wp-content\/uploads\/sites\/25\/2021\/08\/jenakultur-nachdenken-ueber-denkmale-er-premiere-fuerstengraben-5jenakultur-thomasmueller-768x403.jpg 768w, https:\/\/blog.jena.de\/jenakultur\/wp-content\/uploads\/sites\/25\/2021\/08\/jenakultur-nachdenken-ueber-denkmale-er-premiere-fuerstengraben-5jenakultur-thomasmueller.jpg 1200w\" sizes=\"auto, (max-width: 1000px) 100vw, 1000px\" \/><figcaption class=\"blocks-gallery-item__caption\">\u00a9Thomas M\u00fcller<\/figcaption><\/figure><\/li><li class=\"blocks-gallery-item\"><figure><img loading=\"lazy\" decoding=\"async\" width=\"1000\" height=\"525\" src=\"https:\/\/blog.jena.de\/jenakultur\/wp-content\/uploads\/sites\/25\/2021\/08\/jenakultur-nachdenken-ueber-denkmale-er-premiere-fuerstengraben-6jenakultur-thomasmueller-1000x525.jpg\" alt=\"24.09.2020 Jena: Denkmaleinweihung zu &quot;E.R. \u2013 Portrait eines Vergessenen.&quot; - eine performative Spurensuche zu Eduard Rosenthal, inszeniert von Anke Heelemann. Foto: Thomas M\u00fcller\" data-id=\"5049\" data-full-url=\"https:\/\/blog.jena.de\/jenakultur\/wp-content\/uploads\/sites\/25\/2021\/08\/jenakultur-nachdenken-ueber-denkmale-er-premiere-fuerstengraben-6jenakultur-thomasmueller.jpg\" data-link=\"https:\/\/blog.jena.de\/jenakultur\/?attachment_id=5049\" class=\"wp-image-5049\" srcset=\"https:\/\/blog.jena.de\/jenakultur\/wp-content\/uploads\/sites\/25\/2021\/08\/jenakultur-nachdenken-ueber-denkmale-er-premiere-fuerstengraben-6jenakultur-thomasmueller-1000x525.jpg 1000w, https:\/\/blog.jena.de\/jenakultur\/wp-content\/uploads\/sites\/25\/2021\/08\/jenakultur-nachdenken-ueber-denkmale-er-premiere-fuerstengraben-6jenakultur-thomasmueller-500x263.jpg 500w, https:\/\/blog.jena.de\/jenakultur\/wp-content\/uploads\/sites\/25\/2021\/08\/jenakultur-nachdenken-ueber-denkmale-er-premiere-fuerstengraben-6jenakultur-thomasmueller-768x403.jpg 768w, https:\/\/blog.jena.de\/jenakultur\/wp-content\/uploads\/sites\/25\/2021\/08\/jenakultur-nachdenken-ueber-denkmale-er-premiere-fuerstengraben-6jenakultur-thomasmueller.jpg 1200w\" sizes=\"auto, (max-width: 1000px) 100vw, 1000px\" \/><figcaption class=\"blocks-gallery-item__caption\"> \u00a9Thomas M\u00fcller <\/figcaption><\/figure><\/li><li class=\"blocks-gallery-item\"><figure><img loading=\"lazy\" decoding=\"async\" width=\"1000\" height=\"525\" src=\"https:\/\/blog.jena.de\/jenakultur\/wp-content\/uploads\/sites\/25\/2021\/08\/jenakultur-nachdenken-ueber-denkmale-er-premiere-fuerstengraben-7jenakultur-thomasmueller-1000x525.jpg\" alt=\"24.09.2020 Jena: Denkmaleinweihung zu &quot;E.R. \u2013 Portrait eines Vergessenen.&quot; - eine performative Spurensuche zu Eduard Rosenthal, inszeniert von Anke Heelemann. Foto: Thomas M\u00fcller\" data-id=\"5050\" data-full-url=\"https:\/\/blog.jena.de\/jenakultur\/wp-content\/uploads\/sites\/25\/2021\/08\/jenakultur-nachdenken-ueber-denkmale-er-premiere-fuerstengraben-7jenakultur-thomasmueller.jpg\" data-link=\"https:\/\/blog.jena.de\/jenakultur\/?attachment_id=5050\" class=\"wp-image-5050\" srcset=\"https:\/\/blog.jena.de\/jenakultur\/wp-content\/uploads\/sites\/25\/2021\/08\/jenakultur-nachdenken-ueber-denkmale-er-premiere-fuerstengraben-7jenakultur-thomasmueller-1000x525.jpg 1000w, https:\/\/blog.jena.de\/jenakultur\/wp-content\/uploads\/sites\/25\/2021\/08\/jenakultur-nachdenken-ueber-denkmale-er-premiere-fuerstengraben-7jenakultur-thomasmueller-500x263.jpg 500w, https:\/\/blog.jena.de\/jenakultur\/wp-content\/uploads\/sites\/25\/2021\/08\/jenakultur-nachdenken-ueber-denkmale-er-premiere-fuerstengraben-7jenakultur-thomasmueller-768x403.jpg 768w, https:\/\/blog.jena.de\/jenakultur\/wp-content\/uploads\/sites\/25\/2021\/08\/jenakultur-nachdenken-ueber-denkmale-er-premiere-fuerstengraben-7jenakultur-thomasmueller.jpg 1200w\" sizes=\"auto, (max-width: 1000px) 100vw, 1000px\" \/><figcaption class=\"blocks-gallery-item__caption\"> \u00a9Thomas M\u00fcller <\/figcaption><\/figure><\/li><li class=\"blocks-gallery-item\"><figure><img loading=\"lazy\" decoding=\"async\" width=\"1000\" height=\"525\" src=\"https:\/\/blog.jena.de\/jenakultur\/wp-content\/uploads\/sites\/25\/2021\/08\/jenakultur-nachdenken-ueber-denkmale-er-premiere-rosenkeller-4jenakultur-thomasmueller-1000x525.jpg\" alt=\"24.09.2020 Jena: Denkmaleinweihung zu &quot;E.R. \u2013 Portrait eines Vergessenen.&quot; - eine performative Spurensuche zu Eduard Rosenthal, inszeniert von Anke Heelemann. Foto: Thomas M\u00fcller\" data-id=\"5051\" data-full-url=\"https:\/\/blog.jena.de\/jenakultur\/wp-content\/uploads\/sites\/25\/2021\/08\/jenakultur-nachdenken-ueber-denkmale-er-premiere-rosenkeller-4jenakultur-thomasmueller.jpg\" data-link=\"https:\/\/blog.jena.de\/jenakultur\/?attachment_id=5051\" class=\"wp-image-5051\" srcset=\"https:\/\/blog.jena.de\/jenakultur\/wp-content\/uploads\/sites\/25\/2021\/08\/jenakultur-nachdenken-ueber-denkmale-er-premiere-rosenkeller-4jenakultur-thomasmueller-1000x525.jpg 1000w, https:\/\/blog.jena.de\/jenakultur\/wp-content\/uploads\/sites\/25\/2021\/08\/jenakultur-nachdenken-ueber-denkmale-er-premiere-rosenkeller-4jenakultur-thomasmueller-500x263.jpg 500w, https:\/\/blog.jena.de\/jenakultur\/wp-content\/uploads\/sites\/25\/2021\/08\/jenakultur-nachdenken-ueber-denkmale-er-premiere-rosenkeller-4jenakultur-thomasmueller-768x403.jpg 768w, https:\/\/blog.jena.de\/jenakultur\/wp-content\/uploads\/sites\/25\/2021\/08\/jenakultur-nachdenken-ueber-denkmale-er-premiere-rosenkeller-4jenakultur-thomasmueller.jpg 1200w\" sizes=\"auto, (max-width: 1000px) 100vw, 1000px\" \/><figcaption class=\"blocks-gallery-item__caption\"> \u00a9Thomas M\u00fcller <\/figcaption><\/figure><\/li><li class=\"blocks-gallery-item\"><figure><img loading=\"lazy\" decoding=\"async\" width=\"1000\" height=\"525\" src=\"https:\/\/blog.jena.de\/jenakultur\/wp-content\/uploads\/sites\/25\/2021\/08\/jenakultur-nachdenken-ueber-denkmale-er-premiere-fsu-2jenakultur-thomasmueller-1000x525.jpg\" alt=\"24.09.2020 Jena: Denkmaleinweihung zu &quot;E.R. \u2013 Portrait eines Vergessenen.&quot; - eine performative Spurensuche zu Eduard Rosenthal, inszeniert von Anke Heelemann. Foto: Thomas M\u00fcller\" data-id=\"5054\" data-full-url=\"https:\/\/blog.jena.de\/jenakultur\/wp-content\/uploads\/sites\/25\/2021\/08\/jenakultur-nachdenken-ueber-denkmale-er-premiere-fsu-2jenakultur-thomasmueller.jpg\" data-link=\"https:\/\/blog.jena.de\/jenakultur\/?attachment_id=5054\" class=\"wp-image-5054\" srcset=\"https:\/\/blog.jena.de\/jenakultur\/wp-content\/uploads\/sites\/25\/2021\/08\/jenakultur-nachdenken-ueber-denkmale-er-premiere-fsu-2jenakultur-thomasmueller-1000x525.jpg 1000w, https:\/\/blog.jena.de\/jenakultur\/wp-content\/uploads\/sites\/25\/2021\/08\/jenakultur-nachdenken-ueber-denkmale-er-premiere-fsu-2jenakultur-thomasmueller-500x263.jpg 500w, https:\/\/blog.jena.de\/jenakultur\/wp-content\/uploads\/sites\/25\/2021\/08\/jenakultur-nachdenken-ueber-denkmale-er-premiere-fsu-2jenakultur-thomasmueller-768x403.jpg 768w, https:\/\/blog.jena.de\/jenakultur\/wp-content\/uploads\/sites\/25\/2021\/08\/jenakultur-nachdenken-ueber-denkmale-er-premiere-fsu-2jenakultur-thomasmueller.jpg 1200w\" sizes=\"auto, (max-width: 1000px) 100vw, 1000px\" \/><figcaption class=\"blocks-gallery-item__caption\"> \u00a9Thomas M\u00fcller <\/figcaption><\/figure><\/li><li class=\"blocks-gallery-item\"><figure><img loading=\"lazy\" decoding=\"async\" width=\"1000\" height=\"525\" src=\"https:\/\/blog.jena.de\/jenakultur\/wp-content\/uploads\/sites\/25\/2021\/08\/jenakultur-nachdenken-ueber-denkmale-er-premiere-fsu-3jenakultur-thomasmueller-1000x525.jpg\" alt=\"24.09.2020 Jena: Denkmaleinweihung zu &quot;E.R. \u2013 Portrait eines Vergessenen.&quot; - eine performative Spurensuche zu Eduard Rosenthal, inszeniert von Anke Heelemann\" data-id=\"5055\" data-full-url=\"https:\/\/blog.jena.de\/jenakultur\/wp-content\/uploads\/sites\/25\/2021\/08\/jenakultur-nachdenken-ueber-denkmale-er-premiere-fsu-3jenakultur-thomasmueller.jpg\" data-link=\"https:\/\/blog.jena.de\/jenakultur\/?attachment_id=5055\" class=\"wp-image-5055\" srcset=\"https:\/\/blog.jena.de\/jenakultur\/wp-content\/uploads\/sites\/25\/2021\/08\/jenakultur-nachdenken-ueber-denkmale-er-premiere-fsu-3jenakultur-thomasmueller-1000x525.jpg 1000w, https:\/\/blog.jena.de\/jenakultur\/wp-content\/uploads\/sites\/25\/2021\/08\/jenakultur-nachdenken-ueber-denkmale-er-premiere-fsu-3jenakultur-thomasmueller-500x263.jpg 500w, https:\/\/blog.jena.de\/jenakultur\/wp-content\/uploads\/sites\/25\/2021\/08\/jenakultur-nachdenken-ueber-denkmale-er-premiere-fsu-3jenakultur-thomasmueller-768x403.jpg 768w, https:\/\/blog.jena.de\/jenakultur\/wp-content\/uploads\/sites\/25\/2021\/08\/jenakultur-nachdenken-ueber-denkmale-er-premiere-fsu-3jenakultur-thomasmueller.jpg 1200w\" sizes=\"auto, (max-width: 1000px) 100vw, 1000px\" \/><figcaption class=\"blocks-gallery-item__caption\"> \u00a9Thomas M\u00fcller <\/figcaption><\/figure><\/li><li class=\"blocks-gallery-item\"><figure><img loading=\"lazy\" decoding=\"async\" width=\"1000\" height=\"525\" src=\"https:\/\/blog.jena.de\/jenakultur\/wp-content\/uploads\/sites\/25\/2021\/08\/jenakultur-nachdenken-ueber-denkmale-er-premiere-villarosenthaljenakultur-thomasmueller-1000x525.jpg\" alt=\"24.09.2020 Jena: Denkmaleinweihung zu &quot;E.R. \u2013 Portrait eines Vergessenen.&quot; - eine performative Spurensuche zu Eduard Rosenthal, inszeniert von Anke Heelemann. Foto: Thomas M\u00fcller\" data-id=\"5052\" data-full-url=\"https:\/\/blog.jena.de\/jenakultur\/wp-content\/uploads\/sites\/25\/2021\/08\/jenakultur-nachdenken-ueber-denkmale-er-premiere-villarosenthaljenakultur-thomasmueller.jpg\" data-link=\"https:\/\/blog.jena.de\/jenakultur\/?attachment_id=5052\" class=\"wp-image-5052\" srcset=\"https:\/\/blog.jena.de\/jenakultur\/wp-content\/uploads\/sites\/25\/2021\/08\/jenakultur-nachdenken-ueber-denkmale-er-premiere-villarosenthaljenakultur-thomasmueller-1000x525.jpg 1000w, https:\/\/blog.jena.de\/jenakultur\/wp-content\/uploads\/sites\/25\/2021\/08\/jenakultur-nachdenken-ueber-denkmale-er-premiere-villarosenthaljenakultur-thomasmueller-500x263.jpg 500w, https:\/\/blog.jena.de\/jenakultur\/wp-content\/uploads\/sites\/25\/2021\/08\/jenakultur-nachdenken-ueber-denkmale-er-premiere-villarosenthaljenakultur-thomasmueller-768x403.jpg 768w, https:\/\/blog.jena.de\/jenakultur\/wp-content\/uploads\/sites\/25\/2021\/08\/jenakultur-nachdenken-ueber-denkmale-er-premiere-villarosenthaljenakultur-thomasmueller.jpg 1200w\" sizes=\"auto, (max-width: 1000px) 100vw, 1000px\" \/><figcaption class=\"blocks-gallery-item__caption\">\u00a9Thomas M\u00fcller<\/figcaption><\/figure><\/li><\/ul><\/figure>\n\n\n\n<h2>Ist jemand im Stadtged\u00e4chtnis verankert, wenn man ihm oder ihr ein Denkmal gebaut hat?<\/h2>\n<p>In diese Kerbe schl\u00e4gt das dezentrale Denkmal, wenn es durch die Inschriften in den Bohrl\u00f6chern das Wirken Rosenthals am spezifischen Ort benennt und gleichzeitig eine Leerstelle bildet. Die Aussagen w\u00fcrdigen den zweimaligen Rektor am Uni Hauptgeb\u00e4ude, engagierten B\u00fcrger am Volkshaus und den Kulturmenschen an der Villa Rosenthal in Jena sowie den Parlamentarier am F\u00fcrstenhaus in Weimar und den Demokraten am Th\u00fcringer Landtag in Erfurt. Sie werfen aber auch die Frage auf, warum er nicht schon viel fr\u00fcher an diesen Orten pr\u00e4sent gemacht wurde, und machen auf das Vergessen-Gemachtsein aufmerksam. Ist es doch erstaunlich, dass wir heute noch von Rosenthals vielf\u00e4ltigem Engagement profitieren, wenn wir als B\u00fcrger:innen des <em>Freistaats<\/em> Th\u00fcringen in die Jenaer <a href=\"https:\/\/www.stadtbibliothek-jena.de\/de\/startseite\/700073\" target=\"_blank\" rel=\"noopener\"><em>Ernst-Abbe-B\u00fccherei<\/em><\/a> gehen oder Ausstellungen im <a href=\"https:\/\/www.jenaer-kunstverein.de\/\" target=\"_blank\" rel=\"noopener\"><em>Jenaer Kunstverein<\/em><\/a> ansehen.<\/p>\n<p>Die Sch\u00fcler:innen des Otto-Schott-Gymnasiums geben mit ihrer Forderung nach einer Gedenktafel f\u00fcr den Bismarck-Brunnen schon die Antwort auf oben gestellte Frage: Ein Denkmal allein reicht nicht. Schon Robert Musil schreibt 1936, dass &#8222;das Auffallendste an Denkm\u00e4lern&#8220; sei, &#8222;dass man sie nicht bemerkt&#8220;. Es braucht also den wachen Blick der Stadtgesellschaft, das In-Stein-Gemei\u00dfelte, das In-Bronze-Gegossene&#8230; oder In-W\u00e4nde-Gebohrte immer wieder zu aktualisieren und zu befragen. Im Fall von Rosenthal lohnt es sich doppelt, die Augen aufzuhalten, dr\u00e4ngt sich doch sein Denkmal alles andere als auf, auch wenn es fl\u00e4chenm\u00e4\u00dfig wohl das gr\u00f6\u00dfte in Th\u00fcringen ist.<\/p>\n<p>Durch die Workshops mit den Elft- und Zw\u00f6lftkl\u00e4sslern nutzen wir die M\u00f6glichkeit, den unsichtbaren Vierten hinter den Jenaer Gr\u00f6\u00dfen Zeiss, Schott und Abbe sichtbar zu machen und im nachwachsenden Ged\u00e4chtnis Jenas keimen zu lassen. Und wer wei\u00df, vielleicht ergeben sich daraus auch Initiativen, etwa die Forderung nach Umbenennung ihrer Schule von Gemeinschaftsschule Wenigenjena in Eduard-Rosenthal-Gemeinschaftsschule oder nach einem Hinweisschild an der Eduard-Rosenthal-Stra\u00dfe in Jena Ost!<\/p>\n\n\n\n<p><em>Ein Beitrag von Andrea Karle<\/em><\/p>\n<p><em>Andrea Karle hat als Projektassistentin am Lehrstuhl f\u00fcr Kunstgeschichte der Uni Jena von Beginn an im Rosenthal-Projekt mitgewirkt. Gemeinsam mit der K\u00fcnstlerin Anke Heelemann wird sie im Oktober 2021 die Workshops mit Schulklassen konzipieren und durchf\u00fchren.<\/em><\/p>\n\n\n\n<hr class=\"wp-block-separator\" \/>\n\n\n\n<p style=\"text-align: left\">Sie wissen es, jetzt sind SIE an der Reihe! Was verbinden Sie mit Eduard Rosenthal? Oder fehlen Ihnen dazu noch die n\u00f6tigen Informationen? Dann laden wir Sie gern ein, auf einen Kommentar hier im Blog oder nat\u00fcrlich auch zu einer <a href=\"https:\/\/www.jena-veranstaltungen.de\/veranstaltungen?keyterm=spurensuche&amp;date=\" target=\"_blank\" rel=\"noreferrer noopener\">F\u00fchrung auf den Spuren von Eduard Rosenthal.<\/a><\/p>\n\n\n\n<div class=\"wp-block-file\"><a href=\"https:\/\/blog.jena.de\/jenakultur\/wp-content\/uploads\/sites\/25\/2021\/09\/jenakultur-nachdenken-ueber-denkmale-jenakultur-nachdenken-ueber-denkmale-er-wiederaufnahme-flyer.pdf\" target=\"_blank\" rel=\"noreferrer noopener\">jenakultur-nachdenken-ueber-denkmale-jenakultur-nachdenken-ueber-denkmale-er-wiederaufnahme-flyer<\/a><a href=\"https:\/\/blog.jena.de\/jenakultur\/wp-content\/uploads\/sites\/25\/2021\/09\/jenakultur-nachdenken-ueber-denkmale-jenakultur-nachdenken-ueber-denkmale-er-wiederaufnahme-flyer.pdf\" class=\"wp-block-file__button\" download>Herunterladen<\/a><\/div>\n","protected":false},"excerpt":{"rendered":"<p>\u00dcber die Vermittlungsarbeit des Rosenthal-Denkmals &#8222;Ach was, Jena hat auch eine Geschichte?&#8220;, fragten am 2. Juli 2021 Sch\u00fclerinnen und Sch\u00fcler einer 11. Klasse&hellip;<\/p>\n","protected":false},"author":22,"featured_media":5053,"comment_status":"open","ping_status":"closed","sticky":false,"template":"","format":"standard","meta":{"footnotes":""},"categories":[1,11,9,706,30,26],"tags":[596,788,418,787],"class_list":["post-5042","post","type-post","status-publish","format-standard","has-post-thumbnail","hentry","category-allgemein","category-denkmale","category-jenakultur","category-kultur-in-jena","category-sonderprojekte","category-villa-rosenthal","tag-dezentrales-denkmal","tag-e-r","tag-eduard-rosenthal","tag-tour"],"_links":{"self":[{"href":"https:\/\/blog.jena.de\/jenakultur\/wp-json\/wp\/v2\/posts\/5042","targetHints":{"allow":["GET"]}}],"collection":[{"href":"https:\/\/blog.jena.de\/jenakultur\/wp-json\/wp\/v2\/posts"}],"about":[{"href":"https:\/\/blog.jena.de\/jenakultur\/wp-json\/wp\/v2\/types\/post"}],"author":[{"embeddable":true,"href":"https:\/\/blog.jena.de\/jenakultur\/wp-json\/wp\/v2\/users\/22"}],"replies":[{"embeddable":true,"href":"https:\/\/blog.jena.de\/jenakultur\/wp-json\/wp\/v2\/comments?post=5042"}],"version-history":[{"count":24,"href":"https:\/\/blog.jena.de\/jenakultur\/wp-json\/wp\/v2\/posts\/5042\/revisions"}],"predecessor-version":[{"id":5173,"href":"https:\/\/blog.jena.de\/jenakultur\/wp-json\/wp\/v2\/posts\/5042\/revisions\/5173"}],"wp:featuredmedia":[{"embeddable":true,"href":"https:\/\/blog.jena.de\/jenakultur\/wp-json\/wp\/v2\/media\/5053"}],"wp:attachment":[{"href":"https:\/\/blog.jena.de\/jenakultur\/wp-json\/wp\/v2\/media?parent=5042"}],"wp:term":[{"taxonomy":"category","embeddable":true,"href":"https:\/\/blog.jena.de\/jenakultur\/wp-json\/wp\/v2\/categories?post=5042"},{"taxonomy":"post_tag","embeddable":true,"href":"https:\/\/blog.jena.de\/jenakultur\/wp-json\/wp\/v2\/tags?post=5042"}],"curies":[{"name":"wp","href":"https:\/\/api.w.org\/{rel}","templated":true}]}}