{"id":5015,"date":"2021-09-24T07:25:00","date_gmt":"2021-09-24T05:25:00","guid":{"rendered":"https:\/\/blog.jena.de\/jenakultur\/?p=5015"},"modified":"2021-08-20T11:37:59","modified_gmt":"2021-08-20T09:37:59","slug":"vielfalt-im-fokus-2","status":"publish","type":"post","link":"https:\/\/blog.jena.de\/jenakultur\/2021\/09\/24\/vielfalt-im-fokus-2\/","title":{"rendered":"Vielfalt im Fokus"},"content":{"rendered":"\n<h2 class=\"wp-block-heading\">Die EAB Jena zeigt, wie #offengeht<\/h2>\n\n\n\n<p>Vielfalt, Diversit\u00e4t, Diversity: Zu diesen Schlagw\u00f6rtern sowie den damit verbundenen Realit\u00e4ten gibt es mittlerweile unz\u00e4hlige identit\u00e4tspolitische Debatten, wissenschaftliche Studien, Stammtisch-Diskussionen und Management-Handb\u00fccher. Sie erzeugen sowohl Aufbruchsstimmung und Aktionismus als auch Widerstand und Resignation. Dass sich etwas \u00e4ndert oder \u00e4ndern muss, ist vielen klar. Die bundesweite <a href=\"http:\/\/www.interkulturellewoche.de\/\" target=\"_blank\" rel=\"noopener\">Interkulturelle Woche 2021<\/a> vom 26.09. bis zum 03.10.2021 gibt diesbez\u00fcglich eine klare Schrittrichtung vor und postuliert: <strong>#offengeht.<\/strong><\/p>\n<p>Auch die <a href=\"https:\/\/www.stadtbibliothek-jena.de\/de\/startseite\/700073\" target=\"_blank\" rel=\"noopener\">Ernst-Abbe-B\u00fccherei Jena<\/a> (EAB) will vielf\u00e4ltiger werden. Doch wie \u201egeht offen\u201c? Dank der F\u00f6rderung im Programm <a href=\"http:\/\/www.360-fonds.de\" target=\"_blank\" rel=\"noopener\">360\u00b0 \u2012 Fonds f\u00fcr Kulturen der neuen Stadtgesellschaft<\/a> der Kulturstiftung des Bundes geschieht dies auf mehreren Ebenen: Personal wird zu diversen Themen geschult, die Angebote der Bibliothek werden auf ihre Barrierefreiheit \u00fcberpr\u00fcft, das Angebots-Portfolio stetig ausgebaut sowie neue Netzwerkpartnerschaften eingegangen. Der Anspruch lautet, wertsch\u00e4tzend mit Unterschieden und Gemeinsamkeiten umzugehen und die eigene Perspektive zu hinterfragen. Die Stadtbibliothek will dazu mit den Menschen in Jena in Dialog treten, den Austausch f\u00f6rdern und die Vielfalt der Bev\u00f6lkerung besser abbilden.<\/p>\n\n\n\n<h3 class=\"wp-block-heading\"><strong>Thementag am 1. Oktober<\/strong><\/h3>\n\n\n\n<p>Am 1. Oktober 2021 sind im Rahmen der Interkulturellen Woche 2021 neben Aktionen wie Thementischen und Medien-Empfehlungen \u00fcber <a rel=\"noreferrer noopener\" href=\"https:\/\/www.instagram.com\/eab_jena\/\" target=\"_blank\">Social Media<\/a> gleich mehrere Veranstaltungen geplant. Dabei liegt der Fokus auf Mehrsprachigkeit und der Frage, wie das Leben in Jena um die Wendezeit f\u00fcr Menschen mit (famili\u00e4rer) Migrationsgeschichte war. Mit \u201eGeschichten aus dem Hut\u201c (01.10.2021) bringt die EAB Jena ein Kinderprogramm in die Saaletalschule, bei dem die Erz\u00e4hler:innen Antje Horn, Annika F\u00fcser und Mohammed Kello auf Deutsch, Kurdisch und Arabisch vortragen: ein polyglottes M\u00e4rchenabenteuer, was den jungen Zuh\u00f6rer:innen zeigt, wie die Grenzen zwischen Sprachen und Kulturen fantasievoll verschwimmen k\u00f6nnen.<\/p>\n\n\n\n<p>F\u00fcr Erwachsene gibt es am Abend ein besonderes Online-Format: <a rel=\"noreferrer noopener\" href=\"https:\/\/www.jena-veranstaltungen.de\/veranstaltungen\/01-10-2021-sprachgeschichten-eine-lebendige-bucherei\" target=\"_blank\">\u201eSprachgeschichten \u2013 eine lebendige B\u00fccherei\u201c<\/a>. Die Fachstelle Interkulturelle \u00d6ffnung der AWO und die Naturfreunde Th\u00fcringen e. V. veranstalten in Kooperation mit der EAB Jena einen Online-Workshop, bei dem Neugierige alles rund um Mehrsprachigkeit erfahren k\u00f6nnen: Albanisch, Geb\u00e4rdensprache, Braille oder Bairisch? Welche Erfahrungen machen Menschen mit ihren Sprachen und Sprechweisen? Auf welche Vorurteile sto\u00dfen sie? Die Teilnahme an der Veranstaltung ist kostenfrei; eine Anmeldung vorher notwendig (per Mail an: <a href=\"mailto:T.Czada@awo-mittewest-thueringen.de\">T.Czada@awo-mittewest-thueringen.de<\/a>).<\/p>\n\n\n\n<figure class=\"wp-block-gallery aligncenter columns-2 is-cropped wp-block-gallery-1 is-layout-flex wp-block-gallery-is-layout-flex\"><ul class=\"blocks-gallery-grid\"><li class=\"blocks-gallery-item\"><figure><img loading=\"lazy\" decoding=\"async\" width=\"755\" height=\"1000\" src=\"https:\/\/blog.jena.de\/jenakultur\/wp-content\/uploads\/sites\/25\/2021\/08\/jenakultur-thet-a-thetkuenstlerhafen-755x1000.jpg\" alt=\"Thet a Theat-K\u00fcnstler-Portraits mit Musikinstrumenten\" data-id=\"5016\" data-full-url=\"https:\/\/blog.jena.de\/jenakultur\/wp-content\/uploads\/sites\/25\/2021\/08\/jenakultur-thet-a-thetkuenstlerhafen.jpg\" data-link=\"https:\/\/blog.jena.de\/jenakultur\/?attachment_id=5016\" class=\"wp-image-5016\" srcset=\"https:\/\/blog.jena.de\/jenakultur\/wp-content\/uploads\/sites\/25\/2021\/08\/jenakultur-thet-a-thetkuenstlerhafen-755x1000.jpg 755w, https:\/\/blog.jena.de\/jenakultur\/wp-content\/uploads\/sites\/25\/2021\/08\/jenakultur-thet-a-thetkuenstlerhafen-377x500.jpg 377w, https:\/\/blog.jena.de\/jenakultur\/wp-content\/uploads\/sites\/25\/2021\/08\/jenakultur-thet-a-thetkuenstlerhafen-768x1018.jpg 768w, https:\/\/blog.jena.de\/jenakultur\/wp-content\/uploads\/sites\/25\/2021\/08\/jenakultur-thet-a-thetkuenstlerhafen-1159x1536.jpg 1159w, https:\/\/blog.jena.de\/jenakultur\/wp-content\/uploads\/sites\/25\/2021\/08\/jenakultur-thet-a-thetkuenstlerhafen-521x690.jpg 521w, https:\/\/blog.jena.de\/jenakultur\/wp-content\/uploads\/sites\/25\/2021\/08\/jenakultur-thet-a-thetkuenstlerhafen.jpg 1200w\" sizes=\"auto, (max-width: 755px) 100vw, 755px\" \/><figcaption class=\"blocks-gallery-item__caption\">Thet \u00e0 Thet \u00a9K\u00fcnstlerhafen<\/figcaption><\/figure><\/li><li class=\"blocks-gallery-item\"><figure><img loading=\"lazy\" decoding=\"async\" width=\"1000\" height=\"750\" src=\"https:\/\/blog.jena.de\/jenakultur\/wp-content\/uploads\/sites\/25\/2021\/08\/jenakultur-manu-ritzandy-van-kaa-1000x750.jpg\" alt=\"Manu Ritz im Portrait\" data-id=\"5028\" data-full-url=\"https:\/\/blog.jena.de\/jenakultur\/wp-content\/uploads\/sites\/25\/2021\/08\/jenakultur-manu-ritzandy-van-kaa.jpg\" data-link=\"https:\/\/blog.jena.de\/jenakultur\/manu-ritzandy-van-kaa\/\" class=\"wp-image-5028\" srcset=\"https:\/\/blog.jena.de\/jenakultur\/wp-content\/uploads\/sites\/25\/2021\/08\/jenakultur-manu-ritzandy-van-kaa-1000x750.jpg 1000w, https:\/\/blog.jena.de\/jenakultur\/wp-content\/uploads\/sites\/25\/2021\/08\/jenakultur-manu-ritzandy-van-kaa-500x375.jpg 500w, https:\/\/blog.jena.de\/jenakultur\/wp-content\/uploads\/sites\/25\/2021\/08\/jenakultur-manu-ritzandy-van-kaa-768x576.jpg 768w, https:\/\/blog.jena.de\/jenakultur\/wp-content\/uploads\/sites\/25\/2021\/08\/jenakultur-manu-ritzandy-van-kaa-920x690.jpg 920w, https:\/\/blog.jena.de\/jenakultur\/wp-content\/uploads\/sites\/25\/2021\/08\/jenakultur-manu-ritzandy-van-kaa-1024x768.jpg 1024w, https:\/\/blog.jena.de\/jenakultur\/wp-content\/uploads\/sites\/25\/2021\/08\/jenakultur-manu-ritzandy-van-kaa-790x593.jpg 790w, https:\/\/blog.jena.de\/jenakultur\/wp-content\/uploads\/sites\/25\/2021\/08\/jenakultur-manu-ritzandy-van-kaa.jpg 1200w\" sizes=\"auto, (max-width: 1000px) 100vw, 1000px\" \/><figcaption class=\"blocks-gallery-item__caption\">Manu Ritz \u00a9Andy van Kaa<\/figcaption><\/figure><\/li><\/ul><\/figure>\n\n\n\n<p>Den Abschluss dieses besonderen Tages bildet ein Konzert der Band \u201eThet \u00e0 Thet\u201c im Kassablanca Gleis1 mit anschlie\u00dfendem Podiumsgespr\u00e4ch unter dem Titel \u201eBehind the Curtain\u201c \u2013 post-migrantische Perspektiven auf Kultur und Leben in der DDR\u201c. Als Kooperationsprojekt der EAB, des Kassablancas und der \u201eLokalen Partnerschaft f\u00fcr Demokratie Jena\u201c werden im Gespr\u00e4ch blinde Flecken bez\u00fcglich der migrantischen Lebensrealit\u00e4ten in der DDR und der Nachwendezeit beleuchtet. Die Veranstaltung findet im Rahmen des Jenaer Programms <a href=\"https:\/\/www.jenakultur.de\/de\/894593\" target=\"_blank\" rel=\"noopener\">\u201eKein Schlussstrich!\u201c<\/a> statt.<\/p>\n\n\n\n<h3 class=\"wp-block-heading\"><strong>Wer geh\u00f6rt dazu?<\/strong><\/h3>\n\n\n\n<p>Mit einer Lesung und einem Gespr\u00e4ch am 7. Oktober 2021 im Jenaer Rathaus zum Buch \u201eDie Farbe meiner Haut\u201c gibt es eine weitere Perspektive auf die Umbr\u00fcche in den 1990er Jahren: ManuEla Ritz spricht mit Dr. Carsta Langner \u00fcber ihr Leben als Schwarze Frau in der sp\u00e4ten DDR. Flankiert werden die individuellen Darstellungen der Anti-Rassismus-Aktivistin mit zeitgen\u00f6ssischen Quellen jener Zeit, die im Rahmen des Forschungsverbunds \u201eDiktaturerfahrung und Transformation\u201c zusammengetragen wurden.<\/p>\n\n\n\n<p>Neben der Auseinandersetzung mit der Vergangenheit sollen Debatten um Zugeh\u00f6rigkeiten und Definitionsmacht auch ins Hier und Jetzt \u00fcbertragen werden. Mit dem Film \u201eStadtgespr\u00e4ch: In Jena Zuhause\u201c kommen Jenaer B\u00fcrger:innen zu Wort, die eine eigene oder famili\u00e4re Migrationsgeschichte haben und\/oder People of Color sind. In Kooperation mit der Beauftragten f\u00fcr Migration und Integration der Stadt Jena D\u00f6rthe Thiele fragt das Projekt Menschen: Ist Jena ihr Zuhause? Was bedeutet das Leben in Jena? Was l\u00e4uft gut und was schlecht in unserer Stadt? Die Premiere mit anschlie\u00dfender Diskussionsrunde findet am 16. Oktober 2021 um 19.30 Uhr im KuBuS in Lobeda statt. Um eine Voranmeldung unter <a href=\"mailto:eab@jena.de\">eab@jena.de<\/a> wird gebeten.<\/p>\n\n\n\n<h3 class=\"wp-block-heading\"><strong>&nbsp;\u201eWer wir sind\u201c im Lesemarathon<\/strong><\/h3>\n\n\n\n<div class=\"wp-block-columns is-layout-flex wp-container-core-columns-is-layout-9d6595d7 wp-block-columns-is-layout-flex\"><\/div>\n\n\n\n<figure class=\"wp-block-gallery aligncenter columns-2 is-cropped wp-block-gallery-2 is-layout-flex wp-block-gallery-is-layout-flex\"><ul class=\"blocks-gallery-grid\"><li class=\"blocks-gallery-item\"><figure><img loading=\"lazy\" decoding=\"async\" width=\"710\" height=\"1000\" src=\"https:\/\/blog.jena.de\/jenakultur\/wp-content\/uploads\/sites\/25\/2021\/08\/jenakultur-lena-gorelik-2019charlotte-troll-710x1000.jpg\" alt=\"Lena Gorelik Portrait\" data-id=\"5019\" data-full-url=\"https:\/\/blog.jena.de\/jenakultur\/wp-content\/uploads\/sites\/25\/2021\/08\/jenakultur-lena-gorelik-2019charlotte-troll.jpg\" data-link=\"https:\/\/blog.jena.de\/jenakultur\/?attachment_id=5019\" class=\"wp-image-5019\" srcset=\"https:\/\/blog.jena.de\/jenakultur\/wp-content\/uploads\/sites\/25\/2021\/08\/jenakultur-lena-gorelik-2019charlotte-troll-710x1000.jpg 710w, https:\/\/blog.jena.de\/jenakultur\/wp-content\/uploads\/sites\/25\/2021\/08\/jenakultur-lena-gorelik-2019charlotte-troll-355x500.jpg 355w, https:\/\/blog.jena.de\/jenakultur\/wp-content\/uploads\/sites\/25\/2021\/08\/jenakultur-lena-gorelik-2019charlotte-troll-768x1082.jpg 768w, https:\/\/blog.jena.de\/jenakultur\/wp-content\/uploads\/sites\/25\/2021\/08\/jenakultur-lena-gorelik-2019charlotte-troll-1091x1536.jpg 1091w, https:\/\/blog.jena.de\/jenakultur\/wp-content\/uploads\/sites\/25\/2021\/08\/jenakultur-lena-gorelik-2019charlotte-troll-490x690.jpg 490w, https:\/\/blog.jena.de\/jenakultur\/wp-content\/uploads\/sites\/25\/2021\/08\/jenakultur-lena-gorelik-2019charlotte-troll.jpg 1200w\" sizes=\"auto, (max-width: 710px) 100vw, 710px\" \/><figcaption class=\"blocks-gallery-item__caption\">Lena Gorelik \u00a9Charlotte Troll<\/figcaption><\/figure><\/li><li class=\"blocks-gallery-item\"><figure><img loading=\"lazy\" decoding=\"async\" width=\"610\" height=\"1000\" src=\"https:\/\/blog.jena.de\/jenakultur\/wp-content\/uploads\/sites\/25\/2021\/08\/jenakultur-gorelikcover-610x1000.jpg\" alt=\"Cover Buch Gorelik mit Silhouette einer Frau und Buchtitel &quot;Wer wir sind&quot; auf wolkigem Hintergrund\" data-id=\"5017\" data-full-url=\"https:\/\/blog.jena.de\/jenakultur\/wp-content\/uploads\/sites\/25\/2021\/08\/jenakultur-gorelikcover.jpg\" data-link=\"https:\/\/blog.jena.de\/jenakultur\/?attachment_id=5017\" class=\"wp-image-5017\" srcset=\"https:\/\/blog.jena.de\/jenakultur\/wp-content\/uploads\/sites\/25\/2021\/08\/jenakultur-gorelikcover-610x1000.jpg 610w, https:\/\/blog.jena.de\/jenakultur\/wp-content\/uploads\/sites\/25\/2021\/08\/jenakultur-gorelikcover-305x500.jpg 305w, https:\/\/blog.jena.de\/jenakultur\/wp-content\/uploads\/sites\/25\/2021\/08\/jenakultur-gorelikcover-768x1259.jpg 768w, https:\/\/blog.jena.de\/jenakultur\/wp-content\/uploads\/sites\/25\/2021\/08\/jenakultur-gorelikcover-937x1536.jpg 937w, https:\/\/blog.jena.de\/jenakultur\/wp-content\/uploads\/sites\/25\/2021\/08\/jenakultur-gorelikcover-421x690.jpg 421w, https:\/\/blog.jena.de\/jenakultur\/wp-content\/uploads\/sites\/25\/2021\/08\/jenakultur-gorelikcover.jpg 1171w\" sizes=\"auto, (max-width: 610px) 100vw, 610px\" \/><figcaption class=\"blocks-gallery-item__caption\">Cover \u00a9Verlag<\/figcaption><\/figure><\/li><\/ul><\/figure>\n\n\n\n<p>Auch nach der Interkulturellen Woche und dem Symposium \u201eKein Schlussstrich!\u201c geht es weiter mit der Frage nach Heimat, Identit\u00e4t und Geschichte: Am 12. November 2021 stellt die Schriftstellerin und Journalistin Lena Gorelik im Rahmen des 27. Lesemarathons ihr Buch \u201eWer wir sind\u201c vor, in dem sie autobiografisch \u00fcber das Ankommen in Deutschland berichtet. 1992 von Russland nach Deutschland immigriert, l\u00e4sst sie als junges M\u00e4dchen ihre Kindheit zur\u00fcck und wird pl\u00f6tzlich zu \u201eeiner Fremden\u201c. In einem anr\u00fchrenden Ton, schonungslos offenen und \u00e4u\u00dferst reflektiert nimmt Gorelik die Leser:innen mit auf eine Gef\u00fchlsachterbahn zwischen Stolz und Scham, Eigensinn und Anpassung, Fremdsein und Dazugeh\u00f6ren. \u201eWer wir sind\u201c erz\u00e4hlt leicht und tiefsinnig, wie eine Frau zu sich findet \u2013 und wer wir im heutigen Deutschland sind.<\/p>\n\n\n\n<p><\/p>\n\n\n\n<p><\/p>\n\n\n\n<p><strong>Wie w\u00fcrden Sie den Hashtag #offengeht mit Leben f\u00fcllen?<\/strong><\/p>\n\n\n\n<p><strong>Wo m\u00fcssen wir offener werden?<\/strong><\/p>\n\n\n\n<p><strong>Wir freuen uns auf neue Einsichten, spannende Debatten und auf Sie!<\/strong><\/p>\n\n\n\n<p><\/p>\n\n\n\n<p><em>Die Projekte werden gef\u00f6rdert im Programm \u201e360\u00b0 \u2013 Fonds f\u00fcr Kulturen der neuen Stadtgesellschaft\u201c der Kulturstiftung des Bundes. Mit dem Programm unterst\u00fctzt die Kulturstiftung des Bundes Kulturinstitutionen dabei, sich intensiver mit Migration und kultureller Vielfalt auseinanderzusetzen und neue Zug\u00e4nge und Sichtbarkeiten f\u00fcr Gruppen der Gesellschaft zu schaffen, die bislang nicht angemessen erreicht wurden. Das Modellprogramm f\u00f6rdert zu diesem Zweck eine Vielfalt von Ans\u00e4tzen, die auf die diversit\u00e4tsbezogene \u00d6ffnung in den Bereichen Programm, Publikum und Personal zielen. Mehr Informationen unter: <a rel=\"noreferrer noopener\" href=\"https:\/\/www.kulturstiftung-des-bundes.de\/360-fonds\" target=\"_blank\">www.kulturstiftung-des-bundes.de\/360-fonds<\/a><\/em><\/p>\n\n\n\n<figure class=\"wp-block-image size-large\"><img loading=\"lazy\" decoding=\"async\" width=\"1000\" height=\"274\" src=\"https:\/\/blog.jena.de\/jenakultur\/wp-content\/uploads\/sites\/25\/2019\/07\/05-Logo-KSB-360Grad-print-small-horizontal-black-1000x274.jpg\" alt=\"\" class=\"wp-image-841\" srcset=\"https:\/\/blog.jena.de\/jenakultur\/wp-content\/uploads\/sites\/25\/2019\/07\/05-Logo-KSB-360Grad-print-small-horizontal-black-1000x274.jpg 1000w, https:\/\/blog.jena.de\/jenakultur\/wp-content\/uploads\/sites\/25\/2019\/07\/05-Logo-KSB-360Grad-print-small-horizontal-black-500x137.jpg 500w, https:\/\/blog.jena.de\/jenakultur\/wp-content\/uploads\/sites\/25\/2019\/07\/05-Logo-KSB-360Grad-print-small-horizontal-black-768x211.jpg 768w, https:\/\/blog.jena.de\/jenakultur\/wp-content\/uploads\/sites\/25\/2019\/07\/05-Logo-KSB-360Grad-print-small-horizontal-black.jpg 1200w\" sizes=\"auto, (max-width: 1000px) 100vw, 1000px\" \/><\/figure>\n","protected":false},"excerpt":{"rendered":"<p>Die EAB Jena zeigt, wie #offengeht Vielfalt, Diversit\u00e4t, Diversity: Zu diesen Schlagw\u00f6rtern sowie den damit verbundenen Realit\u00e4ten gibt es mittlerweile unz\u00e4hlige identit\u00e4tspolitische Debatten,&hellip;<\/p>\n","protected":false},"author":22,"featured_media":5018,"comment_status":"open","ping_status":"closed","sticky":false,"template":"","format":"standard","meta":{"footnotes":""},"categories":[1,12,9,706,30],"tags":[781,780],"class_list":["post-5015","post","type-post","status-publish","format-standard","has-post-thumbnail","hentry","category-allgemein","category-eab","category-jenakultur","category-kultur-in-jena","category-sonderprojekte","tag-offengeht","tag-ikw"],"_links":{"self":[{"href":"https:\/\/blog.jena.de\/jenakultur\/wp-json\/wp\/v2\/posts\/5015","targetHints":{"allow":["GET"]}}],"collection":[{"href":"https:\/\/blog.jena.de\/jenakultur\/wp-json\/wp\/v2\/posts"}],"about":[{"href":"https:\/\/blog.jena.de\/jenakultur\/wp-json\/wp\/v2\/types\/post"}],"author":[{"embeddable":true,"href":"https:\/\/blog.jena.de\/jenakultur\/wp-json\/wp\/v2\/users\/22"}],"replies":[{"embeddable":true,"href":"https:\/\/blog.jena.de\/jenakultur\/wp-json\/wp\/v2\/comments?post=5015"}],"version-history":[{"count":10,"href":"https:\/\/blog.jena.de\/jenakultur\/wp-json\/wp\/v2\/posts\/5015\/revisions"}],"predecessor-version":[{"id":5032,"href":"https:\/\/blog.jena.de\/jenakultur\/wp-json\/wp\/v2\/posts\/5015\/revisions\/5032"}],"wp:featuredmedia":[{"embeddable":true,"href":"https:\/\/blog.jena.de\/jenakultur\/wp-json\/wp\/v2\/media\/5018"}],"wp:attachment":[{"href":"https:\/\/blog.jena.de\/jenakultur\/wp-json\/wp\/v2\/media?parent=5015"}],"wp:term":[{"taxonomy":"category","embeddable":true,"href":"https:\/\/blog.jena.de\/jenakultur\/wp-json\/wp\/v2\/categories?post=5015"},{"taxonomy":"post_tag","embeddable":true,"href":"https:\/\/blog.jena.de\/jenakultur\/wp-json\/wp\/v2\/tags?post=5015"}],"curies":[{"name":"wp","href":"https:\/\/api.w.org\/{rel}","templated":true}]}}