{"id":4762,"date":"2021-07-28T07:21:00","date_gmt":"2021-07-28T05:21:00","guid":{"rendered":"https:\/\/blog.jena.de\/jenakultur\/?p=4762"},"modified":"2021-07-27T09:54:33","modified_gmt":"2021-07-27T07:54:33","slug":"kultur-auf-strassen-plaetzen-und-wiesen-ein-jenaer-mosaik","status":"publish","type":"post","link":"https:\/\/blog.jena.de\/jenakultur\/2021\/07\/28\/kultur-auf-strassen-plaetzen-und-wiesen-ein-jenaer-mosaik\/","title":{"rendered":"Kultur auf Stra\u00dfen, Pl\u00e4tzen und Wiesen: Ein Jenaer Mosaik"},"content":{"rendered":"\n<h2 class=\"wp-block-heading\">Kultursommer Jena<\/h2>\n\n\n\n<p>In den letzten Jahren hat sich eine enge Zusammenarbeit zwischen der <a href=\"https:\/\/www.jena.de\" target=\"_blank\" rel=\"noopener\">Stadt Jena<\/a>, dem<a href=\"https:\/\/www.jenakultur.de\" target=\"_blank\" rel=\"noopener\"> Eigenbetrieb JenaKultur<\/a> und den Akteur:innen der freien Kultur- und Kunstszene in Jena entwickelt. So hat die Stadt im Jahr 2020 eine <a href=\"https:\/\/blank-jena.de\/\" target=\"_blank\" rel=\"noopener\">Zwischennutzungsagentur<\/a> eingerichtet, damit leerstehende R\u00e4ume und Fl\u00e4chen tempor\u00e4r von Kulturvereinen und Initiativen genutzt werden k\u00f6nnen und so Kunst und Kultur an vielen verschiedenen Orten in der Stadt sichtbar werden.<\/p>\n<p>Im Sommer des vergangenen Jahres reagierten JenaKultur und eine Vielzahl freier Akteur:innen erstmals mit einem Modellprojekt auf die Pandemie und brachten im Rahmen der \u201e<a href=\"https:\/\/www.jenakultur.de\/de\/projekte_und_festivals\/strassenpflasterfestspielwoche\/886735\" target=\"_blank\" rel=\"noopener\">Stra\u00dfenpflasterfestspiele<\/a>\u201c K\u00fcnstler:innen auf die Stra\u00dfe.<\/p>\n\n\n\n<figure class=\"wp-block-image size-large\"><img loading=\"lazy\" decoding=\"async\" width=\"1000\" height=\"525\" src=\"https:\/\/blog.jena.de\/jenakultur\/wp-content\/uploads\/sites\/25\/2021\/07\/jenakultur-kultur-auf-strassen-plaetzen-und-wiesen-ein-jenaer-mosaik-strassenpflasterfestspielejenakultur-1000x525.jpg\" alt=\"Musiker spielen auf dem Johannisplatz bei den Stra\u00dfenpflasterfestsspielen\" class=\"wp-image-4773\" srcset=\"https:\/\/blog.jena.de\/jenakultur\/wp-content\/uploads\/sites\/25\/2021\/07\/jenakultur-kultur-auf-strassen-plaetzen-und-wiesen-ein-jenaer-mosaik-strassenpflasterfestspielejenakultur-1000x525.jpg 1000w, https:\/\/blog.jena.de\/jenakultur\/wp-content\/uploads\/sites\/25\/2021\/07\/jenakultur-kultur-auf-strassen-plaetzen-und-wiesen-ein-jenaer-mosaik-strassenpflasterfestspielejenakultur-500x263.jpg 500w, https:\/\/blog.jena.de\/jenakultur\/wp-content\/uploads\/sites\/25\/2021\/07\/jenakultur-kultur-auf-strassen-plaetzen-und-wiesen-ein-jenaer-mosaik-strassenpflasterfestspielejenakultur-768x403.jpg 768w, https:\/\/blog.jena.de\/jenakultur\/wp-content\/uploads\/sites\/25\/2021\/07\/jenakultur-kultur-auf-strassen-plaetzen-und-wiesen-ein-jenaer-mosaik-strassenpflasterfestspielejenakultur.jpg 1200w\" sizes=\"auto, (max-width: 1000px) 100vw, 1000px\" \/><figcaption>Stra\u00dfenPflasterFestspiele 2020 \u00a9JenaKultur<\/figcaption><\/figure>\n\n\n\n<p>Ausgehend vom Erfolg dieses noch innerst\u00e4dtischen Formats untersuchten JenaKultur und die Zwischennutzungsagentur seit Monaten in systematischer Weise vorhandene Freifl\u00e4chen im gesamten Stadtgebiet und \u00fcberpr\u00fcfen deren infrastrukturelle und versammlungsrechtliche Vorrausetzungen f\u00fcr die Genehmigung von weiteren Open Air-Veranstaltungen. Au\u00dferdem arbeitet die Stadt an der Entwicklung von inklusiven Kunst- und Kulturformaten, um die B\u00fcrger:innen mit und ohne Einschr\u00e4nkungen mit Hilfe von Kunst und Kultur f\u00fcr das Thema Inklusion und ein vorurteilsfreies Miteinander zu sensibilisieren.<\/p>\n<p>Daneben haben die Vertreter:innen der freien Szene Jena in den letzten Jahren viele interessante Projekte und Ideen entwickelt, die es zu unterst\u00fctzen gilt. Unter anderem wurde vom <a href=\"http:\/\/www.freie-buehne-jena.de\/\" target=\"_blank\" rel=\"noopener\">Freie B\u00fchne Jena e. V.<\/a> ein alter Theaterwagen aufgearbeitet und zu einer mobilen B\u00fchne umgebaut.<\/p>\n\n\n\n<figure class=\"wp-block-image size-large\"><img loading=\"lazy\" decoding=\"async\" width=\"1000\" height=\"525\" src=\"https:\/\/blog.jena.de\/jenakultur\/wp-content\/uploads\/sites\/25\/2021\/07\/jenakultur-kultur-auf-strassen-plaetzen-und-wiesen-ein-jenaer-mosaik-theaterwagenfeuerwehrautofreiebuehnejenaev-1000x525.jpg\" alt=\"Theaterwagen der Freien B\u00fchne Jena e. V.\" class=\"wp-image-4771\" srcset=\"https:\/\/blog.jena.de\/jenakultur\/wp-content\/uploads\/sites\/25\/2021\/07\/jenakultur-kultur-auf-strassen-plaetzen-und-wiesen-ein-jenaer-mosaik-theaterwagenfeuerwehrautofreiebuehnejenaev-1000x525.jpg 1000w, https:\/\/blog.jena.de\/jenakultur\/wp-content\/uploads\/sites\/25\/2021\/07\/jenakultur-kultur-auf-strassen-plaetzen-und-wiesen-ein-jenaer-mosaik-theaterwagenfeuerwehrautofreiebuehnejenaev-500x263.jpg 500w, https:\/\/blog.jena.de\/jenakultur\/wp-content\/uploads\/sites\/25\/2021\/07\/jenakultur-kultur-auf-strassen-plaetzen-und-wiesen-ein-jenaer-mosaik-theaterwagenfeuerwehrautofreiebuehnejenaev-768x403.jpg 768w, https:\/\/blog.jena.de\/jenakultur\/wp-content\/uploads\/sites\/25\/2021\/07\/jenakultur-kultur-auf-strassen-plaetzen-und-wiesen-ein-jenaer-mosaik-theaterwagenfeuerwehrautofreiebuehnejenaev.jpg 1200w\" sizes=\"auto, (max-width: 1000px) 100vw, 1000px\" \/><figcaption>Theaterwagen der Freien B\u00fchne Jena e. V., gezogen von einem alten Feuerwehrfahrzeug \u00a9Freie B\u00fchne Jena e. V.<\/figcaption><\/figure>\n\n\n\n<p>Im &#8222;Kultursommer Jena. Ein Jenaer Mosaik&#8220; sollen all diese Ansatzpunkte der Kooperation sowie die geschaffenen Voraussetzungen f\u00fcr mobile Kulturveranstaltungen zusammengef\u00fchrt und zu einem anspruchsvollen, facettenreichen Kultursommerprogramm ausgestaltet werden. Der Schwerpunkt liegt dabei auf der Einbindung vieler verschiedener Initiativen und Sparten sowie auf der Verteilung der Veranstaltungen \u00fcber das gesamte Stadtgebiet und die eingemeindeten Ortschaften, um aus Infektionsschutzgr\u00fcnden Menschenansammlungen zu vermeiden. So entsteht ein breites, buntes und an verschiedenen Punkten der Stadt f\u00fcr die Bewohner:innen erlebbares Sommerkulturprogramm.<\/p>\n<h3><strong>\u201eDie Stra\u00dfen sollen ein Fest der Kunst f\u00fcr alle sein\u201c<sup>1<\/sup><\/strong><\/h3>\n<p>Ein Fest der Kunst auf den Stra\u00dfen, Pl\u00e4tzen und Wiesen m\u00f6chten wir in diesem Sommer in Jena gemeinsam mit Ihnen von Ende Juli bis Ende September in Jena feiern. Geplant sind etwa 60 Veranstaltungen, die von insgesamt 13 Jenaer Kulturvereinen konzipiert, organisiert und durchgef\u00fchrt werden.<\/p>\n\n\n\n<ul class=\"wp-block-list\"><li>Freifl\u00e4chlabor <\/li><li>Tour de Jena mit dem Theaterwagen<\/li><li>Stra\u00dfenPflasterFestspiele<\/li><li>Picknick-Konzerte<\/li><li>Stra\u00dfenPflasterGeschichten<\/li><li>Open Air-Konzerte<\/li><li>inklusive Kunst &amp; Kultur<\/li><li>Workshops u.v.m.<\/li><\/ul>\n\n\n\n<p>Alle Veranstaltungen im Rahmen des Kultursommers in Jena finden Sie im <a href=\"https:\/\/www.jena-veranstaltungen.de\" target=\"_blank\" rel=\"noopener\">st\u00e4dtischen Veranstaltungskalender<\/a>, auf den Seiten der Kulturanbieter und geb\u00fcndelt auf:<\/p>\n\n\n\n<div class=\"wp-block-buttons alignwide is-content-justification-center is-layout-flex wp-block-buttons-is-layout-flex\">\n<div class=\"wp-block-button\"><a class=\"wp-block-button__link\" href=\"https:\/\/www.jenakultur.de\/de\/projekte_und_festivals\/kultursommer\/899461\" target=\"_blank\" rel=\"noreferrer noopener\">www.kultursommer-jena.de<\/a><\/div>\n<\/div>\n\n\n\n<h3>&nbsp;<\/h3>\n<h3><strong>Neue Fl\u00e4chen f\u00fcr neue Kultur: Freifl\u00e4chenlabor<\/strong><\/h3>\n<p>Ein wichtiger Teil des Kultursommers in Jena ist ein Freifl\u00e4chenlabor. Es umfasst die Durchf\u00fchrung von zehn Open Air-Veranstaltungen auf von der Stadt eigens daf\u00fcr zur Verf\u00fcgung gestellten Freifl\u00e4chen. Mit dem Freifl\u00e4chenlabor sollen die ausgewiesenen Fl\u00e4chen f\u00fcr den Veranstaltungsbetrieb getestet werden. Daf\u00fcr sollen zu Beginn vier Veranstaltungen als Reallabor von verschiedenen Kollektiven an verschiedenen Orten durchgef\u00fchrt und von externer Stelle \u00fcberwacht werden. Im Anschluss an die Veranstaltung erfolgt eine Evaluation.<\/p>\n\n\n\n<p><em>Initiiert wurde der Jenaer Kultursommer vom st\u00e4dtischen Eigenbetrieb JenaKultur. Als Kulturf\u00f6rderer organisiert und verwaltet er die finanziellen Mittel und verteilt diese auf die Kulturanbieter der Lichtstadt. Die Veranstaltungsorganisation, -bewerbung und -verwaltung obliegt den freien Kulturakteuren \u2013 selbstverst\u00e4dlich nicht ganz ohne Unterst\u00fctzung.<\/em><\/p>\n<p><em>Der Kultursommer Jena wird im Programm Kultursommer 2021 durch <a title=\"www.kulturstaatministerin.de\" href=\"https:\/\/www.kulturstaatministerin.de\" target=\"_blank\" rel=\"noopener\">die Beauftrage der Bundesregierung f\u00fcr Kultur und Medien (BKM)<\/a> mit Mitteln aus NEUSTART KULTUR gef\u00f6rdert.<\/em><\/p>\n<p><img loading=\"lazy\" decoding=\"async\" class=\"aligncenter size-large wp-image-4764\" src=\"https:\/\/blog.jena.de\/jenakultur\/wp-content\/uploads\/sites\/25\/2021\/07\/jenakultur-logos-kulturstiftung-1000x525.jpg\" alt=\"Logos Bundeskulturstiftung\" width=\"900\" height=\"473\" srcset=\"https:\/\/blog.jena.de\/jenakultur\/wp-content\/uploads\/sites\/25\/2021\/07\/jenakultur-logos-kulturstiftung-1000x525.jpg 1000w, https:\/\/blog.jena.de\/jenakultur\/wp-content\/uploads\/sites\/25\/2021\/07\/jenakultur-logos-kulturstiftung-500x263.jpg 500w, https:\/\/blog.jena.de\/jenakultur\/wp-content\/uploads\/sites\/25\/2021\/07\/jenakultur-logos-kulturstiftung-768x403.jpg 768w, https:\/\/blog.jena.de\/jenakultur\/wp-content\/uploads\/sites\/25\/2021\/07\/jenakultur-logos-kulturstiftung.jpg 1200w\" sizes=\"auto, (max-width: 900px) 100vw, 900px\" \/><\/p>\n\n\n\n<p><strong>Ein Programm wie dieses gibt es 2021 in vielen deutschen St\u00e4dten. Doch in Jena ist es uns wieder mal gelungen, sehr viele verschiedene Akteure zusammen zu bringen, sodass die Vielfalt der Angebote seines gleichen sucht. Worauf freuen Sie sich am meisten? Und noch wichtiger: Was fehlt Ihnen??<\/strong><\/p>\n<p>&nbsp;<\/p>\n<p><em><sup>1<\/sup><\/em>&nbsp;<em>Wladimir Majakowski 1918 im Dekret Nr. 1 \u00fcber die Demokratisierung der Kunst<\/em><\/p>\n","protected":false},"excerpt":{"rendered":"<p>Kultursommer Jena In den letzten Jahren hat sich eine enge Zusammenarbeit zwischen der Stadt Jena, dem Eigenbetrieb JenaKultur und den Akteur:innen der freien&hellip;<\/p>\n","protected":false},"author":22,"featured_media":4763,"comment_status":"open","ping_status":"closed","sticky":false,"template":"","format":"standard","meta":{"footnotes":""},"categories":[1,9,706,16,10],"tags":[79,34,763,764],"class_list":["post-4762","post","type-post","status-publish","format-standard","has-post-thumbnail","hentry","category-allgemein","category-jenakultur","category-kultur-in-jena","category-kulturfoerderung","category-kulturpolitik","tag-kulturinjena","tag-jena","tag-kultursommer","tag-neustart-kultur"],"_links":{"self":[{"href":"https:\/\/blog.jena.de\/jenakultur\/wp-json\/wp\/v2\/posts\/4762","targetHints":{"allow":["GET"]}}],"collection":[{"href":"https:\/\/blog.jena.de\/jenakultur\/wp-json\/wp\/v2\/posts"}],"about":[{"href":"https:\/\/blog.jena.de\/jenakultur\/wp-json\/wp\/v2\/types\/post"}],"author":[{"embeddable":true,"href":"https:\/\/blog.jena.de\/jenakultur\/wp-json\/wp\/v2\/users\/22"}],"replies":[{"embeddable":true,"href":"https:\/\/blog.jena.de\/jenakultur\/wp-json\/wp\/v2\/comments?post=4762"}],"version-history":[{"count":29,"href":"https:\/\/blog.jena.de\/jenakultur\/wp-json\/wp\/v2\/posts\/4762\/revisions"}],"predecessor-version":[{"id":4799,"href":"https:\/\/blog.jena.de\/jenakultur\/wp-json\/wp\/v2\/posts\/4762\/revisions\/4799"}],"wp:featuredmedia":[{"embeddable":true,"href":"https:\/\/blog.jena.de\/jenakultur\/wp-json\/wp\/v2\/media\/4763"}],"wp:attachment":[{"href":"https:\/\/blog.jena.de\/jenakultur\/wp-json\/wp\/v2\/media?parent=4762"}],"wp:term":[{"taxonomy":"category","embeddable":true,"href":"https:\/\/blog.jena.de\/jenakultur\/wp-json\/wp\/v2\/categories?post=4762"},{"taxonomy":"post_tag","embeddable":true,"href":"https:\/\/blog.jena.de\/jenakultur\/wp-json\/wp\/v2\/tags?post=4762"}],"curies":[{"name":"wp","href":"https:\/\/api.w.org\/{rel}","templated":true}]}}