{"id":4496,"date":"2021-07-02T07:26:00","date_gmt":"2021-07-02T05:26:00","guid":{"rendered":"https:\/\/blog.jena.de\/jenakultur\/?p=4496"},"modified":"2021-07-06T09:36:49","modified_gmt":"2021-07-06T07:36:49","slug":"wenn-schuelerinnen-ihre-stadt-entdecken-und-sich-einmischen","status":"publish","type":"post","link":"https:\/\/blog.jena.de\/jenakultur\/2021\/07\/02\/wenn-schuelerinnen-ihre-stadt-entdecken-und-sich-einmischen\/","title":{"rendered":"Wenn Sch\u00fcler:innen ihre Stadt entdecken und sich einmischen"},"content":{"rendered":"\n<p><em>Immer mal ver\u00f6ffentlichen wir in unserem Blog auch Gastbeitr\u00e4ge. Der heutige freut nicht nur uns, sondern muss vor allem Lehrer:innen geradezu in Euphorie versetzen. Was kann einem schlie\u00dflich besseres passieren, als dass Sch\u00fcler:innen begreifen, dass man nicht f\u00fcr die Schule, sondern f\u00fcrs Leben lernt, dass sie sich einmischen wollen?<\/em><\/p>\n<p><em>Der Geschichtskurs der Klasse 11 des <a href=\"https:\/\/osg-jena.edupage.org\/\" target=\"_blank\" rel=\"noopener\">Otto-Schott-Gymnasiums<\/a> in Jena hat uns vor ein paar Wochen folgendes geschrieben:<\/em><\/p>\n<p><em>&#8222;Wir, die Sch\u00fcler des Geschichtskurses der Klasse 11 des Otto-Schott-Gymnasiums aus Jena, m\u00f6chten uns mit einem Anliegen an Sie wenden. Im Herzen Jenas, direkt gegen\u00fcber des Hanfrieds auf dem Marktplatz befindet sich der unscheinbare &#8218;Bismarck&#8217;brunnen. Im Rahmen des Geschichtsunterrichts haben wir uns mit dem ehemaligen Reichskanzler Otto von Bismarck besch\u00e4ftigt und sind auf das Denkmal auf dem Marktplatz gesto\u00dfen. Erst nach direktem Hinweis unseres Lehrers konnten wir es als Denkmal zur Ehrung und Erinnerung von und an Bismarck erkennen.<br>Leider verweisen keine Informationstafeln auf Bismarcks Wirken, sein Leben und den Grund der Namensgebung des Brunnens. Um dies vor allem Besuchern, Schulklassen sowie Einheimischen n\u00e4her zu bringen, wenden wir uns mit der Bitte an Sie, eine Informationstafel am Brunnen zu errichten bzw. die Errichtung einer derartigen Tafel zu pr\u00fcfen.&#8220;<\/em><\/p>\n<p><em>Damit jedermann an den \u00dcberlegungen der jungen Menschen teilhaben und mitdiskutieren kann, haben wir angeregt, sich hier zu Wort zu melden. Hier deren Beitrag:<br><\/em><\/p>\n<p><strong>Ach was, Jena hat auch eine Geschichte?<\/strong><\/p>\n<p>Wusstet Ihr, dass Otto von Bismarck einst unsere sch\u00f6ne Stadt besucht hat und noch heute ein Denkmal im Herzen Jenas daran erinnert? Nein? Wir auch nicht. Zumindest bis vor kurzem.<\/p>\n<p>Im Rahmen unseres Geschichtsunterrichts haben wir, der erh\u00f6hte Geschichtskurs der 11. Klasse des Otto-Schott-Gymnasiums Jena, uns mit der historischen Pers\u00f6nlichkeit Bismarcks auseinandergesetzt und herausgefunden, dass ihm der Brunnen auf dem Marktplatz&nbsp; gewidmet ist. Am 31. Juli 1892 hielt er auf unserem Markplatz vor 8.000 Leuten eine Rede. Schon zwei Jahre danach wurde dieser Brunnen erbaut. Heute wei\u00df dies aber fast keiner mehr und das hat uns nachdenklich gestimmt. Eine historische Einordnung des zentral gelegenen Bismarckbrunnens ist schlichtweg nicht vorhanden. Doch Bismarck, welcher eine gro\u00dfe Rolle im Prozess der Reichsgr\u00fcndung spielte, ist zugleich eine kontroverse Pers\u00f6nlichkeit. Deshalb sollte es eine Einordnung geben, finden wir zumindest\u2026<\/p>\n<p><strong>Was haben wir bisher unternommen?<\/strong><\/p>\n<p>Neben der grundlegenden Recherche zur Person Otto von Bismarcks, haben wir uns auch mittels verschiedenster Vortr\u00e4ge \u00fcber nationale Denkm\u00e4ler des 19. und 20. Jahrhunderts informiert. Dar\u00fcber hinaus hatten wir die Professorin f\u00fcr <a href=\"https:\/\/www.gw.uni-jena.de\/fakult%C3%A4t\/historisches+institut\/bereiche\/neuere+geschichte\" target=\"_blank\" rel=\"noopener\">Neuere Geschichte<\/a> <em>(der Friedrich-Schiller-Universit\u00e4t Jena, Anm. d. Red.)<\/em> Carola Dietze um Ihre historische Einordnung bez\u00fcglich Bismarck gebeten. Mit ihr haben wir auch dar\u00fcber gesprochen, wie man Bismarck und insbesondere den Brunnen auf dem Jenaer Marktplatz einordnen k\u00f6nnte.<\/p>\n<p><strong>Was genau haben wir uns vorgestellt?<\/strong><\/p>\n<p>Bez\u00fcglich der historischen Einordnung haben wir an eine Informationstafel vor dem Brunnen gedacht. Diese h\u00e4tte den Vorteil, dass viele Passant:innen und Tourist:innen dieses Denkmal st\u00e4rker wahrnehmen w\u00fcrden. Zudem h\u00e4tte so jeder die Chance, etwas mehr \u00fcber Bismarck zu lernen und zu verstehen, wie wichtig, aber auch wie kontrovers er als historische Pers\u00f6nlichkeit zu sehen ist.<\/p>\n<p><strong>Inwiefern denn kontrovers?<\/strong><\/p>\n<p>Viele denken bei dem Namen Otto von Bismarck an den &#8222;Reichsgr\u00fcnder&#8220; und den &#8222;Erfinder&#8220; des Sozialversicherungssystems. Diese Leistung gilt es ihm gewiss auch nicht abzusprechen. Doch neben den positiven Aspekten, die seine Politik durchaus hatte, vergessen leider einige, dass er diese Politik mit &#8222;Blut und Eisen&#8220; bzw. &#8222;Zuckerbrot und Peitsche&#8220; f\u00fchrte. Um das Volk zu einen und die &#8222;innere Reichsgr\u00fcndung&#8220; zu unterst\u00fctzen, grenzte er auch Volksgruppen aus, die seine Politik nicht unterst\u00fctzten. Die &#8222;Sozialistengesetze&#8220; und der &#8222;Kulturkampf&#8220; gegen die katholische Kirche spalteten die Gesellschaft im Kaiserreich nachhaltig.<\/p>\n\n\n\n<div class=\"wp-block-image\"><figure class=\"aligncenter size-medium\"><img loading=\"lazy\" decoding=\"async\" width=\"375\" height=\"500\" src=\"https:\/\/blog.jena.de\/jenakultur\/wp-content\/uploads\/sites\/25\/2021\/06\/jenakultur-ach-was-jena-hat-auch-eine-geschichte-ansicht-bismarckbrunnen1-375x500.jpg\" alt=\"Detailansicht Bismarckbrunnen Jena mit Plakette und Inschrift\" class=\"wp-image-4505\" srcset=\"https:\/\/blog.jena.de\/jenakultur\/wp-content\/uploads\/sites\/25\/2021\/06\/jenakultur-ach-was-jena-hat-auch-eine-geschichte-ansicht-bismarckbrunnen1-375x500.jpg 375w, https:\/\/blog.jena.de\/jenakultur\/wp-content\/uploads\/sites\/25\/2021\/06\/jenakultur-ach-was-jena-hat-auch-eine-geschichte-ansicht-bismarckbrunnen1-750x1000.jpg 750w, https:\/\/blog.jena.de\/jenakultur\/wp-content\/uploads\/sites\/25\/2021\/06\/jenakultur-ach-was-jena-hat-auch-eine-geschichte-ansicht-bismarckbrunnen1-768x1024.jpg 768w, https:\/\/blog.jena.de\/jenakultur\/wp-content\/uploads\/sites\/25\/2021\/06\/jenakultur-ach-was-jena-hat-auch-eine-geschichte-ansicht-bismarckbrunnen1-1152x1536.jpg 1152w, https:\/\/blog.jena.de\/jenakultur\/wp-content\/uploads\/sites\/25\/2021\/06\/jenakultur-ach-was-jena-hat-auch-eine-geschichte-ansicht-bismarckbrunnen1-518x690.jpg 518w, https:\/\/blog.jena.de\/jenakultur\/wp-content\/uploads\/sites\/25\/2021\/06\/jenakultur-ach-was-jena-hat-auch-eine-geschichte-ansicht-bismarckbrunnen1-1320x1760.jpg 1320w, https:\/\/blog.jena.de\/jenakultur\/wp-content\/uploads\/sites\/25\/2021\/06\/jenakultur-ach-was-jena-hat-auch-eine-geschichte-ansicht-bismarckbrunnen1.jpg 1440w\" sizes=\"auto, (max-width: 375px) 100vw, 375px\" \/><figcaption>Der Jenaer Bismarckbrunnen auf der S\u00fcdseite des historischen Marktes von Jena, direkt vor dem Rathaus, wurde 1894 zur Erinnerung an Bismarcks Jena-Besuch 1892 und dessen Rede an gleicher Stelle eingeweiht. | \u00a9 privat<\/figcaption><\/figure><\/div>\n\n\n\n<p><em>Uns interessiert, ob auch Sie hin und wieder Dinge in Jena entdecken, die Sie \u00fcberraschen, erstaunen, die Sie nicht kannten?<\/em><\/p>\n<p><em>\u00dcber dieses Projekt hier werden wir auf alle F\u00e4lle zu gegebener Zeit weiter berichten, denn wir finden, das Engagement des Geschichtskurses verdient alle Achtung. Und wir nehmen \u2013<\/em><em> als Eigenbetrieb, der u.a. f\u00fcr die Verwaltung von <a href=\"https:\/\/www.jenakultur.de\/de\/aufgaben_und_service\/denkmal-_und_kunstfoerderung\/605730\" target=\"_blank\" rel=\"noopener\">(Denkmal-)Objekten im \u00f6ffentlichen Raum in Jena<\/a> zust\u00e4ndig ist \u2013 die Anregung, eine Gedenktafel aufzustellen, sehr gern auf. Gemeinsam mit den Sch\u00fcler:innen haben wir bereits \u00dcberlegungen angestellt, auf welchem Wege man zu einer sinnvollen Kommentierung des Brunnens kommen k\u00f6nnte.<\/em><\/p>\n<p><em>Wir werden Sie dazu weiter auf dem Laufenden halten. Zun\u00e4chst w\u00fcnschen wir uns allen Freude an gro\u00dfen und kleinen Entdeckungen!<br><\/em><\/p>\n","protected":false},"excerpt":{"rendered":"<p>Der Sommer beginnt, und wir alle freuen uns, dass der Corona-Pandemie ein wenig die Luft ausgeht und somit wieder einiges erm\u00f6glicht. ENTDECKUNGEN sind die sch\u00f6nsten Nebeneffekte von Urlaub und Reisen. Aber sie sind auch quasi vor der Haust\u00fcr m\u00f6glich, wie uns der Gastbeitrag von Sch\u00fcler:innen des Geschichtsleistungskurses Klasse 11 des Otto-Schott-Gymnasiums eindrucksvoll demonstriert.<\/p>\n","protected":false},"author":22,"featured_media":4536,"comment_status":"open","ping_status":"closed","sticky":false,"template":"","format":"standard","meta":{"footnotes":""},"categories":[1,11,9,358],"tags":[747,98,748,539],"class_list":["post-4496","post","type-post","status-publish","format-standard","has-post-thumbnail","hentry","category-allgemein","category-denkmale","category-jenakultur","category-stadtgeschichtsforschung","tag-bismarckbrunnen","tag-denkmale","tag-gastbeitrag","tag-kunst-im-oeffentlichen-raum"],"_links":{"self":[{"href":"https:\/\/blog.jena.de\/jenakultur\/wp-json\/wp\/v2\/posts\/4496","targetHints":{"allow":["GET"]}}],"collection":[{"href":"https:\/\/blog.jena.de\/jenakultur\/wp-json\/wp\/v2\/posts"}],"about":[{"href":"https:\/\/blog.jena.de\/jenakultur\/wp-json\/wp\/v2\/types\/post"}],"author":[{"embeddable":true,"href":"https:\/\/blog.jena.de\/jenakultur\/wp-json\/wp\/v2\/users\/22"}],"replies":[{"embeddable":true,"href":"https:\/\/blog.jena.de\/jenakultur\/wp-json\/wp\/v2\/comments?post=4496"}],"version-history":[{"count":28,"href":"https:\/\/blog.jena.de\/jenakultur\/wp-json\/wp\/v2\/posts\/4496\/revisions"}],"predecessor-version":[{"id":4608,"href":"https:\/\/blog.jena.de\/jenakultur\/wp-json\/wp\/v2\/posts\/4496\/revisions\/4608"}],"wp:featuredmedia":[{"embeddable":true,"href":"https:\/\/blog.jena.de\/jenakultur\/wp-json\/wp\/v2\/media\/4536"}],"wp:attachment":[{"href":"https:\/\/blog.jena.de\/jenakultur\/wp-json\/wp\/v2\/media?parent=4496"}],"wp:term":[{"taxonomy":"category","embeddable":true,"href":"https:\/\/blog.jena.de\/jenakultur\/wp-json\/wp\/v2\/categories?post=4496"},{"taxonomy":"post_tag","embeddable":true,"href":"https:\/\/blog.jena.de\/jenakultur\/wp-json\/wp\/v2\/tags?post=4496"}],"curies":[{"name":"wp","href":"https:\/\/api.w.org\/{rel}","templated":true}]}}