{"id":398,"date":"2019-03-15T08:40:44","date_gmt":"2019-03-15T07:40:44","guid":{"rendered":"https:\/\/blog.jena.de\/jenakultur\/?p=398"},"modified":"2019-03-15T12:20:29","modified_gmt":"2019-03-15T11:20:29","slug":"mitarbeiterinnen-von-jenakultur-vorgestellt-heute-benjamin-engelhardt","status":"publish","type":"post","link":"https:\/\/blog.jena.de\/jenakultur\/2019\/03\/15\/mitarbeiterinnen-von-jenakultur-vorgestellt-heute-benjamin-engelhardt\/","title":{"rendered":"MitarbeiterInnen von JenaKultur vorgestellt | Heute: Benjamin Engelhardt"},"content":{"rendered":"\n<p><strong>Benjamin Engelhardt, Fachbereichsleiter Veranstaltungen, bei JenaKultur seit dem 1. Januar 2019<\/strong><\/p>\n\n\n\n<h3 class=\"wp-block-heading\">Sie sind jetzt seit 74 Tagen bei\nJenaKultur angestellt. Wie wurden Sie aufgenommen? Wie sind Ihre ersten\nEindr\u00fccke? Gibt es einen Irrtum bez\u00fcglich des Eigenbetriebs, der sich beim\nWechsel von der Au\u00dfenperspektive zur Innensicht als solcher herausgestellt hat?\n<\/h3>\n\n\n\n<p><em>Obwohl es in meiner ersten (kurzen) Arbeitswoche im Januar \u00fcberall im Haus noch recht dunkel gewesen ist und ich nur wenige Kollegen antreffen konnte, kann ich mich wirklich nur daf\u00fcr bedanken, wie herzlich ich hier aufgenommen wurde. Die meisten Kollegen kannte ich zwar tats\u00e4chlich noch aus meiner Zeit als Aushilfe bei der <a href=\"https:\/\/www.kulturarena.de\">KulturArena<\/a>, wo ich im Nachgang an mein Abitur neben dem Studium mehrere Jahre gearbeitet habe, aber auch die mir bis dato Unbekannten haben mir den Start hier sehr leicht gemacht. <\/em><\/p>\n\n\n\n<p><em>Was das Arbeiten im \u00f6ffentlichen Dienst betrifft, kann ich zum Stand\nheute nat\u00fcrlich sowohl Klischees best\u00e4tigen als auch negieren. Best\u00e4tigen kann\nich bspw. das Vorhandensein der f\u00fcr Au\u00dfenstehende oft nicht nachvollziehbaren\nStrukturen und vielen (!!!) Regelungen. In meinem bisherigen Arbeitsleben habe\nich in einem sehr frei agierenden, kleineren Unternehmen mit flachen\nHierarchien gearbeitet \u2013 das l\u00e4uft hier schon etwas anders und stellt mich\njeden Tag wieder vor unvorhersehbare Herausforderungen \u2026 Aufr\u00e4umen muss ich\nallerdings mit dem Vorurteil der angeblich sehr beh\u00e4big und langsam arbeitenden\n(\u201eFreitag um eins macht jeder seins\u201c-) Kollegen \u2013 die habe ich bei uns im Haus\nnoch nicht gesehen. \ud83d\ude09<\/em><\/p>\n\n\n\n<h3 class=\"wp-block-heading\">Auf Ihrer Stelle geht es um die unterschiedlichsten Veranstaltungen und Projekte: Vom beliebten Sommerfestival \u00fcber die M\u00e4rkte bis hin zum Volkshaus-Konzert oder der kleinen intimen Lesung in der Villa Rosenthal. Welche Akzente wollen Sie setzen? Warum?<\/h3>\n\n\n\n<p><em>Ehrlich gesagt, habe ich nach meinen bisher 74 Tagen im Haus noch nicht das Gef\u00fchl, schon an dem Punkt zu sein, inhaltliche Akzente bspw. in Bezug auf die k\u00fcnstlerische Ausrichtung setzen zu k\u00f6nnen. Eher versuche ich, die extrem unterschiedlichen Formate in ihrer Komplexit\u00e4t zu verstehen und mich viel mit den Kollegen auszutauschen, die zum Teil schon seit Jahren mit der jeweiligen Gestaltung zu tun haben. Jedes <a href=\"https:\/\/www.jenakultur.de\/de\/einrichtungen\/605331\">Veranstaltungshaus<\/a> oder <a href=\"https:\/\/www.jenakultur.de\/de\/projekte_und_festivals\/605332\">Projekt <\/a>hat eine andere Ausrichtung und gewachsene Strukturen, die erst einmal verstanden werden m\u00fcssen, ehe sie (ggf.) ver\u00e4ndert werden k\u00f6nnen. <\/em><\/p>\n\n\n\n<p><em>Tats\u00e4chlich sehe ich meine jetzige Aufgabe eher darin, mit dem Blick von au\u00dfen die eingeschliffenen Prozesse zu hinterfragen und zu optimieren. Wenn man lange in\/an einem Projekt arbeitet, verliert man h\u00e4ufig die Flexibilit\u00e4t, neue Wege auszuprobieren. Da wir uns aber als Veranstalter weiterentwickeln wollen, ist es zwingend notwendig, die Scheuklappen abzulegen und sich immer wieder zu fragen, was wir anders und besser machen k\u00f6nnen.&nbsp;&nbsp; <\/em><\/p>\n\n\n\n<h3 class=\"wp-block-heading\">Gibt es eine Episode, die Sie unseren Blog-Lesern mitteilen m\u00f6chten? <\/h3>\n\n\n\n<p><em>Hm\u2026das ist eine schwierige Frage. Naja, vielleicht versuchen wir es mal mit folgender pers\u00f6nlicher Erfahrung zu den Eigenheiten\/besonderen Regeln hier im Haus: Wenn ich eine Quizfrage beantworten m\u00fcsste, welche zehn Gegenst\u00e4nde sich aktuell im K\u00fchlschrank der Gemeinschaftsk\u00fcche befinden, so w\u00e4re meine Antwort: Neun ge\u00f6ffnete und mit einem Namen versehene Milchkartons (davon 7 x 3,5 % und 2 x 1,5 %) und eine Tupperbox mit der Aufschrift: \u201eFinger weg!\u201c. \ud83d\ude00<\/em><\/p>\n\n\n\n<h4 class=\"wp-block-heading\">Herzlich willkommen bei JenaKultur!<\/h4>\n\n\n\n<p><code><div class=\"rl-gallery-container rl-loading\" id=\"rl-gallery-container-1\" data-gallery_id=\"406\"> <h4 class=\"rl-gallery-title\">Seine vielf\u00e4ltigen Aufgabengebiete bei JenaKultur; u. a.<\/h4> <div class=\"rl-gallery rl-basicmasonry-gallery rl-hover-icon-6\" id=\"rl-gallery-1\" data-gallery_no=\"1\"> <div class=\"rl-gutter-sizer\"><\/div><div class=\"rl-grid-sizer\"><\/div> <div class=\"rl-gallery-item rl-gallery-item-width-4\" > <div class=\"rl-gallery-item-content\"> <a href=\"https:\/\/blog.jena.de\/jenakultur\/wp-content\/uploads\/sites\/25\/2019\/03\/jenakultur-seine-vielfaeltigen-aufgabengebiete-bei-jenakultur-u-a-be-maerktejenakultur-jenaparadies.jpg\" title=\"JenaKultur, jenaparadies\" data-rl_title=\"JenaKultur, jenaparadies\" class=\"rl-gallery-link\" data-rl_caption=\"M\u00e4rkte &amp; Stadtfeste\" data-rel=\"lightbox-gallery-1\"><img loading=\"lazy\" decoding=\"async\" src=\"https:\/\/blog.jena.de\/jenakultur\/wp-content\/uploads\/sites\/25\/2019\/03\/jenakultur-seine-vielfaeltigen-aufgabengebiete-bei-jenakultur-u-a-be-maerktejenakultur-jenaparadies.jpg\" width=\"500\" height=\"263\" alt=\"M\u00e4rkte &amp; Stadtfeste in Jena\" \/><span class=\"rl-gallery-caption\"><span class=\"rl-gallery-item-title\">M\u00e4rkte &amp; Stadtfeste<\/span><span class=\"rl-gallery-item-caption\">JenaKultur, jenaparadies<\/span><\/span><\/a> <\/div> <\/div> <div class=\"rl-gallery-item\" > <div class=\"rl-gallery-item-content\"> <a href=\"https:\/\/blog.jena.de\/jenakultur\/wp-content\/uploads\/sites\/25\/2019\/03\/jenakultur-seine-vielfaeltigen-aufgabengebiete-bei-jenakultur-u-a-kulturarenajenakultur-jenaparadies.jpg\" title=\"JenaKultur, jenaparadies\" data-rl_title=\"JenaKultur, jenaparadies\" class=\"rl-gallery-link\" data-rl_caption=\"KulturArena Jena\" data-rel=\"lightbox-gallery-1\"><img loading=\"lazy\" decoding=\"async\" src=\"https:\/\/blog.jena.de\/jenakultur\/wp-content\/uploads\/sites\/25\/2019\/03\/jenakultur-seine-vielfaeltigen-aufgabengebiete-bei-jenakultur-u-a-kulturarenajenakultur-jenaparadies.jpg\" width=\"500\" height=\"263\" alt=\"KulturArena Jena\" \/><span class=\"rl-gallery-caption\"><span class=\"rl-gallery-item-title\">KulturArena Jena<\/span><span class=\"rl-gallery-item-caption\">JenaKultur, jenaparadies<\/span><\/span><\/a> <\/div> <\/div> <div class=\"rl-gallery-item\" > <div class=\"rl-gallery-item-content\"> <a href=\"https:\/\/blog.jena.de\/jenakultur\/wp-content\/uploads\/sites\/25\/2019\/03\/jenakultur-seine-vielfaeltigen-aufgabengebiete-bei-jenakultur-u-a-be-sonderprojektejenakultur-cworsch.jpg\" title=\"JenaKultur, C. Worsch\" data-rl_title=\"JenaKultur, C. Worsch\" class=\"rl-gallery-link\" data-rl_caption=\"Sonderprojekte\" data-rel=\"lightbox-gallery-1\"><img loading=\"lazy\" decoding=\"async\" src=\"https:\/\/blog.jena.de\/jenakultur\/wp-content\/uploads\/sites\/25\/2019\/03\/jenakultur-seine-vielfaeltigen-aufgabengebiete-bei-jenakultur-u-a-be-sonderprojektejenakultur-cworsch.jpg\" width=\"500\" height=\"263\" alt=\"Sonderprojekte\" \/><span class=\"rl-gallery-caption\"><span class=\"rl-gallery-item-title\">Sonderprojekte<\/span><span class=\"rl-gallery-item-caption\">JenaKultur, C. Worsch<\/span><\/span><\/a> <\/div> <\/div> <div class=\"rl-gallery-item\" > <div class=\"rl-gallery-item-content\"> <a href=\"https:\/\/blog.jena.de\/jenakultur\/wp-content\/uploads\/sites\/25\/2019\/03\/jenakultur-seine-vielfaeltigen-aufgabengebiete-bei-jenakultur-u-a-be-vbjenakultur-hjohn.jpg\" title=\"JenaKultur, H. John\" data-rl_title=\"JenaKultur, H. John\" class=\"rl-gallery-link\" data-rl_caption=\"Volksbad Jena\" data-rel=\"lightbox-gallery-1\"><img loading=\"lazy\" decoding=\"async\" src=\"https:\/\/blog.jena.de\/jenakultur\/wp-content\/uploads\/sites\/25\/2019\/03\/jenakultur-seine-vielfaeltigen-aufgabengebiete-bei-jenakultur-u-a-be-vbjenakultur-hjohn.jpg\" width=\"500\" height=\"263\" alt=\"Kulturarena Jena \u2013 ArenAkustik im Volksbad\" \/><span class=\"rl-gallery-caption\"><span class=\"rl-gallery-item-title\">Volksbad Jena<\/span><span class=\"rl-gallery-item-caption\">JenaKultur, H. John<\/span><\/span><\/a> <\/div> <\/div> <div class=\"rl-gallery-item\" > <div class=\"rl-gallery-item-content\"> <a href=\"https:\/\/blog.jena.de\/jenakultur\/wp-content\/uploads\/sites\/25\/2019\/03\/jenakultur-seine-vielfaeltigen-aufgabengebiete-bei-jenakultur-u-a-be-vhjenakultur.jpg\" title=\"JenaKultur\" data-rl_title=\"JenaKultur\" class=\"rl-gallery-link\" data-rl_caption=\"Volkshaus Jena\" data-rel=\"lightbox-gallery-1\"><img loading=\"lazy\" decoding=\"async\" src=\"https:\/\/blog.jena.de\/jenakultur\/wp-content\/uploads\/sites\/25\/2019\/03\/jenakultur-seine-vielfaeltigen-aufgabengebiete-bei-jenakultur-u-a-be-vhjenakultur.jpg\" width=\"500\" height=\"263\" alt=\"Volkshaus Jena\" \/><span class=\"rl-gallery-caption\"><span class=\"rl-gallery-item-title\">Volkshaus Jena<\/span><span class=\"rl-gallery-item-caption\">JenaKultur<\/span><\/span><\/a> <\/div> <\/div> <div class=\"rl-gallery-item\" > <div class=\"rl-gallery-item-content\"> <a href=\"https:\/\/blog.jena.de\/jenakultur\/wp-content\/uploads\/sites\/25\/2019\/03\/jenakultur-seine-vielfaeltigen-aufgabengebiete-bei-jenakultur-u-a-be-vrjenakultur-jenaparadies.jpg\" title=\"JenaKultur, jenaparadies\" data-rl_title=\"JenaKultur, jenaparadies\" class=\"rl-gallery-link\" data-rl_caption=\"Villa Rosenthal Jena\" data-rel=\"lightbox-gallery-1\"><img loading=\"lazy\" decoding=\"async\" src=\"https:\/\/blog.jena.de\/jenakultur\/wp-content\/uploads\/sites\/25\/2019\/03\/jenakultur-seine-vielfaeltigen-aufgabengebiete-bei-jenakultur-u-a-be-vrjenakultur-jenaparadies.jpg\" width=\"500\" height=\"263\" alt=\"Villa Rosenthal Jena\" \/><span class=\"rl-gallery-caption\"><span class=\"rl-gallery-item-title\">Villa Rosenthal Jena<\/span><span class=\"rl-gallery-item-caption\">JenaKultur, jenaparadies<\/span><\/span><\/a> <\/div> <\/div> <\/div> <div class=\"rl-gallery-description\"><\/div> <\/div><\/code><\/p>\n","protected":false},"excerpt":{"rendered":"<p>Benjamin Engelhardt, Fachbereichsleiter Veranstaltungen, bei JenaKultur seit dem 1. Januar 2019 Sie sind jetzt seit 74 Tagen bei JenaKultur angestellt. Wie wurden Sie&hellip;<\/p>\n","protected":false},"author":22,"featured_media":400,"comment_status":"open","ping_status":"closed","sticky":false,"template":"","format":"standard","meta":{"footnotes":""},"categories":[1,9],"tags":[71,73,72],"class_list":["post-398","post","type-post","status-publish","format-standard","has-post-thumbnail","hentry","category-allgemein","category-jenakultur","tag-fachbereichsleiter-veranstaltungen","tag-mitarbeiter","tag-neu-bei-jenakultur"],"_links":{"self":[{"href":"https:\/\/blog.jena.de\/jenakultur\/wp-json\/wp\/v2\/posts\/398","targetHints":{"allow":["GET"]}}],"collection":[{"href":"https:\/\/blog.jena.de\/jenakultur\/wp-json\/wp\/v2\/posts"}],"about":[{"href":"https:\/\/blog.jena.de\/jenakultur\/wp-json\/wp\/v2\/types\/post"}],"author":[{"embeddable":true,"href":"https:\/\/blog.jena.de\/jenakultur\/wp-json\/wp\/v2\/users\/22"}],"replies":[{"embeddable":true,"href":"https:\/\/blog.jena.de\/jenakultur\/wp-json\/wp\/v2\/comments?post=398"}],"version-history":[{"count":20,"href":"https:\/\/blog.jena.de\/jenakultur\/wp-json\/wp\/v2\/posts\/398\/revisions"}],"predecessor-version":[{"id":438,"href":"https:\/\/blog.jena.de\/jenakultur\/wp-json\/wp\/v2\/posts\/398\/revisions\/438"}],"wp:featuredmedia":[{"embeddable":true,"href":"https:\/\/blog.jena.de\/jenakultur\/wp-json\/wp\/v2\/media\/400"}],"wp:attachment":[{"href":"https:\/\/blog.jena.de\/jenakultur\/wp-json\/wp\/v2\/media?parent=398"}],"wp:term":[{"taxonomy":"category","embeddable":true,"href":"https:\/\/blog.jena.de\/jenakultur\/wp-json\/wp\/v2\/categories?post=398"},{"taxonomy":"post_tag","embeddable":true,"href":"https:\/\/blog.jena.de\/jenakultur\/wp-json\/wp\/v2\/tags?post=398"}],"curies":[{"name":"wp","href":"https:\/\/api.w.org\/{rel}","templated":true}]}}